{"id":1314,"date":"2011-03-03T20:37:31","date_gmt":"2011-03-03T17:37:31","guid":{"rendered":"http:\/\/privacy.cyber-rights.org.tr\/?p=1314"},"modified":"2011-03-03T20:37:34","modified_gmt":"2011-03-03T17:37:34","slug":"radikal-internetteki-fotografinin-kaldirilmasini-isteyene-ahlaki-hatirlatma","status":"publish","type":"post","link":"https:\/\/privacy.cyber-rights.org.tr\/?p=1314","title":{"rendered":"Radikal: \u0130nternetteki foto\u011fraf\u0131n\u0131n kald\u0131r\u0131lmas\u0131n\u0131 isteyene &#8216;ahlaki&#8217; hat\u0131rlatma"},"content":{"rendered":"<p><a href=\"http:\/\/www.radikal.com.tr\/Radikal.aspx?aType=RadikalDetayV3&#038;ArticleID=1041746&#038;CategoryID=77\">\u0130nternetteki foto\u011fraf\u0131n\u0131n kald\u0131r\u0131lmas\u0131n\u0131 isteyene &#8216;ahlaki&#8217; hat\u0131rlatma \/ T\u00fcrkiye \/ Radikal \u0130nternet<\/a><\/p>\n<p>03\/03\/2011 10:44<\/p>\n<p>T\u0130B \u0130nternet Daire Ba\u015fkan\u0131 Osman Nihat \u015een&#8217;in, oyuncu Vildan Atasever&#8217;in ge\u00e7mi\u015fteki g\u00f6r\u00fcnt\u00fclerinin internetten temizlenmesi y\u00f6n\u00fcnde yapt\u0131\u011f\u0131 ba\u015fvuruyu an\u0131msatarak, bunun m\u00fcmk\u00fcn olup olmad\u0131\u011f\u0131n\u0131 soran gazeteciye verdi\u011fi yan\u0131t tart\u0131\u015fma yaratt\u0131.<\/p>\n<p>\u015een, g\u00f6r\u00fcnt\u00fclerin temizlenmesinin m\u00fcmk\u00fcn oldu\u011funu belirtirken, \u2018Ben kamuoyunun \u00f6n\u00fcnde, falan \u015fekilde resim \u00e7ektirmezsem ba\u015fkalar\u0131na verece\u011fim i\u00e7erikler nedeniyle sonradan ma\u011fdur olmam zorla\u015f\u0131r\u2019 diye konu\u015ftu. Antalya\u2019da bir gazetecinin, sanat\u00e7\u0131 Vildan Atasever\u2019in ge\u00e7mi\u015f y\u0131llarda \u00e7ekilmi\u015f foto\u011fraflar\u0131n\u0131n bin site ve arama motorlar\u0131ndan \u00e7\u0131kart\u0131lmas\u0131 y\u00f6n\u00fcndeki talebini hat\u0131rlatarak, \u2018\u0130nternetten temizlenebilir mi?\u2019 diye sormas\u0131 \u00fczerine \u015een, \u2018Temizlenebilir. Biz ondan \u00e7ok daha fazlas\u0131n\u0131 sildirdik. Arama motorundan bile \u00e7\u0131k\u0131yor\u2019 dedi. <\/p>\n<p>S\u00fcrecin \u00e7ok g\u00fczel i\u015fledi\u011fini dile getiren \u015een, \u2018Ki\u015fisel olarak siz o s\u00fcreci takip edebilirsiniz ama bunun daha do\u011frusu, daha sonradan y\u00fcz\u00fcn\u00fcz\u00fcn k\u0131zarmayaca\u011f\u0131 bir i\u00e7eri\u011fi internete koyma ya da y\u00fcz\u00fcn\u00fcz\u00fcn k\u0131zarmayaca\u011f\u0131 resmi \u00e7ektirme olarak bakarsan\u0131z, insanlar kendileri \u00f6nleyici tedbir alabilir. Ben k\u0131z arkada\u015f\u0131mla, e\u015fimle kamuoyunun \u00f6n\u00fcnde, falan \u015fekilde resim \u00e7ektirmezsem ya da durumu ona g\u00f6re ayarlarsam ba\u015fkalar\u0131na verece\u011fim bilgiler, i\u00e7erikler nedeniyle sonradan ma\u011fdur olmam zorla\u015f\u0131r. Kendi kendine \u00f6nleyici tedbir almam kolay olur\u2019 diye konu\u015ftu. (Milliyet)<\/p>\n","protected":false},"excerpt":{"rendered":"<p>\u0130nternetteki foto\u011fraf\u0131n\u0131n kald\u0131r\u0131lmas\u0131n\u0131 isteyene &#8216;ahlaki&#8217; hat\u0131rlatma \/ T\u00fcrkiye \/ Radikal \u0130nternet 03\/03\/2011 10:44 T\u0130B \u0130nternet Daire Ba\u015fkan\u0131 Osman Nihat \u015een&#8217;in, oyuncu Vildan Atasever&#8217;in ge\u00e7mi\u015fteki g\u00f6r\u00fcnt\u00fclerinin internetten temizlenmesi y\u00f6n\u00fcnde yapt\u0131\u011f\u0131 ba\u015fvuruyu an\u0131msatarak, bunun m\u00fcmk\u00fcn olup olmad\u0131\u011f\u0131n\u0131 soran gazeteciye verdi\u011fi yan\u0131t tart\u0131\u015fma yaratt\u0131. \u015een, g\u00f6r\u00fcnt\u00fclerin temizlenmesinin m\u00fcmk\u00fcn oldu\u011funu belirtirken, \u2018Ben kamuoyunun \u00f6n\u00fcnde, falan \u015fekilde resim \u00e7ektirmezsem ba\u015fkalar\u0131na verece\u011fim i\u00e7erikler nedeniyle sonradan ma\u011fdur&#8230;<\/p>\n","protected":false},"author":1,"featured_media":0,"comment_status":"open","ping_status":"closed","sticky":false,"template":"","format":"standard","meta":{"jetpack_post_was_ever_published":false,"_jetpack_newsletter_access":"","_jetpack_dont_email_post_to_subs":false,"_jetpack_newsletter_tier_id":0,"_jetpack_memberships_contains_paywalled_content":false,"_jetpack_memberships_contains_paid_content":false,"footnotes":"","jetpack_publicize_message":"","jetpack_publicize_feature_enabled":true,"jetpack_social_post_already_shared":false,"jetpack_social_options":{"image_generator_settings":{"template":"highway","default_image_id":0,"font":"","enabled":false},"version":2}},"categories":[140,10,17],"tags":[],"class_list":["post-1314","post","type-post","status-publish","format-standard","hentry","category-kisisel-haklar","category-mahremiyet","category-tib"],"jetpack_publicize_connections":[],"jetpack_featured_media_url":"","jetpack_sharing_enabled":true,"jetpack_shortlink":"https:\/\/wp.me\/p7wjA8-lc","jetpack-related-posts":[],"_links":{"self":[{"href":"https:\/\/privacy.cyber-rights.org.tr\/index.php?rest_route=\/wp\/v2\/posts\/1314","targetHints":{"allow":["GET"]}}],"collection":[{"href":"https:\/\/privacy.cyber-rights.org.tr\/index.php?rest_route=\/wp\/v2\/posts"}],"about":[{"href":"https:\/\/privacy.cyber-rights.org.tr\/index.php?rest_route=\/wp\/v2\/types\/post"}],"author":[{"embeddable":true,"href":"https:\/\/privacy.cyber-rights.org.tr\/index.php?rest_route=\/wp\/v2\/users\/1"}],"replies":[{"embeddable":true,"href":"https:\/\/privacy.cyber-rights.org.tr\/index.php?rest_route=%2Fwp%2Fv2%2Fcomments&post=1314"}],"version-history":[{"count":1,"href":"https:\/\/privacy.cyber-rights.org.tr\/index.php?rest_route=\/wp\/v2\/posts\/1314\/revisions"}],"predecessor-version":[{"id":1315,"href":"https:\/\/privacy.cyber-rights.org.tr\/index.php?rest_route=\/wp\/v2\/posts\/1314\/revisions\/1315"}],"wp:attachment":[{"href":"https:\/\/privacy.cyber-rights.org.tr\/index.php?rest_route=%2Fwp%2Fv2%2Fmedia&parent=1314"}],"wp:term":[{"taxonomy":"category","embeddable":true,"href":"https:\/\/privacy.cyber-rights.org.tr\/index.php?rest_route=%2Fwp%2Fv2%2Fcategories&post=1314"},{"taxonomy":"post_tag","embeddable":true,"href":"https:\/\/privacy.cyber-rights.org.tr\/index.php?rest_route=%2Fwp%2Fv2%2Ftags&post=1314"}],"curies":[{"name":"wp","href":"https:\/\/api.w.org\/{rel}","templated":true}]}}