{"id":1322,"date":"2011-03-04T13:01:19","date_gmt":"2011-03-04T10:01:19","guid":{"rendered":"http:\/\/privacy.cyber-rights.org.tr\/?p=1322"},"modified":"2011-03-04T13:01:21","modified_gmt":"2011-03-04T10:01:21","slug":"turktime-tib-baskani-yargilaniyor","status":"publish","type":"post","link":"https:\/\/privacy.cyber-rights.org.tr\/?p=1322","title":{"rendered":"Turktime: T\u0130B Ba\u015fkan\u0131 Yarg\u0131lan\u0131yor!"},"content":{"rendered":"<p><a href=\"http:\/\/www.turktime.com\/haber\/TIB-Baskani-Yargilaniyor\/128663\">T\u0130B Ba\u015fkan\u0131 Yarg\u0131lan\u0131yor! &#8211; Turktime<\/a><\/p>\n<p>Telekom\u00fcnikasyon \u0130leti\u015fim Ba\u015fkan\u0131 Fethi \u015eim\u015fek&#8217;in, CHP Genel Ba\u015fkan\u0131 Kemal K\u0131l\u0131\u00e7daro\u011flu&#8217;nun su\u00e7 duyurusunun ard\u0131ndan a\u00e7\u0131lan davada, &#8216;mahkeme karar\u0131n\u0131 yerine getirmemek suretiyle g\u00f6revi k\u00f6t\u00fcye kullanmak&#8217; &#8230;<br \/>\n2 Mart 2011 &#8211; 17:29 <\/p>\n<p>Ankara 20. Asliye Ceza Mahkemesindeki duru\u015fmaya san\u0131k Fethi \u015eim\u015fek ve avukat\u0131 ile K\u0131l\u0131\u00e7daro\u011flu&#8217;nun avukat\u0131 kat\u0131ld\u0131.<\/p>\n<p>\u015eim\u015fek, savunmas\u0131nda, su\u00e7lamalar\u0131 kabul etmedi. \u0130leti\u015fimin engellenmesi kararlar\u0131 oldu\u011funda \u00f6ncelikle, su\u00e7laman\u0131n katalog su\u00e7lardan olup olmad\u0131\u011f\u0131na bakt\u0131klar\u0131n\u0131, katalog su\u00e7larla ilgili verilen kararlar\u0131 uygulad\u0131klar\u0131n\u0131 anlatan \u015eim\u015fek, Ankara 19. Asliye Hukuk Mahkemesinin eri\u015fimin engellenmesi karar\u0131nda alan ad\u0131 ya da IP adresinin bulunmad\u0131\u011f\u0131n\u0131, bu sebeple eri\u015fimin engellenemedi\u011fini ifade etti. \u015eim\u015fek, \u015funlar\u0131 kaydetti:<\/p>\n<p>&#8221;Biz, Facebook.com&#8217;a eri\u015fimi tamamen engelleyebiliriz. Ama, Facebook i\u00e7indeki bir sayfaya eri\u015fimi engellememiz teknik olarak m\u00fcmk\u00fcn de\u011fil. Bug\u00fcn de benzer bir karar gelse, yine uygulayamay\u0131z. Bu olayda da g\u00f6revimiz olmamas\u0131na ra\u011fmen, hassas bir d\u00f6nemden ge\u00e7ildi\u011fini d\u00fc\u015f\u00fcnerek, Facebook yetkilileriyle temas kurduk ve bu i\u00e7eri\u011fin kald\u0131r\u0131lmas\u0131n\u0131 sa\u011flad\u0131k. Buna ili\u015fkin yaz\u0131\u015fmalar da mevcut.&#8221;<\/p>\n<p>\u015eim\u015fek&#8217;in avukat\u0131 da yaln\u0131zca Facebook&#8217;ta olu\u015fturulan dava konusu gruba eri\u015fimin engellenmesinin m\u00fcmk\u00fcn olmad\u0131\u011f\u0131n\u0131 kaydederek, &#8221;Bunun en g\u00fczel \u00f6rne\u011fi Youtube&#8217;dur. Atat\u00fcrk&#8217;e hakaret i\u00e7eren g\u00f6r\u00fcnt\u00fcler nedeniyle yaln\u0131zca bu g\u00f6r\u00fcnt\u00fclere de\u011fil, Youtube&#8217;a eri\u015fim yakla\u015f\u0131k 2 bu\u00e7uk y\u0131l boyunca engellendi&#8221; dedi.<\/p>\n<p>K\u0131l\u0131\u00e7daro\u011flu&#8217;nun avukat\u0131 Mutluhan Karag\u00f6zo\u011flu ise Ankara 19. Asliye Hukuk Mahkemesinin, m\u00fcvekkilinin isminin kullan\u0131ld\u0131\u011f\u0131 gruba, gruba m\u00fcmk\u00fcn olmad\u0131\u011f\u0131 takdirde ise Facebook&#8217;a eri\u015fimin engellenmesine karar verdi\u011fini ifade ederek, mahkemenin karar\u0131yla ilgili yerindelik de\u011ferlendirmesinin yap\u0131lamayaca\u011f\u0131n\u0131 s\u00f6yledi.<\/p>\n<p>Mahkeme, T\u00fcrk Telekom ile Facebook&#8217;un T\u00fcrkiye&#8217;deki temsilcisinden, Facebook&#8217;taki gruba eri\u015fimin engellenmesinin teknik olarak m\u00fcmk\u00fcn olup olmad\u0131\u011f\u0131n\u0131n sorulmas\u0131 ve di\u011fer eksiklerin giderilmesi i\u00e7in duru\u015fmay\u0131 erteledi.<\/p>\n<p>-DAVANIN GE\u00c7M\u0130\u015e\u0130-<\/p>\n<p>K\u0131l\u0131\u00e7daro\u011flu, son yerel se\u00e7imler \u00f6ncesinde, Facebook&#8217;ta ismiyle kurulan bir grupla ki\u015filik haklar\u0131na sald\u0131r\u0131da bulunuldu\u011fu gerek\u00e7esiyle gruba, m\u00fcmk\u00fcn de\u011filse siteye eri\u015fimin engellenmesi talebinde bulunmu\u015f, ba\u015fvuruyu yerinde bulan Ankara 19. Asliye Hukuk Mahkemesi ise eri\u015fimin engellenmesine karar vermi\u015fti.<\/p>\n<p>K\u0131l\u0131\u00e7daro\u011flu&#8217;nun avukatlar\u0131, mahkemenin bu karar\u0131n\u0131 uygulamad\u0131\u011f\u0131 iddias\u0131yla \u015eim\u015fek hakk\u0131nda su\u00e7 duyurusunda bulunmu\u015ftu. Ankara Cumhuriyet Ba\u015fsavc\u0131l\u0131\u011f\u0131, soru\u015fturmada &#8221;kovu\u015fturmaya yer olmad\u0131\u011f\u0131na&#8221; karar vermi\u015f, Sincan 1. A\u011f\u0131r Ceza Mahkemesi ise K\u0131l\u0131\u00e7daro\u011flu&#8217;nun avukatlar\u0131n\u0131n ba\u015fvurusu \u00fczerine Ankara Cumhuriyet Ba\u015fsavc\u0131l\u0131\u011f\u0131n\u0131n &#8221;takipsizlik&#8221; karar\u0131n\u0131 kald\u0131rm\u0131\u015ft\u0131.<\/p>\n<p>AA<\/p>\n","protected":false},"excerpt":{"rendered":"<p>T\u0130B Ba\u015fkan\u0131 Yarg\u0131lan\u0131yor! &#8211; Turktime Telekom\u00fcnikasyon \u0130leti\u015fim Ba\u015fkan\u0131 Fethi \u015eim\u015fek&#8217;in, CHP Genel Ba\u015fkan\u0131 Kemal K\u0131l\u0131\u00e7daro\u011flu&#8217;nun su\u00e7 duyurusunun ard\u0131ndan a\u00e7\u0131lan davada, &#8216;mahkeme karar\u0131n\u0131 yerine getirmemek suretiyle g\u00f6revi k\u00f6t\u00fcye kullanmak&#8217; &#8230; 2 Mart 2011 &#8211; 17:29 Ankara 20. Asliye Ceza Mahkemesindeki duru\u015fmaya san\u0131k Fethi \u015eim\u015fek ve avukat\u0131 ile K\u0131l\u0131\u00e7daro\u011flu&#8217;nun avukat\u0131 kat\u0131ld\u0131. \u015eim\u015fek, savunmas\u0131nda, su\u00e7lamalar\u0131 kabul etmedi. \u0130leti\u015fimin engellenmesi kararlar\u0131 oldu\u011funda \u00f6ncelikle, su\u00e7laman\u0131n&#8230;<\/p>\n","protected":false},"author":1,"featured_media":0,"comment_status":"open","ping_status":"closed","sticky":false,"template":"","format":"standard","meta":{"jetpack_post_was_ever_published":false,"_jetpack_newsletter_access":"","_jetpack_dont_email_post_to_subs":false,"_jetpack_newsletter_tier_id":0,"_jetpack_memberships_contains_paywalled_content":false,"_jetpack_memberships_contains_paid_content":false,"footnotes":"","jetpack_publicize_message":"","jetpack_publicize_feature_enabled":true,"jetpack_social_post_already_shared":false,"jetpack_social_options":{"image_generator_settings":{"template":"highway","default_image_id":0,"font":"","enabled":false},"version":2}},"categories":[22,153,21,28,156,140,17],"tags":[],"class_list":["post-1322","post","type-post","status-publish","format-standard","hentry","category-5651-nolu-kanun","category-9-madde","category-erisim-engelleme","category-hakaret","category-kilicdaroglu","category-kisisel-haklar","category-tib"],"jetpack_publicize_connections":[],"jetpack_featured_media_url":"","jetpack_sharing_enabled":true,"jetpack_shortlink":"https:\/\/wp.me\/p7wjA8-lk","jetpack-related-posts":[],"_links":{"self":[{"href":"https:\/\/privacy.cyber-rights.org.tr\/index.php?rest_route=\/wp\/v2\/posts\/1322","targetHints":{"allow":["GET"]}}],"collection":[{"href":"https:\/\/privacy.cyber-rights.org.tr\/index.php?rest_route=\/wp\/v2\/posts"}],"about":[{"href":"https:\/\/privacy.cyber-rights.org.tr\/index.php?rest_route=\/wp\/v2\/types\/post"}],"author":[{"embeddable":true,"href":"https:\/\/privacy.cyber-rights.org.tr\/index.php?rest_route=\/wp\/v2\/users\/1"}],"replies":[{"embeddable":true,"href":"https:\/\/privacy.cyber-rights.org.tr\/index.php?rest_route=%2Fwp%2Fv2%2Fcomments&post=1322"}],"version-history":[{"count":1,"href":"https:\/\/privacy.cyber-rights.org.tr\/index.php?rest_route=\/wp\/v2\/posts\/1322\/revisions"}],"predecessor-version":[{"id":1323,"href":"https:\/\/privacy.cyber-rights.org.tr\/index.php?rest_route=\/wp\/v2\/posts\/1322\/revisions\/1323"}],"wp:attachment":[{"href":"https:\/\/privacy.cyber-rights.org.tr\/index.php?rest_route=%2Fwp%2Fv2%2Fmedia&parent=1322"}],"wp:term":[{"taxonomy":"category","embeddable":true,"href":"https:\/\/privacy.cyber-rights.org.tr\/index.php?rest_route=%2Fwp%2Fv2%2Fcategories&post=1322"},{"taxonomy":"post_tag","embeddable":true,"href":"https:\/\/privacy.cyber-rights.org.tr\/index.php?rest_route=%2Fwp%2Fv2%2Ftags&post=1322"}],"curies":[{"name":"wp","href":"https:\/\/api.w.org\/{rel}","templated":true}]}}