{"id":1328,"date":"2011-03-05T21:02:55","date_gmt":"2011-03-05T18:02:55","guid":{"rendered":"http:\/\/privacy.cyber-rights.org.tr\/?p=1328"},"modified":"2011-03-05T21:02:59","modified_gmt":"2011-03-05T18:02:59","slug":"gulden-blogspot-aciklamasi","status":"publish","type":"post","link":"https:\/\/privacy.cyber-rights.org.tr\/?p=1328","title":{"rendered":"G\u00fcl&#8217;den Blogspot a\u00e7\u0131klamas\u0131"},"content":{"rendered":"<p><a href=\"http:\/\/www.kazete.com.tr\/haber_detay.php?hid=12328\">G\u00fcl&#8217;den Blogspot a\u00e7\u0131klamas\u0131<\/a>: &#8220;G\u00fcl&#8217;den Blogspot a\u00e7\u0131klamas\u0131<\/p>\n<p>Cumhurba\u015fkan\u0131 Abdullah G\u00fcl, Blogspot&#8217;un kapat\u0131lmas\u0131yla ilgili Twitter&#8217;dan a\u00e7\u0131klama yapt\u0131 05.03.2011<\/p>\n<p>Ge\u00e7ti\u011fimiz hafta yapt\u0131\u011f\u0131 M\u0131s\u0131r seyahati s\u0131ras\u0131nda ger\u00e7ekle\u015ftirilen halk devriminde sosyal medyan\u0131n g\u00fcc\u00fcyle bir kez daha y\u00fczla\u015fti\u011fini s\u00f6yleyen Abdullah G\u00fcl, Digit\u00fcrk&#8217;\u00fcn a\u00e7t\u0131\u011f\u0131 dava nedeniyle kapat\u0131lan Blogspot i\u00e7in giri\u015fimlerde bulunaca\u011f\u0131n\u0131 a\u00e7\u0131klad\u0131. \u0130\u015fte Abdullah G\u00fcl&#8217;\u00fcn Twitter&#8217;dan yapt\u0131\u011f\u0131 o a\u00e7\u0131klama:<\/p>\n<p>&#8216;Sizin de takip etti\u011finiz gibi gecen hafta Kahire\u2019ye kritik bir ziyaret ger\u00e7ekle\u015ftirdim.Bu ziyaretin siyasi \u00f6nemi bir yana, halk devriminin ate\u015fleyicisi gen\u00e7lerle yapt\u0131\u011f\u0131m toplant\u0131 \u00e7ok ilgin\u00e7 oldu.M\u0131s\u0131rl\u0131 gen\u00e7ler, sosyal medyan\u0131n g\u00fcc\u00fcn\u00fc o kadar etkin kullanm\u0131\u015flar ki, eski y\u00f6neticilerin tedbir almas\u0131na bile f\u0131rsat kalmam\u0131\u015f. \u00d6yle ki ben kendileri ile konu\u015furken bir taraftan hepsinin masa alt\u0131ndan parmaklar\u0131n\u0131n \u00e7al\u0131\u015ft\u0131\u011f\u0131n\u0131 g\u00f6rd\u00fcm.Hatta sonradan \u00f6\u011frendim ki, o\u011flum Ahmet de on binlerce km \u00f6teden, benim gen\u00e7lerle yapt\u0131\u011f\u0131m toplant\u0131y\u0131 sosyal medya kanal\u0131yla takip etmi\u015f. Bu olayla bir kez daha \u015fu kanaatim peki\u015fti:\u0130leti\u015fim teknolojilerinin eri\u015fti\u011fi bu g\u00fc\u00e7 kar\u015f\u0131s\u0131nda hi\u00e7bir kapal\u0131 rejimin uzun vadede ayakta kalmas\u0131 m\u00fcmk\u00fcn de\u011fil.Bloglar\u0131n kapat\u0131lmas\u0131yla ilgili de \u00e7ok mesaj al\u0131yorum. Anlad\u0131\u011f\u0131m kadar\u0131yla bu alandaki hukuk g\u00f6zden ge\u00e7irilmeli ve kurallar toplu cezaland\u0131rmalara f\u0131rsat vermeyecek \u015fekilde de\u011fi\u015ftirilmeli. Bu y\u00f6nde gereken giri\u015fimlerde de bulunaca\u011f\u0131m.&#8217;<\/p>\n","protected":false},"excerpt":{"rendered":"<p>G\u00fcl&#8217;den Blogspot a\u00e7\u0131klamas\u0131: &#8220;G\u00fcl&#8217;den Blogspot a\u00e7\u0131klamas\u0131 Cumhurba\u015fkan\u0131 Abdullah G\u00fcl, Blogspot&#8217;un kapat\u0131lmas\u0131yla ilgili Twitter&#8217;dan a\u00e7\u0131klama yapt\u0131 05.03.2011 Ge\u00e7ti\u011fimiz hafta yapt\u0131\u011f\u0131 M\u0131s\u0131r seyahati s\u0131ras\u0131nda ger\u00e7ekle\u015ftirilen halk devriminde sosyal medyan\u0131n g\u00fcc\u00fcyle bir kez daha y\u00fczla\u015fti\u011fini s\u00f6yleyen Abdullah G\u00fcl, Digit\u00fcrk&#8217;\u00fcn a\u00e7t\u0131\u011f\u0131 dava nedeniyle kapat\u0131lan Blogspot i\u00e7in giri\u015fimlerde bulunaca\u011f\u0131n\u0131 a\u00e7\u0131klad\u0131. \u0130\u015fte Abdullah G\u00fcl&#8217;\u00fcn Twitter&#8217;dan yapt\u0131\u011f\u0131 o a\u00e7\u0131klama: &#8216;Sizin de takip etti\u011finiz gibi gecen hafta Kahire\u2019ye&#8230;<\/p>\n","protected":false},"author":1,"featured_media":0,"comment_status":"open","ping_status":"closed","sticky":false,"template":"","format":"standard","meta":{"jetpack_post_was_ever_published":false,"_jetpack_newsletter_access":"","_jetpack_dont_email_post_to_subs":false,"_jetpack_newsletter_tier_id":0,"_jetpack_memberships_contains_paywalled_content":false,"_jetpack_memberships_contains_paid_content":false,"footnotes":"","jetpack_publicize_message":"","jetpack_publicize_feature_enabled":true,"jetpack_social_post_already_shared":false,"jetpack_social_options":{"image_generator_settings":{"template":"highway","default_image_id":0,"font":"","enabled":false},"version":2}},"categories":[164,40,21,36,8,3,35,67],"tags":[],"class_list":["post-1328","post","type-post","status-publish","format-standard","hentry","category-blogspot","category-digiturk","category-erisim-engelleme","category-fikri-haklar","category-google","category-sansur","category-telif-haklari","category-turkiye"],"jetpack_publicize_connections":[],"jetpack_featured_media_url":"","jetpack_sharing_enabled":true,"jetpack_shortlink":"https:\/\/wp.me\/p7wjA8-lq","jetpack-related-posts":[],"_links":{"self":[{"href":"https:\/\/privacy.cyber-rights.org.tr\/index.php?rest_route=\/wp\/v2\/posts\/1328","targetHints":{"allow":["GET"]}}],"collection":[{"href":"https:\/\/privacy.cyber-rights.org.tr\/index.php?rest_route=\/wp\/v2\/posts"}],"about":[{"href":"https:\/\/privacy.cyber-rights.org.tr\/index.php?rest_route=\/wp\/v2\/types\/post"}],"author":[{"embeddable":true,"href":"https:\/\/privacy.cyber-rights.org.tr\/index.php?rest_route=\/wp\/v2\/users\/1"}],"replies":[{"embeddable":true,"href":"https:\/\/privacy.cyber-rights.org.tr\/index.php?rest_route=%2Fwp%2Fv2%2Fcomments&post=1328"}],"version-history":[{"count":1,"href":"https:\/\/privacy.cyber-rights.org.tr\/index.php?rest_route=\/wp\/v2\/posts\/1328\/revisions"}],"predecessor-version":[{"id":1329,"href":"https:\/\/privacy.cyber-rights.org.tr\/index.php?rest_route=\/wp\/v2\/posts\/1328\/revisions\/1329"}],"wp:attachment":[{"href":"https:\/\/privacy.cyber-rights.org.tr\/index.php?rest_route=%2Fwp%2Fv2%2Fmedia&parent=1328"}],"wp:term":[{"taxonomy":"category","embeddable":true,"href":"https:\/\/privacy.cyber-rights.org.tr\/index.php?rest_route=%2Fwp%2Fv2%2Fcategories&post=1328"},{"taxonomy":"post_tag","embeddable":true,"href":"https:\/\/privacy.cyber-rights.org.tr\/index.php?rest_route=%2Fwp%2Fv2%2Ftags&post=1328"}],"curies":[{"name":"wp","href":"https:\/\/api.w.org\/{rel}","templated":true}]}}