{"id":1332,"date":"2011-03-06T01:34:57","date_gmt":"2011-03-05T22:34:57","guid":{"rendered":"http:\/\/privacy.cyber-rights.org.tr\/?p=1332"},"modified":"2011-03-07T12:29:23","modified_gmt":"2011-03-07T09:29:23","slug":"blogspot-erisim-engelleme-kararina-karsi-ilk-itiraz-yapildi","status":"publish","type":"post","link":"https:\/\/privacy.cyber-rights.org.tr\/?p=1332","title":{"rendered":"Blogspot eri\u015fim engelleme karar\u0131na kar\u015f\u0131 ilk itiraz yap\u0131ld\u0131!"},"content":{"rendered":"<p>04.03.2011<\/p>\n<p>Cyber-Rights.Org.TR&#8217;nin katk\u0131lar\u0131yla 04 Mart 2011 Cuma g\u00fcn\u00fc travelmind-idilka.blogspot.com adl\u0131 Eyl\u00fcl 2010&#8217;dan beri gezi i\u00e7erikli yay\u0131n yapan blog sahibi \u0130dil Elveri\u015f ad\u0131na Diyarbak\u0131r 5. Asliye Ceza Mahkemesi&#8217;nin karar\u0131na itiraz edildi. <\/p>\n<div style=\"text-align:center;\"><img data-recalc-dims=\"1\" loading=\"lazy\" decoding=\"async\" src=\"https:\/\/i0.wp.com\/cyberlaw.org.uk\/wp-content\/uploads\/2011\/03\/taraf_ie.jpg?resize=500%2C400\" alt=\"taraf_ie.jpg\" border=\"0\" width=\"500\" height=\"400\" \/><\/div>\n<p>Hem 5. Asliye Ceza Mahkemesi&#8217;ne hem de soru\u015fturmay\u0131 y\u00fcr\u00fcten Diyarbak\u0131r Cumhuriyet Ba\u015fsavc\u0131l\u0131\u011f\u0131&#8217;na verieln dilek\u00e7ede 14.01.2011 tarih ve 2011\/56 De\u011fi\u015fik \u0130\u015f say\u0131l\u0131 Blogspot.com web sitesine uygulanmakta olan koruma tedbir ama\u00e7l\u0131 eri\u015fim engelleme karar\u0131n\u0131n iptali ve kald\u0131r\u0131lmas\u0131 talep edildi. <\/p>\n<p>Dilek\u00e7ede &#8220;eri\u015fim engelleme karar\u0131 i\u015fbu itiraz sahibi dahil olmak \u00fczere binlerce T\u00fcrk kullan\u0131c\u0131n\u0131n eri\u015fim, bilgi edinme ve bilgi payla\u015fma haklar\u0131n\u0131 da ihl\u00e2l etmi\u015ftir&#8221; denildi ve karar y\u00fczbinlerce bilgi ve belgeyi ula\u015f\u0131lmaz k\u0131larak m\u00fcvekkilin bilgi alma ve ifade \u00f6zg\u00fcrl\u00fcklerinin \u00f6z\u00fcne dokunan, orant\u0131s\u0131z bir m\u00fcdahale niteli\u011fi ta\u015f\u0131maktad\u0131r ifadeleri kullan\u0131ld\u0131.<\/p>\n<p>&#8220;Diyarbak\u0131r 5. Asliye Ceza Mahkemesi\u2019nin karar\u0131 yaln\u0131zca hukuka ayk\u0131r\u0131 say\u0131lan i\u00e7eri\u011fe eri\u015fimi engellemekle kalmam\u0131\u015f, web sitesi alan\u0131n\u0131n k\u0131s\u0131tlanmas\u0131 yoluyla Blogspot.com sitesi \u00fczerinden yasalara m\u00fckemmelen uygun ve eri\u015fiminde kamu yarar\u0131 olan y\u00fczbinlerce web ve blog sayfas\u0131na da eri\u015fimi engellemi\u015ftir&#8221; denildi.<\/p>\n<p>Dilek\u00e7ede ayr\u0131ca alternatif ve isleyen bir uyar ve kald\u0131r mekanizmas\u0131n\u0131n mevcut oldu\u011fu ve mahkeme karar\u0131n\u0131n \u00e7ok ciddi yan etkileri oldu\u011fu da belirtilirken Digit\u00fcrk\u2019\u00fcn sadece 2011 \u015eubat ay\u0131 i\u00e7inde 50\u2019den fazla uyar kald\u0131r mektubunu Google\u2019a g\u00f6ndermi\u015f oldu\u011fu ve telif haklar\u0131n\u0131 ihlal gerek\u00e7esi ile 100\u2019den fazla blogun Google taraf\u0131ndan Blogspot platformundan kald\u0131r\u0131ld\u0131\u011f\u0131 belirtildi.<\/p>\n<p>Cyber-Rights.Org.TR (<a href=\"http:\/\/privacy.cyber-rights.org.tr\/\">http:\/\/privacy.cyber-rights.org.tr\/<\/a>) bu itiraz ve dava ile ilgili geli\u015fmeleri gelecek hafta i\u00e7inde kamuoyu ile payla\u015fmaya devam edecek. Cyber-Rights.Org.TR Bloguma Dokunma Kampanyas\u0131&#8217;n\u0131 da (<a href=\"http:\/\/www.blogumadokunma.com\/\">http:\/\/www.blogumadokunma.com\/<\/a>) destekleme karar\u0131 alm\u0131\u015ft\u0131r.<\/p>\n","protected":false},"excerpt":{"rendered":"<p>04.03.2011 Cyber-Rights.Org.TR&#8217;nin katk\u0131lar\u0131yla 04 Mart 2011 Cuma g\u00fcn\u00fc travelmind-idilka.blogspot.com adl\u0131 Eyl\u00fcl 2010&#8217;dan beri gezi i\u00e7erikli yay\u0131n yapan blog sahibi \u0130dil Elveri\u015f ad\u0131na Diyarbak\u0131r 5. Asliye Ceza Mahkemesi&#8217;nin karar\u0131na itiraz edildi. Hem 5. Asliye Ceza Mahkemesi&#8217;ne hem de soru\u015fturmay\u0131 y\u00fcr\u00fcten Diyarbak\u0131r Cumhuriyet Ba\u015fsavc\u0131l\u0131\u011f\u0131&#8217;na verieln dilek\u00e7ede 14.01.2011 tarih ve 2011\/56 De\u011fi\u015fik \u0130\u015f say\u0131l\u0131 Blogspot.com web sitesine uygulanmakta olan koruma tedbir ama\u00e7l\u0131 eri\u015fim&#8230;<\/p>\n","protected":false},"author":1,"featured_media":0,"comment_status":"open","ping_status":"closed","sticky":false,"template":"","format":"standard","meta":{"jetpack_post_was_ever_published":false,"_jetpack_newsletter_access":"","_jetpack_dont_email_post_to_subs":false,"_jetpack_newsletter_tier_id":0,"_jetpack_memberships_contains_paywalled_content":false,"_jetpack_memberships_contains_paid_content":false,"footnotes":"","jetpack_publicize_message":"","jetpack_publicize_feature_enabled":true,"jetpack_social_post_already_shared":false,"jetpack_social_options":{"image_generator_settings":{"template":"highway","default_image_id":0,"font":"","enabled":false},"version":2}},"categories":[164,40,21,8,3,35,67],"tags":[],"class_list":["post-1332","post","type-post","status-publish","format-standard","hentry","category-blogspot","category-digiturk","category-erisim-engelleme","category-google","category-sansur","category-telif-haklari","category-turkiye"],"jetpack_publicize_connections":[],"jetpack_featured_media_url":"","jetpack_sharing_enabled":true,"jetpack_shortlink":"https:\/\/wp.me\/p7wjA8-lu","jetpack-related-posts":[],"_links":{"self":[{"href":"https:\/\/privacy.cyber-rights.org.tr\/index.php?rest_route=\/wp\/v2\/posts\/1332","targetHints":{"allow":["GET"]}}],"collection":[{"href":"https:\/\/privacy.cyber-rights.org.tr\/index.php?rest_route=\/wp\/v2\/posts"}],"about":[{"href":"https:\/\/privacy.cyber-rights.org.tr\/index.php?rest_route=\/wp\/v2\/types\/post"}],"author":[{"embeddable":true,"href":"https:\/\/privacy.cyber-rights.org.tr\/index.php?rest_route=\/wp\/v2\/users\/1"}],"replies":[{"embeddable":true,"href":"https:\/\/privacy.cyber-rights.org.tr\/index.php?rest_route=%2Fwp%2Fv2%2Fcomments&post=1332"}],"version-history":[{"count":3,"href":"https:\/\/privacy.cyber-rights.org.tr\/index.php?rest_route=\/wp\/v2\/posts\/1332\/revisions"}],"predecessor-version":[{"id":1335,"href":"https:\/\/privacy.cyber-rights.org.tr\/index.php?rest_route=\/wp\/v2\/posts\/1332\/revisions\/1335"}],"wp:attachment":[{"href":"https:\/\/privacy.cyber-rights.org.tr\/index.php?rest_route=%2Fwp%2Fv2%2Fmedia&parent=1332"}],"wp:term":[{"taxonomy":"category","embeddable":true,"href":"https:\/\/privacy.cyber-rights.org.tr\/index.php?rest_route=%2Fwp%2Fv2%2Fcategories&post=1332"},{"taxonomy":"post_tag","embeddable":true,"href":"https:\/\/privacy.cyber-rights.org.tr\/index.php?rest_route=%2Fwp%2Fv2%2Ftags&post=1332"}],"curies":[{"name":"wp","href":"https:\/\/api.w.org\/{rel}","templated":true}]}}