{"id":1342,"date":"2011-03-09T21:42:56","date_gmt":"2011-03-09T18:42:56","guid":{"rendered":"http:\/\/privacy.cyber-rights.org.tr\/?p=1342"},"modified":"2011-03-09T21:42:58","modified_gmt":"2011-03-09T18:42:58","slug":"bianet-aihm-internet-sansurunde-turkiyeyi-sorguya-aldi","status":"publish","type":"post","link":"https:\/\/privacy.cyber-rights.org.tr\/?p=1342","title":{"rendered":"Bianet: A\u0130HM, \u0130nternet Sans\u00fcr\u00fc&#8217;nde T\u00fcrkiye&#8217;yi Sorguya Ald\u0131"},"content":{"rendered":"<p><a href=\"http:\/\/www.bianet.org\/bianet\/ifade-ozgurlugu\/128450-aihm-internet-sansurunde-turkiyeyi-sorguya-aldi\">Bianet: A\u0130HM, \u0130nternet Sans\u00fcr\u00fc&#8217;nde T\u00fcrkiye&#8217;yi Sorguya Ald\u0131<\/a><\/p>\n<p>Avrupa \u0130nsan Haklar\u0131 Mahkemesi, Haziran 2009&#8217;da sans\u00fcrlenen iki siteyle ilgili ba\u015fvurular\u0131 incelemeye alarak, T\u00fcrkiye&#8217;ye yan\u0131t vermesi i\u00e7in 9 Haziran&#8217;a kadar s\u00fcre tan\u0131d\u0131. Cyber-Rights.Org.TR, isteyen kurumlar\u0131n 24 Nisan&#8217;a kadar ba\u015fvurulara m\u00fcdahil olabileceklerini duyurdu.<\/p>\n<p>\u0130stanbul &#8211; B\u0130A Haber Merkezi<br \/>\n09 Mart 2011, \u00c7ar\u015famba<\/p>\n<p>Avrupa \u0130nsan Haklar\u0131 Mahkemesi (A\u0130HM) Ahmet Y\u0131ld\u0131r\u0131m ve Yaman Akdeniz&#8217;in internet sans\u00fcr\u00fcne kar\u015f\u0131 yapt\u0131klar\u0131 ba\u015fvuruyu incelemeye ald\u0131; T\u00fcrkiye&#8217;ye yan\u0131t vermesi i\u00e7in 9 Haziran&#8217;a kadar s\u00fcre tan\u0131nd\u0131.<\/p>\n<p>Cyber-Rights.Org.TR sitesinin \u00f6nceki g\u00fcn (7 Mart) yapt\u0131\u011f\u0131 yaz\u0131l\u0131 a\u00e7\u0131klamaya g\u00f6re, Denizli 2. Sulh Ceza Mahkemesinin 23.06.2009 tarih 2009\/377 say\u0131l\u0131 karar\u0131yla engellenen Google Sites ve Beyo\u011flu Cumhuriyet Ba\u015fsavc\u0131l\u0131\u011f\u0131n\u0131n 26.06.2009 tarih 2009\/45 say\u0131l\u0131 karar\u0131yla engellenen Last.Fm siteleri ile ilgili ba\u015fvuru dosyalar\u0131n\u0131n 31 Ocak&#8217;taki A\u0130HM karar\u0131yla birle\u015ftirildi\u011fini belirtti.<\/p>\n<p>A\u0130HM, 16 \u015eubat tarihinde de iki ba\u015fvurunun \u00f6zetini ve T\u00fcrkiye&#8217;ye y\u00f6nlerdirdi\u011fi sorular\u0131 sitesinde yay\u0131nlad\u0131.<\/p>\n<p>Mahkeme, T\u00fcrkiye&#8217;ye bu sorulara yan\u0131t vermesi i\u00e7in 9 Haziran tarihine kadar s\u00fcre tan\u0131rken, Cyber-Rights.Org.TR sitesi de ba\u015fvurulara m\u00fcdahil olma iste\u011fi bulunan sivil toplum \u00f6rg\u00fctlerin g\u00f6r\u00fc\u015flerini 24 Nisan tarihine kadar A\u0130HM&#8217;e g\u00f6ndermesi gerekti\u011fini belirtti.<br \/>\nAkdeniz: Karar, t\u00fcm AK \u00fcyesi \u00fclkeler a\u00e7\u0131s\u0131ndan da \u00f6nemli<\/p>\n<p>Konuyla ilgili site ad\u0131na konu\u015fan Do\u00e7. Dr. Yaman Akdeniz \u015funlar\u0131 s\u00f6yledi:<\/p>\n<p>&#8216;Bir \u00e7ok kez D\u0131\u015fi\u015fleri Bakan\u0131 Ahmet Davuto\u011flu taraf\u0131ndan &#8216;fikir \u00f6zg\u00fcrl\u00fc\u011f\u00fc s\u00f6z konusu olan (Avrupa \u0130nsan Haklar\u0131 Mahkemesi&#8217;ndeki) davalarda savunma yapmama karar\u0131&#8217; al\u0131nd\u0131\u011f\u0131n\u0131n alt\u0131 \u00e7izilirken, bu politik karar\u0131n s\u00f6z konusu A\u0130HM ba\u015fvurusuyla ilgili uygulan\u0131p uygulanmayaca\u011f\u0131n\u0131 ancak Haziran 2011 i\u00e7inde g\u00f6rece\u011fiz.<\/p>\n<p>&#8216;Strasbourg Mahkemesi \u0130nternet sans\u00fcrleri ile ilgili incelemeye ald\u0131; bu iki ba\u015fvuru sadece T\u00fcrkiye a\u00e7\u0131s\u0131ndan de\u011fil, ayn\u0131 zamanda Avrupa Konseyi&#8217;ne \u00fcye b\u00fct\u00fcn \u00fclkeler a\u00e7\u0131s\u0131ndan \u00f6nem ta\u015f\u0131yor.'(E\u00c7)<\/p>\n","protected":false},"excerpt":{"rendered":"<p>Bianet: A\u0130HM, \u0130nternet Sans\u00fcr\u00fc&#8217;nde T\u00fcrkiye&#8217;yi Sorguya Ald\u0131 Avrupa \u0130nsan Haklar\u0131 Mahkemesi, Haziran 2009&#8217;da sans\u00fcrlenen iki siteyle ilgili ba\u015fvurular\u0131 incelemeye alarak, T\u00fcrkiye&#8217;ye yan\u0131t vermesi i\u00e7in 9 Haziran&#8217;a kadar s\u00fcre tan\u0131d\u0131. Cyber-Rights.Org.TR, isteyen kurumlar\u0131n 24 Nisan&#8217;a kadar ba\u015fvurulara m\u00fcdahil olabileceklerini duyurdu. \u0130stanbul &#8211; B\u0130A Haber Merkezi 09 Mart 2011, \u00c7ar\u015famba Avrupa \u0130nsan Haklar\u0131 Mahkemesi (A\u0130HM) Ahmet Y\u0131ld\u0131r\u0131m ve Yaman Akdeniz&#8217;in internet sans\u00fcr\u00fcne&#8230;<\/p>\n","protected":false},"author":1,"featured_media":0,"comment_status":"open","ping_status":"closed","sticky":false,"template":"","format":"standard","meta":{"jetpack_post_was_ever_published":false,"_jetpack_newsletter_access":"","_jetpack_dont_email_post_to_subs":false,"_jetpack_newsletter_tier_id":0,"_jetpack_memberships_contains_paywalled_content":false,"_jetpack_memberships_contains_paid_content":false,"footnotes":"","jetpack_publicize_message":"","jetpack_publicize_feature_enabled":true,"jetpack_social_post_already_shared":false,"jetpack_social_options":{"image_generator_settings":{"template":"highway","default_image_id":0,"font":"","enabled":false},"version":2}},"categories":[22,115,5,21,89,96,3,35,67,78],"tags":[],"class_list":["post-1342","post","type-post","status-publish","format-standard","hentry","category-5651-nolu-kanun","category-aihm","category-dusunce-ozgurlugu","category-erisim-engelleme","category-google-sites","category-last-fm","category-sansur","category-telif-haklari","category-turkiye","category-yaman-akdeniz"],"jetpack_publicize_connections":[],"jetpack_featured_media_url":"","jetpack_sharing_enabled":true,"jetpack_shortlink":"https:\/\/wp.me\/p7wjA8-lE","jetpack-related-posts":[],"_links":{"self":[{"href":"https:\/\/privacy.cyber-rights.org.tr\/index.php?rest_route=\/wp\/v2\/posts\/1342","targetHints":{"allow":["GET"]}}],"collection":[{"href":"https:\/\/privacy.cyber-rights.org.tr\/index.php?rest_route=\/wp\/v2\/posts"}],"about":[{"href":"https:\/\/privacy.cyber-rights.org.tr\/index.php?rest_route=\/wp\/v2\/types\/post"}],"author":[{"embeddable":true,"href":"https:\/\/privacy.cyber-rights.org.tr\/index.php?rest_route=\/wp\/v2\/users\/1"}],"replies":[{"embeddable":true,"href":"https:\/\/privacy.cyber-rights.org.tr\/index.php?rest_route=%2Fwp%2Fv2%2Fcomments&post=1342"}],"version-history":[{"count":1,"href":"https:\/\/privacy.cyber-rights.org.tr\/index.php?rest_route=\/wp\/v2\/posts\/1342\/revisions"}],"predecessor-version":[{"id":1343,"href":"https:\/\/privacy.cyber-rights.org.tr\/index.php?rest_route=\/wp\/v2\/posts\/1342\/revisions\/1343"}],"wp:attachment":[{"href":"https:\/\/privacy.cyber-rights.org.tr\/index.php?rest_route=%2Fwp%2Fv2%2Fmedia&parent=1342"}],"wp:term":[{"taxonomy":"category","embeddable":true,"href":"https:\/\/privacy.cyber-rights.org.tr\/index.php?rest_route=%2Fwp%2Fv2%2Fcategories&post=1342"},{"taxonomy":"post_tag","embeddable":true,"href":"https:\/\/privacy.cyber-rights.org.tr\/index.php?rest_route=%2Fwp%2Fv2%2Ftags&post=1342"}],"curies":[{"name":"wp","href":"https:\/\/api.w.org\/{rel}","templated":true}]}}