{"id":1344,"date":"2011-03-09T21:56:19","date_gmt":"2011-03-09T18:56:19","guid":{"rendered":"http:\/\/privacy.cyber-rights.org.tr\/?p=1344"},"modified":"2011-03-09T21:56:22","modified_gmt":"2011-03-09T18:56:22","slug":"timeturk-aihm-internet-sansuru-kararlarini-inceliyor","status":"publish","type":"post","link":"https:\/\/privacy.cyber-rights.org.tr\/?p=1344","title":{"rendered":"TimeTurk: A\u0130HM internet sans\u00fcr\u00fc kararlar\u0131n\u0131 inceliyor"},"content":{"rendered":"<p><a href=\"http:\/\/www.timeturk.com\/tr\/2011\/03\/09\/aihm-internet-sansuru-kararlarini-inceliyor.html\">A\u0130HM internet sans\u00fcr\u00fc kararlar\u0131n\u0131 inceliyor<\/a><\/p>\n<p>A\u0130HM, T\u00fcrkiye&#8217;den internet sans\u00fcr\u00fc nedeniyle yap\u0131lan iki ba\u015fvuruyu kabul etti. Mahkemeden olumlu karar \u00e7\u0131kmas\u0131 durumunda, eri\u015fimi engellenen 10 bine yak\u0131n internet sitesi bak\u0131m\u0131ndan emsal olacak. Ayr\u0131ca blogspot.com&#8217;un kapat\u0131lmas\u0131 \u00fczerine su\u00e7 duyurular\u0131 da yap\u0131l\u0131yor.<\/p>\n<p>09 Mart 2011 \u00c7ar\u015famba &#8211; 16:58<\/p>\n<p>Avrupa \u0130nsan Haklar\u0131 Mahkemesi, Ahmet Y\u0131ld\u0131r\u0131m taraf\u0131ndan, Alternatif Bili\u015fim Derne\u011fi arac\u0131l\u0131\u011f\u0131yla Google Sites&#8217;in kapat\u0131lmas\u0131 ve Yaman Akdeniz taraf\u0131ndan last.fm&#8217;in engellenmesi ile ilgili ba\u015fvuruyu (No. 20877\/10) incelemeye ald\u0131. Bu ba\u015fvurular Avrupa \u0130nsan haklar\u0131 S\u00f6zle\u015fmesi\u2019nin 10. Maddesinin ihlali iddias\u0131 ile Strasbourg\u2019a ge\u00e7ti\u011fimiz sene i\u00e7inde i\u00e7 hukuk yollar\u0131 tamamen t\u00fcketildikten sonra ta\u015f\u0131nm\u0131\u015ft\u0131.<\/p>\n<p>Avrupa \u0130nsan Haklar\u0131 Mahkemesi 31 Ocak 2011 tarihinde taraf \u00fclke T\u00fcrkiye\u2019ye bu iki ba\u015fvuruyu birle\u015ftirerek incelemeye ald\u0131\u011f\u0131n\u0131 bildirdi. 16 \u015eubat 2011 tarihinde de iki ba\u015fvurunun \u00f6zetini ve h\u00fck\u00fcmete y\u00f6nlendirilen sorular\u0131 mahkemenin web sitesinden yay\u0131nlad\u0131. Avrupa \u0130nsan Haklar\u0131 Mahkemesi h\u00fck\u00fcmete bu ba\u015fvurularla ilgili cevap vermek i\u00e7in 9 Haziran 2011 tarihine kadar s\u00fcre tan\u0131d\u0131. Kitle \u00f6rg\u00fctlerinin de m\u00fcdahil olma s\u00fcreci ba\u015flad\u0131. Bu ba\u015fvurularla ilgili g\u00f6r\u00fc\u015fler 24 Nisan 2011 tarihine kadar Avrupa \u0130nsan Haklar\u0131 Mahkemesi\u2019ne g\u00f6nderilmesi gerekiyor.<\/p>\n<p>AV. KAYMAK: EMSAL TE\u015eK\u0130L EDEB\u0130L\u0130R<\/p>\n<p>Alternatif Bili\u015fim Derne\u011fi Hukuk Dan\u0131\u015fman\u0131 Ay\u015fe Kaymak karar\u0131n, internete y\u00f6nelik sans\u00fcr\u00fcn ve eri\u015fim engelleme kararlar\u0131n\u0131n artt\u0131\u011f\u0131 bir d\u00f6nemde emsal olacak nitelikte oldu\u011funu vurgulad\u0131.<\/p>\n<p>Kaymak, ba\u015fvuruda Google Sites kullan\u0131c\u0131s\u0131 Ahmet Y\u0131ld\u0131r\u0131m\u2019\u0131n bir ilgisi bulunmamas\u0131na ra\u011fmen; e\u011fitim ve ileti\u015fim hakk\u0131 ba\u015fta olmak \u00fczere her t\u00fcrl\u00fc g\u00f6r\u00fc\u015f ve d\u00fc\u015f\u00fcncenin \u00f6zg\u00fcrce ifade edilebilmesi, haber alma-yayma, bilgi edinme hak ve \u00f6zg\u00fcrl\u00fc\u011f\u00fc gibi haklar\u0131n\u0131 kullanmas\u0131 ihlal edildi\u011fine dikkat \u00e7ektiklerini belirtti. Ay\u015fe Kaymak, \u2018Yapt\u0131\u011f\u0131m\u0131z b\u00fct\u00fcn itirazlar sonu\u00e7suz kald\u0131\u011f\u0131 i\u00e7in bu durumu A\u0130HM\u2019e ta\u015f\u0131m\u0131\u015f bulunmaktay\u0131z. \u0130\u00e7 hukuk olarak tan\u0131mlad\u0131\u011f\u0131m\u0131z t\u00fcm ulusal mevzuatta bu ihlallere y\u00f6nelik etkili bir ba\u015fvuru yolu bulunmad\u0131\u011f\u0131 i\u00e7in A\u0130HM\u2019nin verece\u011fi karar olduk\u00e7a \u00f6nemli. Bu nedenle internete y\u00f6nelik sans\u00fcre kar\u015f\u0131 hukuki yollar\u0131n a\u00e7\u0131lmas\u0131 bakam\u0131ndan bu t\u00fcr dava ve ba\u015fvurular\u0131 takip etmek ve yayg\u0131nla\u015ft\u0131rmak gerekir\u2019 \u015feklinde konu\u015ftu.<\/p>\n<p>ER\u0130\u015e\u0130M ENGELLER\u0130 TOPTAN CEZALANDIRMA<\/p>\n<p>Av. Kaymak, yasaklamalar\u0131n a\u011f\u0131r sonu\u00e7lar\u0131na dikkat \u00e7ekti, \u2018\u00c7\u00fcnk\u00fc, bug\u00fcn eri\u015fim engelleme kararlar\u0131 sadece hukuka ayk\u0131r\u0131 i\u00e7eri\u011fe y\u00f6nelik uygulanmamakta; di\u011fer b\u00fct\u00fcn kullan\u0131c\u0131lar\u0131n anayasada ve A\u0130HS\u2019de tan\u0131mlanm\u0131\u015f temel hak ve \u00f6zg\u00fcrl\u00fckleri ihlal edilmekte. Bu kararlar; Avrupa \u0130nsan Haklar\u0131 S\u00f6zle\u015fmesi&#8217;nin 10. maddesi ile g\u00fcvence alt\u0131na al\u0131nm\u0131\u015f bulunan, haber alma, yayma, bilgi edinme ve ifade \u00f6zg\u00fcrl\u00fc\u011f\u00fcn\u00fc kullanma hakk\u0131n\u0131 ortadan kald\u0131ran uygulamalara neden olmakta ve bu nedenle de a\u011f\u0131r sonu\u00e7lar do\u011furmaktad\u0131r\u2019 dedi.<\/p>\n<p>Cyber-Rights.Org.TR ad\u0131na konu\u015fan Do\u00e7. Dr. Yaman Akdeniz ise \u2018Bir \u00e7ok kez D\u0131\u015fi\u015fleri Bakan\u0131 Ahmet Davuto\u011flu taraf\u0131ndan &#8216;fikir \u00f6zg\u00fcrl\u00fc\u011f\u00fc s\u00f6z konusu olan (Avrupa \u0130nsan Haklar\u0131 Mahkemesi\u2019ndeki) davalarda savunma yapmama karar\u0131\u2019 al\u0131nd\u0131\u011f\u0131n\u0131n alt\u0131 \u00e7izilirken, bu politik karar\u0131n s\u00f6z konusu A\u0130HM ba\u015fvurusuyla ilgili uygulan\u0131p uygulanmayaca\u011f\u0131n\u0131 ancak Haziran 2011 i\u00e7inde g\u00f6rece\u011fiz\u2019 dedi. Ayr\u0131ca Akdeniz, Strasbourg Mahkemesi\u2019nin \u0130nternet sans\u00fcrleri ile ilgili incelemeye ald\u0131\u011f\u0131 bu iki ba\u015fvurunun sadece T\u00fcrkiye a\u00e7\u0131s\u0131ndan de\u011fil ayn\u0131 zamanda Avrupa Konseyi\u2019ne \u00fcye b\u00fct\u00fcn \u00fclkeler a\u00e7\u0131s\u0131ndan \u00f6nem ta\u015f\u0131d\u0131\u011f\u0131n\u0131 vurgulad\u0131.<\/p>\n<p>BLOGSPOT.COM \u0130\u00c7\u0130N DE BA\u015eVURU YAPILDI<\/p>\n<p>blogspot.com&#8217;un eri\u015fime engellenmesinin ard\u0131ndan travelmindidilka.blogspot.com adl\u0131 Eyl\u00fcl 2010&#8217;dan beri gezi i\u00e7erikli yay\u0131n yapan blog sahibi \u0130dil Elveri\u015f ad\u0131na 4 Mart Cuma g\u00fcn\u00fc Diyarbak\u0131r 5. Asliye Ceza Mahkemesi&#8217;nin karar\u0131na itiraz edilmi\u015fti.<\/p>\n<p>\u0130NETD (\u0130nternet Teknolojileri Derne\u011fi), eri\u015fimin kapat\u0131lmas\u0131 karar\u0131nda etkisi olan t\u00fcm kurumlar hakk\u0131nda su\u00e7 duyurusunda bulundu. \u0130NETD eri\u015fime engelleme nedeniyle, Digit\u00fcrk ve LigTV ile Diyarbak\u0131r Cumhuriyet Savc\u0131s\u0131, Diyarbak\u0131r 5. Asliye Hakimli\u011fi ve BTK yani Bilgi Teknolojileri ve \u0130leti\u015fim Kurumu hakk\u0131nda su\u00e7 duyurusunda bulundu.<\/p>\n<p>Ankara Cumhuriyet Ba\u015fsavc\u0131l\u0131\u011f\u0131na yap\u0131lan su\u00e7 duyurusu dilek\u00e7esinde, Lig TV yay\u0131nlar\u0131n\u0131 izinsiz yay\u0131nlayan \u015firketlerin engellemesinde alan ad\u0131n\u0131 temel alan yasaklama sistemi yerine IP bazl\u0131 yasaklamaya gidilmesinin do\u011furdu\u011fu ma\u011fduriyet dile getirildi. Ba\u015fvurulan bu y\u00f6ntemden \u00f6t\u00fcr\u00fc olayla hi\u00e7bir alakas\u0131 olmayan milyonlarca blog\u00e7unun ve Google Harita Servisi gibi ayn\u0131 IP \u00fczerinden hizmet veren Google hizmetlerini kullanan milyonlarca internet kullan\u0131c\u0131s\u0131n\u0131n yan\u0131s\u0131ra binlerce \u015firketin de ma\u011fdur edildi\u011fi vurguland\u0131.<\/p>\n<p>Ba\u015fvuruda, \u2018LigTV&#8217;nin ma\u00e7lar\u0131n\u0131 izinsiz yay\u0131nlad\u0131\u011f\u0131 ileri s\u00fcr\u00fclen altalan ad\u0131n\u0131 yasaklamak m\u00fcmk\u00fcnken 4 milyon blog sahibi T\u00fcrk vatanda\u015f\u0131na sans\u00fcr uygulamak ve milyonlarca T\u00fcrk vatanda\u015f\u0131n\u0131 su\u00e7 unsuru i\u00e7ermeyen weblere ve binlerce \u015firketin hizmet al\u0131p, i\u015f yapt\u0131\u011f\u0131 Google Hizmetlerine eri\u015fimini engellemek ya da aksatmak, kan\u0131m\u0131zca g\u00f6revi ihmaldir.\u2019 denildi.<br \/>\nAlan ad\u0131 yerine IP temelli uygulama, baz\u0131 apartman dairelerinde su\u00e7 i\u015flendi\u011fi gerek\u00e7esiyle, koca bir mahallenin hatta \u015fehrin d\u00fcnya ile ba\u011flant\u0131s\u0131na kesme karar\u0131na benzetildi.<\/p>\n<p>Etha<\/p>\n","protected":false},"excerpt":{"rendered":"<p>A\u0130HM internet sans\u00fcr\u00fc kararlar\u0131n\u0131 inceliyor A\u0130HM, T\u00fcrkiye&#8217;den internet sans\u00fcr\u00fc nedeniyle yap\u0131lan iki ba\u015fvuruyu kabul etti. Mahkemeden olumlu karar \u00e7\u0131kmas\u0131 durumunda, eri\u015fimi engellenen 10 bine yak\u0131n internet sitesi bak\u0131m\u0131ndan emsal olacak. Ayr\u0131ca blogspot.com&#8217;un kapat\u0131lmas\u0131 \u00fczerine su\u00e7 duyurular\u0131 da yap\u0131l\u0131yor. 09 Mart 2011 \u00c7ar\u015famba &#8211; 16:58 Avrupa \u0130nsan Haklar\u0131 Mahkemesi, Ahmet Y\u0131ld\u0131r\u0131m taraf\u0131ndan, Alternatif Bili\u015fim Derne\u011fi arac\u0131l\u0131\u011f\u0131yla Google Sites&#8217;in kapat\u0131lmas\u0131 ve Yaman&#8230;<\/p>\n","protected":false},"author":1,"featured_media":0,"comment_status":"open","ping_status":"closed","sticky":false,"template":"","format":"standard","meta":{"jetpack_post_was_ever_published":false,"_jetpack_newsletter_access":"","_jetpack_dont_email_post_to_subs":false,"_jetpack_newsletter_tier_id":0,"_jetpack_memberships_contains_paywalled_content":false,"_jetpack_memberships_contains_paid_content":false,"footnotes":"","jetpack_publicize_message":"","jetpack_publicize_feature_enabled":true,"jetpack_social_post_already_shared":false,"jetpack_social_options":{"image_generator_settings":{"template":"highway","default_image_id":0,"font":"","enabled":false},"version":2}},"categories":[22,164,21,36,89,96,3,35,67,78],"tags":[],"class_list":["post-1344","post","type-post","status-publish","format-standard","hentry","category-5651-nolu-kanun","category-blogspot","category-erisim-engelleme","category-fikri-haklar","category-google-sites","category-last-fm","category-sansur","category-telif-haklari","category-turkiye","category-yaman-akdeniz"],"jetpack_publicize_connections":[],"jetpack_featured_media_url":"","jetpack_sharing_enabled":true,"jetpack_shortlink":"https:\/\/wp.me\/p7wjA8-lG","jetpack-related-posts":[],"_links":{"self":[{"href":"https:\/\/privacy.cyber-rights.org.tr\/index.php?rest_route=\/wp\/v2\/posts\/1344","targetHints":{"allow":["GET"]}}],"collection":[{"href":"https:\/\/privacy.cyber-rights.org.tr\/index.php?rest_route=\/wp\/v2\/posts"}],"about":[{"href":"https:\/\/privacy.cyber-rights.org.tr\/index.php?rest_route=\/wp\/v2\/types\/post"}],"author":[{"embeddable":true,"href":"https:\/\/privacy.cyber-rights.org.tr\/index.php?rest_route=\/wp\/v2\/users\/1"}],"replies":[{"embeddable":true,"href":"https:\/\/privacy.cyber-rights.org.tr\/index.php?rest_route=%2Fwp%2Fv2%2Fcomments&post=1344"}],"version-history":[{"count":1,"href":"https:\/\/privacy.cyber-rights.org.tr\/index.php?rest_route=\/wp\/v2\/posts\/1344\/revisions"}],"predecessor-version":[{"id":1345,"href":"https:\/\/privacy.cyber-rights.org.tr\/index.php?rest_route=\/wp\/v2\/posts\/1344\/revisions\/1345"}],"wp:attachment":[{"href":"https:\/\/privacy.cyber-rights.org.tr\/index.php?rest_route=%2Fwp%2Fv2%2Fmedia&parent=1344"}],"wp:term":[{"taxonomy":"category","embeddable":true,"href":"https:\/\/privacy.cyber-rights.org.tr\/index.php?rest_route=%2Fwp%2Fv2%2Fcategories&post=1344"},{"taxonomy":"post_tag","embeddable":true,"href":"https:\/\/privacy.cyber-rights.org.tr\/index.php?rest_route=%2Fwp%2Fv2%2Ftags&post=1344"}],"curies":[{"name":"wp","href":"https:\/\/api.w.org\/{rel}","templated":true}]}}