{"id":135,"date":"2008-09-26T01:54:19","date_gmt":"2008-09-25T22:54:19","guid":{"rendered":"http:\/\/privacy.cyber-rights.org.tr\/?p=135"},"modified":"2008-09-26T02:04:10","modified_gmt":"2008-09-25T23:04:10","slug":"bianet-adnan-oktar-egitim-sen-sitesini-de-erisime-kapattirdi","status":"publish","type":"post","link":"https:\/\/privacy.cyber-rights.org.tr\/?p=135","title":{"rendered":"Bianet: Adnan Oktar E\u011fitim-Sen Sitesini de Eri\u015fime Kapatt\u0131rd\u0131"},"content":{"rendered":"<p><a href=\"http:\/\/www.bianet.org\/bianet\/kategori\/bianet\/109932\/adnan-oktar-egitim-sen-sitesini-de-erisime-kapattirdi\">Bianet :: Adnan Oktar E\u011fitim-Sen Sitesini de Eri\u015fime Kapatt\u0131rd\u0131<\/a>: &#8220;Adnan Oktar E\u011fitim-Sen Sitesini de Eri\u015fime Kapatt\u0131rd\u0131<\/p>\n<p>Mahkeme, Adnan Oktar&#8217;\u0131n iste\u011fiyle 150 bin \u00fcyeli\u011fi E\u011fitim-Sen&#8217;in \u0130nternet sitesini kapatt\u0131. \u00d6ld\u00fcr\u00fclen yazar Turhan Dursun&#8217;un sitesinin ni\u00e7in yasakland\u0131\u011f\u0131 bilinmiyor. Devrimciler.com sitesi de yarg\u0131 karar\u0131yla yasakland\u0131.<\/p>\n<p>B\u0130A Haber Merkezi &#8211; \u0130stanbul-Izmit. 25 September 2008, Thursday<\/p>\n<p>Erol \u00d6NDERO\u011eLU &#8211; hukuk@bianet.org<\/p>\n<p>E\u011fitim ve Bilim Emek\u00e7ileri Sendikas\u0131&#8217;n\u0131n (E\u011fitim-Sen) egitimsen.org.tr adresinden eri\u015filen \u0130nternet sitesi, Harun Yahya mahlasl\u0131 Adnan Oktar&#8217;\u0131n (Adnan Hoca) \u015fikayeti \u00fczerine, Gebze 2. Asliye Hukuk Mahkemesi&#8217;nin ald\u0131\u011f\u0131 bir karar \u00fczerine d\u00fcn (24 Eyl\u00fcl) kapat\u0131ld\u0131.<\/p>\n<p>E\u011fitim-Sen&#8217;in sitesi, sendika Genel merkezinin 28 \u015eubat&#8217;ta okullara \u00fccretsiz g\u00f6nderilen Harun Yahya imzal\u0131 evrim teorisine kar\u015f\u0131 yarat\u0131l\u0131\u015f\u0131 savunan Yarat\u0131l\u0131\u015f Atlas\u0131 ile ilgili yay\u0131mlad\u0131\u011f\u0131 &#8216;Yarat\u0131l\u0131\u015f Atlas\u0131 ile ne ama\u00e7lan\u0131yor?&#8217; ba\u015fl\u0131kl\u0131 bas\u0131n a\u00e7\u0131klamas\u0131 nedeniyle eri\u015fime kapat\u0131ld\u0131.<\/p>\n<p>Eri\u015fim yasa\u011f\u0131 karar\u0131n\u0131n daha \u00f6nce herhangi bir uyar\u0131 veya tebligat yap\u0131lmadan verildi\u011fini a\u00e7\u0131klayarak uygulamay\u0131 &#8216;hukuk d\u0131\u015f\u0131&#8217; olarak nitelendiren E\u011fitim-Sen, sendika avukatlar\u0131n\u0131n karar\u0131n geri al\u0131nmas\u0131 i\u00e7in giri\u015fimlerini s\u00fcrd\u00fcrd\u00fcklerini bildirdi.<\/p>\n<p>\u0130lk de\u011fil<\/p>\n<p>Oktar&#8217;\u0131n \u015fikayetlerini de\u011ferlendiren mahkemeler, Nisan 2007&#8217;den bu yana Ek\u015fi S\u00f6zl\u00fck, superpoligon.com ve WordPress.com sitelerine de yasak getirmi\u015fti.<\/p>\n<p>\u015ei\u015fli 2. Asliye Hukuk Mahkemesi, ayn\u0131 gerek\u00e7eyle evrimci yazar Prof. Richard Dawkins&#8217;in richarddawkins.net adresli sitesini de tedbiren eri\u015fime kapatm\u0131\u015ft\u0131.<\/p>\n<p>Ayr\u0131ca 18 Eyl\u00fcl&#8217;de de Gebze 1. Asliye Hukuk Mahkemesi, 4 Eyl\u00fcl 1990&#8217;da u\u011frad\u0131\u011f\u0131 bir silahl\u0131 sald\u0131r\u0131 sonucu ya\u015fam\u0131n\u0131 yitiren yazar Turhan Dursun ad\u0131na a\u00e7\u0131lan <strong>turandursun.com<\/strong> sitesine de yasak koydu. Ancak karar\u0131n kimin giri\u015fimiyle  al\u0131nd\u0131\u011f\u0131 bilinmiyor.<\/p>\n<p>Site yetkililerinden yap\u0131lan a\u00e7\u0131klamada, &#8216;Daha \u00f6nce www.richarddawkins.net sitesinin yasaklanmas\u0131yla ilgili olaya taraf oldu\u011fumuzu ilan etmi\u015ftik. Elbette taraf olmam\u0131z\u0131n bedelini de bize \u00f6detmeye \u00e7al\u0131\u015facaklard\u0131&#8217; denildi; kararla ilgili bilgilendirilmedikleri ifade edildi.<\/p>\n<p>&#8216;T\u00fcrk Telekom yetkilileri a\u00e7\u0131k\u00e7a bir su\u00e7 i\u00e7erisindedirler. Mahkemenin ismiyle karar numaras\u0131n\u0131 asabilmek o kadar da zor olmasa gerek. Ama onlar\u0131n derdi ifade \u00f6zg\u00fcrl\u00fc\u011f\u00fcn\u00fc engellemektir. Hukuki haklar\u0131n\u0131 savunmalar\u0131n\u0131 da engellemeye \u00e7al\u0131\u015f\u0131yorlar.&#8217;<\/p>\n<p>AFP Haber Ajans\u0131, T\u00fcrkiye&#8217;de bu y\u0131l aralar\u0131ndan youtube.com&#8217;un da bulundu\u011fu 850 sitenin eri\u015fimine engel kondu\u011funu, 5651 Say\u0131l\u0131 Yasan\u0131n Telekom\u00fcnikasyon \u0130leti\u015fim Ba\u015fkanl\u0131\u011f\u0131&#8217;na mahkeme sonucunu beklemeden sitelerin eri\u015fimini engelleme yetkisi verdi\u011fini duyurdu.<\/p>\n<p><strong>Devrimciler.com<\/strong> sitesi de, Ankara 11. A\u011f\u0131r Ceza Mahkemesi&#8217;nin 21 A\u011fustos&#8217;ta ald\u0131\u011f\u0131 bir kararla yasakland\u0131.<\/p>\n<p>May\u0131s 2007&#8217;de ortak bir bildiri yay\u0131mlayan T\u00fcrkiye&#8217;deki bili\u015fim konusunda uzmanla\u015fm\u0131\u015f 20 sivil toplum kurulu\u015fu, 4 May\u0131s 2007&#8217;de kabul edilen 5651 Say\u0131l\u0131 Yasan\u0131n ifade \u00f6zg\u00fcrl\u00fc\u011f\u00fc anlam\u0131nda \u00e7ok\u00e7a sak\u0131nca i\u00e7erdi\u011fini, yasan\u0131n b\u00fcrokratik bir yap\u0131ya yarg\u0131s\u0131z sans\u00fcr yetkisi verdi\u011fini duyurmu\u015flard\u0131.<\/p>\n<p>Bilgisayar Yaz\u0131l\u0131m Meslek Birli\u011fi (B\u0130YESAM), Bili\u015fim Muhabirleri Derne\u011fi (BMD), Linux Kullan\u0131c\u0131lar\u0131 Derne\u011fi (LKD), T\u00fcrkiye Bili\u015fim Vakf\u0131 (TBV) ve T\u00fcbider Bili\u015fim Sekt\u00f6r\u00fc Derne\u011fi&#8217;nin (T\u00dcB\u0130DER) de imzas\u0131n\u0131 ta\u015f\u0131yan ortak bildiride, ifade \u00f6zg\u00fcrl\u00fc\u011f\u00fcn\u00fc korumas\u0131n\u0131 istediler; b\u00fcrokratik bir yap\u0131ya yarg\u0131s\u0131z sans\u00fcr yetkisi verdi\u011fini a\u00e7\u0131klad\u0131lar. (E\u00d6\/E\u00dc) &#8220;<\/p>\n","protected":false},"excerpt":{"rendered":"<p>Bianet :: Adnan Oktar E\u011fitim-Sen Sitesini de Eri\u015fime Kapatt\u0131rd\u0131: &#8220;Adnan Oktar E\u011fitim-Sen Sitesini de Eri\u015fime Kapatt\u0131rd\u0131 Mahkeme, Adnan Oktar&#8217;\u0131n iste\u011fiyle 150 bin \u00fcyeli\u011fi E\u011fitim-Sen&#8217;in \u0130nternet sitesini kapatt\u0131. \u00d6ld\u00fcr\u00fclen yazar Turhan Dursun&#8217;un sitesinin ni\u00e7in yasakland\u0131\u011f\u0131 bilinmiyor. Devrimciler.com sitesi de yarg\u0131 karar\u0131yla yasakland\u0131. B\u0130A Haber Merkezi &#8211; \u0130stanbul-Izmit. 25 September 2008, Thursday Erol \u00d6NDERO\u011eLU &#8211; hukuk@bianet.org E\u011fitim ve Bilim Emek\u00e7ileri Sendikas\u0131&#8217;n\u0131n (E\u011fitim-Sen)&#8230;<\/p>\n","protected":false},"author":1,"featured_media":0,"comment_status":"open","ping_status":"closed","sticky":false,"template":"","format":"standard","meta":{"jetpack_post_was_ever_published":false,"_jetpack_newsletter_access":"","_jetpack_dont_email_post_to_subs":false,"_jetpack_newsletter_tier_id":0,"_jetpack_memberships_contains_paywalled_content":false,"_jetpack_memberships_contains_paid_content":false,"footnotes":"","jetpack_publicize_message":"","jetpack_publicize_feature_enabled":true,"jetpack_social_post_already_shared":false,"jetpack_social_options":{"image_generator_settings":{"template":"highway","default_image_id":0,"font":"","enabled":false},"version":2}},"categories":[5,21,28],"tags":[],"class_list":["post-135","post","type-post","status-publish","format-standard","hentry","category-dusunce-ozgurlugu","category-erisim-engelleme","category-hakaret"],"jetpack_publicize_connections":[],"jetpack_featured_media_url":"","jetpack_sharing_enabled":true,"jetpack_shortlink":"https:\/\/wp.me\/p7wjA8-2b","jetpack-related-posts":[],"_links":{"self":[{"href":"https:\/\/privacy.cyber-rights.org.tr\/index.php?rest_route=\/wp\/v2\/posts\/135","targetHints":{"allow":["GET"]}}],"collection":[{"href":"https:\/\/privacy.cyber-rights.org.tr\/index.php?rest_route=\/wp\/v2\/posts"}],"about":[{"href":"https:\/\/privacy.cyber-rights.org.tr\/index.php?rest_route=\/wp\/v2\/types\/post"}],"author":[{"embeddable":true,"href":"https:\/\/privacy.cyber-rights.org.tr\/index.php?rest_route=\/wp\/v2\/users\/1"}],"replies":[{"embeddable":true,"href":"https:\/\/privacy.cyber-rights.org.tr\/index.php?rest_route=%2Fwp%2Fv2%2Fcomments&post=135"}],"version-history":[{"count":0,"href":"https:\/\/privacy.cyber-rights.org.tr\/index.php?rest_route=\/wp\/v2\/posts\/135\/revisions"}],"wp:attachment":[{"href":"https:\/\/privacy.cyber-rights.org.tr\/index.php?rest_route=%2Fwp%2Fv2%2Fmedia&parent=135"}],"wp:term":[{"taxonomy":"category","embeddable":true,"href":"https:\/\/privacy.cyber-rights.org.tr\/index.php?rest_route=%2Fwp%2Fv2%2Fcategories&post=135"},{"taxonomy":"post_tag","embeddable":true,"href":"https:\/\/privacy.cyber-rights.org.tr\/index.php?rest_route=%2Fwp%2Fv2%2Ftags&post=135"}],"curies":[{"name":"wp","href":"https:\/\/api.w.org\/{rel}","templated":true}]}}