{"id":1378,"date":"2011-04-01T12:19:28","date_gmt":"2011-04-01T09:19:28","guid":{"rendered":"http:\/\/privacy.cyber-rights.org.tr\/?p=1378"},"modified":"2011-04-01T12:19:33","modified_gmt":"2011-04-01T09:19:33","slug":"radikal-amerikadan-ozgurluk-dersi","status":"publish","type":"post","link":"https:\/\/privacy.cyber-rights.org.tr\/?p=1378","title":{"rendered":"Radikal: Amerika&#8217;dan \u00f6zg\u00fcrl\u00fck dersi"},"content":{"rendered":"<p><a href=\"http:\/\/www.radikal.com.tr\/Radikal.aspx?aType=RadikalDetayV3&#038;ArticleID=1044364&#038;Date=28.03.2011&#038;CategoryID=81\">Amerika&#8217;dan \u00f6zg\u00fcrl\u00fck dersi \/ D\u00fcnya \/ Radikal \u0130nternet<\/a><\/p>\n<p>28\/03\/2011 6:27<\/p>\n<p>KT\u00dc&#8217;de da\u011f\u0131t\u0131lan Erdo\u011fan karikat\u00fcrlerinin izini s\u00fcren savc\u0131l\u0131k, ABD&#8217;den teknik yard\u0131m istedi. ABD, &#8216;fikir \u00f6zg\u00fcrl\u00fc\u011f\u00fcd\u00fcr&#8217; deyip yard\u0131m etmedi.<br \/>\nAmerika&#8217;dan \u00f6zg\u00fcrl\u00fck dersi<\/p>\n<p>Karadeniz Teknik \u00dcniversitesi\u2019nde (KT\u00dc) ge\u00e7en y\u0131l da\u011f\u0131t\u0131lan Ba\u015fbakan Recep Tayyip Erdo\u011fan karikat\u00fcrleri izini s\u00fcren Trabzon Cumhuriyet Savc\u0131l\u0131\u011f\u0131, dijital takip i\u00e7in ABD\u2019den yard\u0131m istedi. ABD ise \u2018fikir \u00f6zg\u00fcrl\u00fc\u011f\u00fcn\u00fcn\u2019 kendi \u00fclkelerinde \u2018asli haklardan\u2019 biri oldu\u011funu vurgulay\u0131p \u2018Size yard\u0131m edersek bu hakk\u0131 ihlal etmi\u015f oluruz\u2019 diyerek yard\u0131m iste\u011fini geri \u00e7evirdi.<\/p>\n<p>KT\u00dc Kanuni Kampusu\u2019nda ge\u00e7en y\u0131l\u0131n sonlar\u0131na do\u011fru Erdo\u011fan\u2019\u0131n y\u00fcz portresi \u00fczerine domuz resmi yerle\u015ftirilmi\u015f karikat\u00fcrler bulundu. Karikat\u00fcrlerle birlikte da\u011f\u0131t\u0131lan bildirilerin \u00fczerinde \u2019gmail\u2019 uzant\u0131l\u0131 bir e-posta adresi vard\u0131. Trabzon Cumhuriyet Savc\u0131l\u0131\u011f\u0131, karikat\u00fcrleri \u00e7izip, da\u011f\u0131tanlar\u0131 bulmak i\u00e7in harekete ge\u00e7ti. Adalet Bakanl\u0131\u011f\u0131 Uluslararas\u0131 Hukuk ve D\u0131\u015f \u0130li\u015fkiler Genel M\u00fcd\u00fcrl\u00fc\u011f\u00fc\u2019ne yaz\u0131 g\u00f6nderip, e-posta adreslerinin IP numaralar\u0131n\u0131n belirlenmesi i\u00e7in ABD Adalet Bakanl\u0131\u011f\u0131\u2019ndan yard\u0131m isteminde bulunulmas\u0131n\u0131 istedi.<\/p>\n<p>ABD\u2019den yard\u0131m istendi<br \/>\nSavc\u0131l\u0131\u011f\u0131n yaz\u0131s\u0131nda \u015f\u00f6yle deniliyordu: \u2018(&#8230;) \u015f\u00fcphelilerin tespiti i\u00e7in su\u00e7un konusu olan k\u00e2\u011f\u0131t par\u00e7alar\u0131n\u0131n \u00fczerinde yaz\u0131l\u0131 e-posta adresini kullananlar\u0131n IP numaralar\u0131n\u0131n tespiti gerekmektedir. (&#8230;) T\u00fcrkiye Cumhuriyeti ile ABD aras\u0131nda akdedilmi\u015f olan \u2019Su\u00e7lular\u0131n Geri Verilmesi ve Ceza \u0130\u015flerinde Kar\u015f\u0131l\u0131kl\u0131 Adli Yard\u0131mla\u015fma Antla\u015fmas\u0131\u2019 h\u00fck\u00fcmlerine uygun olarak istenilen hususlar\u0131n yerine getirilmesi durumunda h\u0131zl\u0131 bir yarg\u0131lama s\u00fcrecine girilecek ve adaletin yerine getirilmesine b\u00fcy\u00fck katk\u0131da bulunulacakt\u0131r.\u2019<\/p>\n<p>\u2018Yard\u0131m edemeyiz\u2019<br \/>\nABD Adalet Bakanl\u0131\u011f\u0131\u2019ysa yard\u0131m iste\u011fini \u015fu yaz\u0131yla geri \u00e7evirdi: \u2018Bu yard\u0131m talebini yerine getiremeyece\u011fimizi bildirmekten \u00fcz\u00fcnt\u00fc duymaktay\u0131z. \u00c7\u00fcnk\u00fc hakaret soru\u015fturmas\u0131na temel al\u0131nan bu talep ABD Anayasas\u0131 taraf\u0131ndan korunan ve asli haklar kabul edilen konu\u015fma \u00f6zg\u00fcrl\u00fc\u011f\u00fc ilkelerini t\u00f6hmet alt\u0131nda b\u0131rakmaktad\u0131r. Anayasam\u0131zda konu\u015fma \u00f6zg\u00fcrl\u00fc\u011f\u00fcn\u00fcn korunmas\u0131na dair k\u0131s\u0131tlamalar vard\u0131r. \u00d6rne\u011fin konu\u015fman\u0131n yak\u0131n \u015fiddeti k\u0131\u015fk\u0131rtmas\u0131 gibi. Bu olaydaki durumsa anayasal korunma alt\u0131ndad\u0131r. Bu talebin yerine getirilmesinin asli haklar\u0131 ihlal edece\u011fi sonucuna varmak durumunday\u0131z. \u0130stedi\u011finiz delili sa\u011flayamam\u0131za ra\u011fmen g\u00fc\u00e7l\u00fc ikili ili\u015fkilerimiz di\u011fer taleplerin ba\u015far\u0131l\u0131 bir \u015fekilde yerine getirilmesinde iyiye i\u015farettir.\u2019<\/p>\n<p>\u00dclkelere g\u00f6re de\u011fi\u015febilir<br \/>\n\u0130stanbul \u00dcniversitesi\u2019nden ceza hukuku uzman\u0131 Prof. Dr. Ersan \u015een durumu \u015f\u00f6yle yorumlad\u0131: \u2018Bas\u0131n ve fikir a\u00e7\u0131klama h\u00fcrriyetinin korunmas\u0131 \u00fclkeler aras\u0131nda toplumlar\u0131n sosyolojik yap\u0131lar\u0131na g\u00f6re de\u011fi\u015febilir. T\u00fcrkiye\u2019de de bas\u0131n ve fikir a\u00e7\u0131klama h\u00fcrriyetinin; ki\u015filik haklar\u0131na alenen sald\u0131r\u0131, insanlar\u0131 cebir ve \u015fiddete tahrik, insanlar aras\u0131nda ayr\u0131mc\u0131l\u0131\u011fa neden olma gibi baz\u0131 istisnalar\u0131 var. M\u00fcmk\u00fcn oldu\u011fu kadar Ceza Kanunu\u2019nun bas\u0131n ve fikir a\u00e7\u0131klama h\u00fcrriyetine m\u00fcdahale etmemesi gerekir.\u2019<\/p>\n<p>Karikat\u00fcr \u00e7izen cezay\u0131 al\u0131r<br \/>\nABD, karikat\u00fcr\u00fc \u2018fikir \u00f6zg\u00fcrl\u00fc\u011f\u00fc\u2019 kapsam\u0131nda sayarken T\u00fcrkiye\u2019de karikat\u00fcristler y\u0131llard\u0131r davalarla bo\u011fu\u015fuyor.<br \/>\nBa\u015fbakan Erdo\u011fan\u2019\u0131n kafas\u0131n\u0131 bir k\u00f6pek fig\u00fcr\u00fcn\u00fcn \u00fczerine \u00e7izen \u0130ngiliz karikat\u00fcrist Michael Dickinson, 425 g\u00fcn hapis cezas\u0131na \u00e7arpt\u0131r\u0131lm\u0131\u015ft\u0131.<\/p>\n<p>Kocaeli\u2019ndeki a\u00e7\u0131k hava panolar\u0131yla ilgili bir karikat\u00fcr nedeniyle \u00d6zg\u00fcr Kocaeli gazetesi \u00e7izeri Muhammet \u015eeng\u00f6z 11 ay 20 g\u00fcn hapis cezas\u0131 ald\u0131. Eski\u015fehir B\u00fcy\u00fck\u015fehir Belediye Ba\u015fkan\u0131 Y\u0131lmaz B\u00fcy\u00fcker\u015fen\u2019in bir karikat\u00fcr\u00fcn\u00fc Facebook\u2019ta yay\u0131mlayan bir \u00f6\u011frenciye 11 ay hapis cezas\u0131 verildi.<\/p>\n<p>Penguen, Leman, Uykusuz gibi mizah dergileri de \u00f6zellikle Erdo\u011fan karikat\u00fcrleri nedeniyle yarg\u0131lan\u0131yor.<\/p>\n","protected":false},"excerpt":{"rendered":"<p>Amerika&#8217;dan \u00f6zg\u00fcrl\u00fck dersi \/ D\u00fcnya \/ Radikal \u0130nternet 28\/03\/2011 6:27 KT\u00dc&#8217;de da\u011f\u0131t\u0131lan Erdo\u011fan karikat\u00fcrlerinin izini s\u00fcren savc\u0131l\u0131k, ABD&#8217;den teknik yard\u0131m istedi. ABD, &#8216;fikir \u00f6zg\u00fcrl\u00fc\u011f\u00fcd\u00fcr&#8217; deyip yard\u0131m etmedi. Amerika&#8217;dan \u00f6zg\u00fcrl\u00fck dersi Karadeniz Teknik \u00dcniversitesi\u2019nde (KT\u00dc) ge\u00e7en y\u0131l da\u011f\u0131t\u0131lan Ba\u015fbakan Recep Tayyip Erdo\u011fan karikat\u00fcrleri izini s\u00fcren Trabzon Cumhuriyet Savc\u0131l\u0131\u011f\u0131, dijital takip i\u00e7in ABD\u2019den yard\u0131m istedi. ABD ise \u2018fikir \u00f6zg\u00fcrl\u00fc\u011f\u00fcn\u00fcn\u2019 kendi \u00fclkelerinde \u2018asli&#8230;<\/p>\n","protected":false},"author":1,"featured_media":0,"comment_status":"open","ping_status":"closed","sticky":false,"template":"","format":"standard","meta":{"jetpack_post_was_ever_published":false,"_jetpack_newsletter_access":"","_jetpack_dont_email_post_to_subs":false,"_jetpack_newsletter_tier_id":0,"_jetpack_memberships_contains_paywalled_content":false,"_jetpack_memberships_contains_paid_content":false,"footnotes":"","jetpack_publicize_message":"","jetpack_publicize_feature_enabled":true,"jetpack_social_post_already_shared":false,"jetpack_social_options":{"image_generator_settings":{"template":"highway","default_image_id":0,"font":"","enabled":false},"version":2}},"categories":[170,28,11],"tags":[],"class_list":["post-1378","post","type-post","status-publish","format-standard","hentry","category-abd","category-hakaret","category-turkey"],"jetpack_publicize_connections":[],"jetpack_featured_media_url":"","jetpack_sharing_enabled":true,"jetpack_shortlink":"https:\/\/wp.me\/p7wjA8-me","jetpack-related-posts":[],"_links":{"self":[{"href":"https:\/\/privacy.cyber-rights.org.tr\/index.php?rest_route=\/wp\/v2\/posts\/1378","targetHints":{"allow":["GET"]}}],"collection":[{"href":"https:\/\/privacy.cyber-rights.org.tr\/index.php?rest_route=\/wp\/v2\/posts"}],"about":[{"href":"https:\/\/privacy.cyber-rights.org.tr\/index.php?rest_route=\/wp\/v2\/types\/post"}],"author":[{"embeddable":true,"href":"https:\/\/privacy.cyber-rights.org.tr\/index.php?rest_route=\/wp\/v2\/users\/1"}],"replies":[{"embeddable":true,"href":"https:\/\/privacy.cyber-rights.org.tr\/index.php?rest_route=%2Fwp%2Fv2%2Fcomments&post=1378"}],"version-history":[{"count":1,"href":"https:\/\/privacy.cyber-rights.org.tr\/index.php?rest_route=\/wp\/v2\/posts\/1378\/revisions"}],"predecessor-version":[{"id":1379,"href":"https:\/\/privacy.cyber-rights.org.tr\/index.php?rest_route=\/wp\/v2\/posts\/1378\/revisions\/1379"}],"wp:attachment":[{"href":"https:\/\/privacy.cyber-rights.org.tr\/index.php?rest_route=%2Fwp%2Fv2%2Fmedia&parent=1378"}],"wp:term":[{"taxonomy":"category","embeddable":true,"href":"https:\/\/privacy.cyber-rights.org.tr\/index.php?rest_route=%2Fwp%2Fv2%2Fcategories&post=1378"},{"taxonomy":"post_tag","embeddable":true,"href":"https:\/\/privacy.cyber-rights.org.tr\/index.php?rest_route=%2Fwp%2Fv2%2Ftags&post=1378"}],"curies":[{"name":"wp","href":"https:\/\/api.w.org\/{rel}","templated":true}]}}