{"id":1388,"date":"2011-04-14T16:48:24","date_gmt":"2011-04-14T13:48:24","guid":{"rendered":"http:\/\/privacy.cyber-rights.org.tr\/?p=1388"},"modified":"2011-04-14T16:48:27","modified_gmt":"2011-04-14T13:48:27","slug":"bianet-bianet-basvurusuyla-internet-filtreleme-plani-bozulabilir","status":"publish","type":"post","link":"https:\/\/privacy.cyber-rights.org.tr\/?p=1388","title":{"rendered":"Bianet: bianet Ba\u015fvurusuyla &#8220;\u0130nternet Filtreleme&#8221; Plan\u0131 Bozulabilir"},"content":{"rendered":"<p><a href=\"http:\/\/bianet.org\/bianet\/bilisim\/129264-bianet-basvurusuyla-internet-filtreleme-plani-bozulabilir\">Bianet: bianet Ba\u015fvurusuyla &#8220;\u0130nternet Filtreleme&#8221; Plan\u0131 Bozulabilir &#8211; Bianet<\/a><\/p>\n<p>&#8216;\u0130nternetin G\u00fcvenli Kullan\u0131m\u0131na Dair Usul ve Esaslar Tasla\u011f\u0131&#8217;, Do\u00e7. Dr. Yaman Akdeniz&#8217;in ifadesiyle &#8216;tam anlam\u0131yla devlet sans\u00fcr\u00fc.&#8217; Bianet&#8217;in y\u00fcr\u00fctmenin durdurulmas\u0131 i\u00e7in Dan\u0131\u015ftay&#8217;a ta\u015f\u0131d\u0131\u011f\u0131 davadan sonu\u00e7 al\u0131nmazsa 22 A\u011fustos&#8217;tan itibaren, &#8216;g\u00fcvenli internet&#8217; ad\u0131 alt\u0131nda hangi sitelere girebilece\u011fimize devlet karar verecek.<\/p>\n<p>Ekin KARACA \u0130stanbul &#8211; B\u0130A Haber Merkezi<br \/>\n14 Nisan 2011, Per\u015fembe<\/p>\n<p>Bilgi Teknolojileri ve \u0130leti\u015fim Kurumu&#8217;nun (BTK) \u015fubat sonunda onaylad\u0131\u011f\u0131 &#8216;\u0130nternetin G\u00fcvenli Kullan\u0131m\u0131na Dair Usul ve Esaslar Tasla\u011f\u0131&#8217; eskiden sadece internet kafelerin kullanmas\u0131 zorunlu tutulan filtreleme programlar\u0131n\u0131n t\u00fcm internet kullan\u0131c\u0131lar\u0131na yayg\u0131nla\u015ft\u0131r\u0131lmas\u0131n\u0131 \u00f6ng\u00f6r\u00fcyor.<\/p>\n<p>bianet&#8217;in d\u00fcn (13 Nisan) Dan\u0131\u015ftay&#8217;a ta\u015f\u0131d\u0131\u011f\u0131 taslak, Dan\u0131\u015ftay taraf\u0131ndan &#8216;y\u00fcr\u00fctmeyi durdurma karar\u0131&#8217; verilmemesi durumunda 22 A\u011fustos&#8217;ta yasala\u015farak y\u00fcr\u00fcrl\u00fc\u011fe girecek.<\/p>\n<p>Bu durumda her internet kullan\u0131c\u0131s\u0131, aile paketi, \u00e7ocuk paketi, yurti\u00e7i paketi veya standart paket abonesi olmak zorunda kalacak. Herhangi bir pakete \u00fcye olmayanlar ise otomatik olarak standart paket \u00fcyesi olarak kabul edilecek.<br \/>\n&#8216;A\u00e7\u0131k\u00e7a sans\u00fcr&#8217;<\/p>\n<p>bianet&#8217;e konu\u015fan Bilgi \u00dcniversitesi \u00d6\u011fretim G\u00f6revlisi Yaman Akdeniz, filtreleme sisteminin devlet taraf\u0131ndan yap\u0131laca\u011f\u0131n\u0131, internet sitelerinin kara liste veya beyaz listeye al\u0131narak, kullan\u0131c\u0131lar\u0131n girebilece\u011fi sitelerin devlet taraf\u0131ndan belirlenece\u011fini s\u00f6yl\u00fcyor ve ekliyor:<\/p>\n<p>* BTK&#8217;n\u0131n alm\u0131\u015f oldu\u011fu bu karar ile T\u00fcrkiye&#8217;nin sans\u00fcr altyap\u0131s\u0131 kurulmaya \u00e7al\u0131\u015f\u0131l\u0131yor.<\/p>\n<p>* Her ne kadar bu bir g\u00fcvenli internet paketi olarak sunulsa da kullan\u0131c\u0131lar\u0131 koruma ad\u0131 alt\u0131nda ortaya \u00e7\u0131km\u0131\u015f bir sans\u00fcr sistemi. Filtreleme sistemleri yeni de\u011fil. Ancak h\u00fck\u00fcmet odakl\u0131 olarak ve t\u00fcm kullan\u0131c\u0131lar\u0131 kapsayan, ba\u011flay\u0131c\u0131 bir sistem Avrupa Birli\u011fi (AB) veya Avrupa Komisyonu dahilinde g\u00f6r\u00fclm\u00fc\u015f bir sistem de\u011fil.<\/p>\n<p>* AB ve Avrupa Komisyonu, \u00e7ocuklar\u0131 korumak ama\u00e7l\u0131 h\u00fck\u00fcmet merkezli filtreleme sistemi olamayaca\u011f\u0131n\u0131 s\u00f6yl\u00fcyor. Okullarda, internet kafelerde, evlerde y\u00f6neticiler veya aileler filtreleme sistemi kullanabilir. Ancak herkese bunu kullanmaya zorlayacak bir sistem olmaz.<br \/>\n&#8216;Girebilece\u011fimiz siteleri devlet belirleyecek&#8217;<\/p>\n<p>* Sistem, aile paketi, \u00e7ocuk paketi, yurti\u00e7i paketi ve standart paket olarak kar\u015f\u0131m\u0131za \u00e7\u0131k\u0131yor. Yani siz, &#8216;ben filtreleme kullanmak istemiyorum&#8217; dedi\u011finiz zaman otomatik olarak standart paket \u00fcyesi oluyorsunuz. Kullan\u0131c\u0131 ad\u0131 ve \u015fifreniz olacak ve standart paketi kullanmak zorunda olacaks\u0131n\u0131z.<\/p>\n<p>* Bu standart paket alt\u0131nda ne gibi uygulamalar yap\u0131laca\u011f\u0131 belli de\u011fil. Hangi siteler serbest olacak, hangileri filtrelenecek bilmiyoruz. Buna devlet karar verecek.<\/p>\n<p>* Bir evde farkl\u0131 ya\u015flardan 4-5 ki\u015fi kald\u0131\u011f\u0131n\u0131 d\u00fc\u015f\u00fcnecek olursan\u0131z ve farkl\u0131 filtreleme sistemleri kullanmak isterseniz, sistem buna izin vermiyor. Evdeki tek ba\u011flant\u0131ya tek filtreleme zorunlu oluyor. Bu da \u00e7ok say\u0131da kullan\u0131c\u0131y\u0131 aile paketini kullanmaya zorunlu tutacakt\u0131r.<\/p>\n<p>* Aile paketinin detaylar\u0131na bakt\u0131\u011f\u0131n\u0131z zaman da burada bir kara liste olu\u015fturulmas\u0131 s\u00f6z konusu. Mevcut mevzuat\u0131n d\u0131\u015f\u0131nda, hangi standarda g\u00f6re bu kara liste olu\u015fturulacak belli de\u011fil.<\/p>\n<p>* BTK karar\u0131 diyor ki, isterse servis sa\u011flay\u0131c\u0131lar\u0131 bu kara listeyi daha da geni\u015fletebilir. Hi\u00e7bir standart olmadan, o internet paketi alt\u0131ndan &#8216;g\u00fcvenli&#8217; internet servisi verme ad\u0131 alt\u0131nda sans\u00fcrleme yap\u0131lacakt\u0131r.<br \/>\n&#8216;H\u00fck\u00fcmetin b\u00f6yle bir sorumlulu\u011fu olamaz.&#8217;<\/p>\n<p>* Al\u0131nm\u0131\u015f olan kararda bunu hangi kriter ve standartlara g\u00f6re yapacaklar\u0131 a\u00e7\u0131klanmam\u0131\u015f. Kesinlikle keyfi bir uygulama olacak. Bianet gibi alternatif haber kaynaklar\u0131ndan, sivil toplum \u00f6rg\u00fctlerinin sitelerine kadar pek \u00e7ok internet sitesini bu tip kara listelere almalar\u0131 m\u00fcmk\u00fcn olacak. Bunun sonu yok.<\/p>\n<p>* Filtreleme sistemini geli\u015ftirilip ailelere bedava da\u011f\u0131t\u0131labilir. \u00c7ocuklar\u0131n, ailelerin ya da bireylerin kendi filtrelerini olu\u015fturmalar\u0131na sayg\u0131 duyar\u0131m ama siz benim internet kullan\u0131m\u0131ma kar\u0131\u015famazs\u0131n\u0131z. Ben bir yeti\u015fkinim, \u00e7ocuk de\u011filim ve h\u00fck\u00fcmetin b\u00f6yle bir sorumlulu\u011fu yok.<\/p>\n<p>* Ben bir su\u00e7 i\u015flersem gelirsin beni dava edersin ama o siteye girmek yasak, bu siteye girmek yasak diyemez bana devlet.<br \/>\n&#8216;5 ya\u015f\u0131ndaki \u00e7ocukla 17 ya\u015f\u0131ndaki \u00e7ocu\u011fun internet kullan\u0131m\u0131 farkl\u0131&#8217;<\/p>\n<p>* \u00c7ocuklar sadece \u015fu sitelere girebilir diye beyaz liste haz\u0131rlanacak. E\u011fer \u00e7ocuklar i\u00e7in haz\u0131rlad\u0131\u011f\u0131n\u0131z bir site beyaz listeye girmezse o site kimse taraf\u0131ndan takip edilemeyecek.<\/p>\n<p>* Devlet derse ki, &#8216;\u00c7ocuklar Facebook&#8217;a girmeyecek, ben zararl\u0131 oldu\u011fun d\u00fc\u015f\u00fcn\u00fcyorum&#8217;, ne yapaca\u011f\u0131z. Devletin zararl\u0131 buldu\u011fu \u015feyi ben zararl\u0131 bulmuyorsam ne yapaca\u011f\u0131z?<\/p>\n<p>* 18 ya\u015f\u0131n alt\u0131ndaki herkes \u00e7ocuk. 5 ya\u015f\u0131ndaki \u00e7ocukla 17 ya\u015f\u0131ndaki \u00e7ocu\u011fun internet kullan\u0131m\u0131 farkl\u0131d\u0131r.<\/p>\n<p>* Bu filtreleme ki\u015fisel olarak yap\u0131lmal\u0131d\u0131r. Bunu servis sa\u011flay\u0131c\u0131 baz\u0131nda yapt\u0131\u011f\u0131n\u0131z zaman bunun tek ad\u0131 sans\u00fcrd\u00fcr. \u0130stedi\u011finiz kadar g\u00fcvenli internet diyin, bunun ad\u0131 sans\u00fcrd\u00fcr.<br \/>\nFiltreyi k\u0131rana &#8216;takip&#8217;<\/p>\n<p>* Yasaklar\u0131 atlatmak daha zor olabilir. \u00c7\u00fcnk\u00fc IP baz\u0131nda filtreleme y\u00f6ntemi kuruluyor burada. Hem daha zor olacak, hem de BTK maddelerinden bir tanesine g\u00f6re, filtreleme sistemini a\u015fmaya \u00e7al\u0131\u015fanlar\u0131n tespit edilmesi s\u00f6z konusu.<\/p>\n<p>* Bu yeni sistem alt\u0131nda port baz\u0131nda da engelleme yap\u0131lacak. Yani BTK, T\u00fcrk Telekom&#8217;a zarar verdi\u011fi gerek\u00e7esiyle baz\u0131 portlar\u0131 kapatarak Skype&#8217;\u0131 da yasaklayabilir.<\/p>\n<p>\u00c7ok az detay verilmi\u015f oldu\u011fu i\u00e7in o kadar mu\u011flak ki; o y\u00fczden bu tasla\u011f\u0131 son derece tehlikeli buluyorum. (EKN)<\/p>\n","protected":false},"excerpt":{"rendered":"<p>Bianet: bianet Ba\u015fvurusuyla &#8220;\u0130nternet Filtreleme&#8221; Plan\u0131 Bozulabilir &#8211; Bianet &#8216;\u0130nternetin G\u00fcvenli Kullan\u0131m\u0131na Dair Usul ve Esaslar Tasla\u011f\u0131&#8217;, Do\u00e7. Dr. Yaman Akdeniz&#8217;in ifadesiyle &#8216;tam anlam\u0131yla devlet sans\u00fcr\u00fc.&#8217; Bianet&#8217;in y\u00fcr\u00fctmenin durdurulmas\u0131 i\u00e7in Dan\u0131\u015ftay&#8217;a ta\u015f\u0131d\u0131\u011f\u0131 davadan sonu\u00e7 al\u0131nmazsa 22 A\u011fustos&#8217;tan itibaren, &#8216;g\u00fcvenli internet&#8217; ad\u0131 alt\u0131nda hangi sitelere girebilece\u011fimize devlet karar verecek. Ekin KARACA \u0130stanbul &#8211; B\u0130A Haber Merkezi 14 Nisan 2011, Per\u015fembe Bilgi&#8230;<\/p>\n","protected":false},"author":1,"featured_media":0,"comment_status":"open","ping_status":"closed","sticky":false,"template":"","format":"standard","meta":{"jetpack_post_was_ever_published":false,"_jetpack_newsletter_access":"","_jetpack_dont_email_post_to_subs":false,"_jetpack_newsletter_tier_id":0,"_jetpack_memberships_contains_paywalled_content":false,"_jetpack_memberships_contains_paid_content":false,"footnotes":"","jetpack_publicize_message":"","jetpack_publicize_feature_enabled":true,"jetpack_social_post_already_shared":false,"jetpack_social_options":{"image_generator_settings":{"template":"highway","default_image_id":0,"font":"","enabled":false},"version":2}},"categories":[44,118,94,3,17,67,78],"tags":[],"class_list":["post-1388","post","type-post","status-publish","format-standard","hentry","category-bianet","category-btk","category-filtreleme","category-sansur","category-tib","category-turkiye","category-yaman-akdeniz"],"jetpack_publicize_connections":[],"jetpack_featured_media_url":"","jetpack_sharing_enabled":true,"jetpack_shortlink":"https:\/\/wp.me\/p7wjA8-mo","jetpack-related-posts":[],"_links":{"self":[{"href":"https:\/\/privacy.cyber-rights.org.tr\/index.php?rest_route=\/wp\/v2\/posts\/1388","targetHints":{"allow":["GET"]}}],"collection":[{"href":"https:\/\/privacy.cyber-rights.org.tr\/index.php?rest_route=\/wp\/v2\/posts"}],"about":[{"href":"https:\/\/privacy.cyber-rights.org.tr\/index.php?rest_route=\/wp\/v2\/types\/post"}],"author":[{"embeddable":true,"href":"https:\/\/privacy.cyber-rights.org.tr\/index.php?rest_route=\/wp\/v2\/users\/1"}],"replies":[{"embeddable":true,"href":"https:\/\/privacy.cyber-rights.org.tr\/index.php?rest_route=%2Fwp%2Fv2%2Fcomments&post=1388"}],"version-history":[{"count":1,"href":"https:\/\/privacy.cyber-rights.org.tr\/index.php?rest_route=\/wp\/v2\/posts\/1388\/revisions"}],"predecessor-version":[{"id":1389,"href":"https:\/\/privacy.cyber-rights.org.tr\/index.php?rest_route=\/wp\/v2\/posts\/1388\/revisions\/1389"}],"wp:attachment":[{"href":"https:\/\/privacy.cyber-rights.org.tr\/index.php?rest_route=%2Fwp%2Fv2%2Fmedia&parent=1388"}],"wp:term":[{"taxonomy":"category","embeddable":true,"href":"https:\/\/privacy.cyber-rights.org.tr\/index.php?rest_route=%2Fwp%2Fv2%2Fcategories&post=1388"},{"taxonomy":"post_tag","embeddable":true,"href":"https:\/\/privacy.cyber-rights.org.tr\/index.php?rest_route=%2Fwp%2Fv2%2Ftags&post=1388"}],"curies":[{"name":"wp","href":"https:\/\/api.w.org\/{rel}","templated":true}]}}