{"id":139,"date":"2008-09-26T17:05:47","date_gmt":"2008-09-26T14:05:47","guid":{"rendered":"http:\/\/privacy.cyber-rights.org.tr\/?p=139"},"modified":"2008-09-26T17:05:49","modified_gmt":"2008-09-26T14:05:49","slug":"egitim-senden-yasak-protestosu","status":"publish","type":"post","link":"https:\/\/privacy.cyber-rights.org.tr\/?p=139","title":{"rendered":"E\u011fitim-Sen&#8217;den &#8220;yasak&#8221; protestosu"},"content":{"rendered":"<p><a href=\"http:\/\/www.cnnturk.com\/HaberDetay\/Bilim_Teknoloji\/157\/Teknoloji\/272\/Egitim-Senden_yasak_protestosu\/494933\/0\">E\u011fitim-Sen&#8217;den &#8220;yasak&#8221; protestosu<\/a>: &#8220;E\u011fitim-Sen \u0130stanbul \u015fubeleri, sendikan\u0131n internet sitesine eri\u015fimin Gebze 2&#8217;in Asliye Hukuk Mahkemesinin 2008\/118 esas say\u0131l\u0131 karar\u0131yla engellenmesini protesto etti.&#8221;<\/p>\n<p>Karak\u00f6y T\u00fcnel giri\u015finde toplanan grup ad\u0131na bas\u0131n a\u00e7\u0131klamas\u0131n\u0131, E\u011fitim-Sen E\u011fitim Sekreteri \u00dcnsal Y\u0131ld\u0131z yapt\u0131.<\/p>\n<p>E\u011fitim-Sen&#8217;in laik, bilimsel, demokratik e\u011fitim m\u00fccadelesi y\u00fcr\u00fctt\u00fc\u011f\u00fcn\u00fc belirten Y\u0131ld\u0131z, &#8220;Y\u00fcr\u00fctmeye \u00e7al\u0131\u015ft\u0131\u011f\u0131 m\u00fccadelenin bu karakteriyle \u00fclkemizdeki gericiler, \u0131rk\u00e7\u0131lar ve ulusalc\u0131lar, egemenler taraf\u0131ndan elbette bir hedef haline gelmesine yol a\u00e7maktad\u0131r. Ya\u015fad\u0131\u011f\u0131m\u0131z son \u00f6rnek bunun uzant\u0131s\u0131d\u0131r&#8221; g\u00f6r\u00fc\u015f\u00fcn\u00fc savundu.<\/p>\n<p>Y\u0131ld\u0131z, e\u011fitim sisteminin laikle\u015ftirilmesi y\u00f6n\u00fcnde \u00e7aba sarf edilmesi gerekti\u011fine inand\u0131klar\u0131n\u0131 ifade ederek, \u015funlar\u0131 kaydetti:<\/p>\n<p>&#8220;Evrim teorisi gibi bilimsel bir tezin kar\u015f\u0131s\u0131na yarad\u0131l\u0131\u015f\u0131 in\u015fa etmeye \u00e7al\u0131\u015fanlarla ilgili olarak E\u011fitim-Sen&#8217;in yapm\u0131\u015f oldu\u011fu bir a\u00e7\u0131klama gerek\u00e7e g\u00f6sterilerek, yap\u0131lan hukuksal m\u00fccadeleyle web sitemiz engellenmi\u015ftir. Web sitemizin engellenmesi bir yan\u0131yla E\u011fitim-Sen&#8217;in y\u00fcr\u00fctmekte oldu\u011fu laik ve demokrasi m\u00fccadelesinden duyulan rahats\u0131zl\u0131kla ilgilidir, di\u011fer yan\u0131na bakt\u0131\u011f\u0131m\u0131zda ise bu \u00fclkede giderek farkl\u0131l\u0131klara tahamm\u00fcls\u00fczl\u00fck geli\u015ftirilmektedir.&#8221;<\/p>\n<p>Hukuksal i\u015flemle ilgili &#8220;\u00e7ok ciddi&#8221; eksiklikler oldu\u011funu savunan Y\u0131ld\u0131z, kendilerine tebli\u011f edilmi\u015f bir karar bulunmad\u0131\u011f\u0131n\u0131 s\u00f6yledi.<\/p>\n<p>Bu arada, bas\u0131n a\u00e7\u0131klamas\u0131 \u00f6ncesinde T\u00fcnel giri\u015finde bekleyen grup ile buradaki \u00f6zel g\u00fcvenlik g\u00f6revlisi aras\u0131nda k\u0131sa s\u00fcreli bir tart\u0131\u015fma ya\u015fand\u0131.<\/p>\n<p>(Via <a href=\"http:\/\/www.cnnturk.com\">CNN T\u00dcRK<\/a>.)<\/p>\n","protected":false},"excerpt":{"rendered":"<p>E\u011fitim-Sen&#8217;den &#8220;yasak&#8221; protestosu: &#8220;E\u011fitim-Sen \u0130stanbul \u015fubeleri, sendikan\u0131n internet sitesine eri\u015fimin Gebze 2&#8217;in Asliye Hukuk Mahkemesinin 2008\/118 esas say\u0131l\u0131 karar\u0131yla engellenmesini protesto etti.&#8221; Karak\u00f6y T\u00fcnel giri\u015finde toplanan grup ad\u0131na bas\u0131n a\u00e7\u0131klamas\u0131n\u0131, E\u011fitim-Sen E\u011fitim Sekreteri \u00dcnsal Y\u0131ld\u0131z yapt\u0131. E\u011fitim-Sen&#8217;in laik, bilimsel, demokratik e\u011fitim m\u00fccadelesi y\u00fcr\u00fctt\u00fc\u011f\u00fcn\u00fc belirten Y\u0131ld\u0131z, &#8220;Y\u00fcr\u00fctmeye \u00e7al\u0131\u015ft\u0131\u011f\u0131 m\u00fccadelenin bu karakteriyle \u00fclkemizdeki gericiler, \u0131rk\u00e7\u0131lar ve ulusalc\u0131lar, egemenler taraf\u0131ndan elbette bir hedef&#8230;<\/p>\n","protected":false},"author":1,"featured_media":0,"comment_status":"open","ping_status":"closed","sticky":false,"template":"","format":"standard","meta":{"jetpack_post_was_ever_published":false,"_jetpack_newsletter_access":"","_jetpack_dont_email_post_to_subs":false,"_jetpack_newsletter_tier_id":0,"_jetpack_memberships_contains_paywalled_content":false,"_jetpack_memberships_contains_paid_content":false,"footnotes":"","jetpack_publicize_message":"","jetpack_publicize_feature_enabled":true,"jetpack_social_post_already_shared":false,"jetpack_social_options":{"image_generator_settings":{"template":"highway","default_image_id":0,"font":"","enabled":false},"version":2}},"categories":[5,21,28],"tags":[],"class_list":["post-139","post","type-post","status-publish","format-standard","hentry","category-dusunce-ozgurlugu","category-erisim-engelleme","category-hakaret"],"jetpack_publicize_connections":[],"jetpack_featured_media_url":"","jetpack_sharing_enabled":true,"jetpack_shortlink":"https:\/\/wp.me\/p7wjA8-2f","jetpack-related-posts":[],"_links":{"self":[{"href":"https:\/\/privacy.cyber-rights.org.tr\/index.php?rest_route=\/wp\/v2\/posts\/139","targetHints":{"allow":["GET"]}}],"collection":[{"href":"https:\/\/privacy.cyber-rights.org.tr\/index.php?rest_route=\/wp\/v2\/posts"}],"about":[{"href":"https:\/\/privacy.cyber-rights.org.tr\/index.php?rest_route=\/wp\/v2\/types\/post"}],"author":[{"embeddable":true,"href":"https:\/\/privacy.cyber-rights.org.tr\/index.php?rest_route=\/wp\/v2\/users\/1"}],"replies":[{"embeddable":true,"href":"https:\/\/privacy.cyber-rights.org.tr\/index.php?rest_route=%2Fwp%2Fv2%2Fcomments&post=139"}],"version-history":[{"count":0,"href":"https:\/\/privacy.cyber-rights.org.tr\/index.php?rest_route=\/wp\/v2\/posts\/139\/revisions"}],"wp:attachment":[{"href":"https:\/\/privacy.cyber-rights.org.tr\/index.php?rest_route=%2Fwp%2Fv2%2Fmedia&parent=139"}],"wp:term":[{"taxonomy":"category","embeddable":true,"href":"https:\/\/privacy.cyber-rights.org.tr\/index.php?rest_route=%2Fwp%2Fv2%2Fcategories&post=139"},{"taxonomy":"post_tag","embeddable":true,"href":"https:\/\/privacy.cyber-rights.org.tr\/index.php?rest_route=%2Fwp%2Fv2%2Ftags&post=139"}],"curies":[{"name":"wp","href":"https:\/\/api.w.org\/{rel}","templated":true}]}}