{"id":140,"date":"2008-09-27T16:53:08","date_gmt":"2008-09-27T13:53:08","guid":{"rendered":"http:\/\/privacy.cyber-rights.org.tr\/?p=140"},"modified":"2008-09-27T16:53:10","modified_gmt":"2008-09-27T13:53:10","slug":"egitim-sen-erisim-engellemesi-basin-aciklamasi","status":"publish","type":"post","link":"https:\/\/privacy.cyber-rights.org.tr\/?p=140","title":{"rendered":"E\u011e\u0130T\u0130M SEN Eri\u015fim Engellemesi Bas\u0131n A\u00e7\u0131klamas\u0131"},"content":{"rendered":"<p><a href=\"http:\/\/www.egitimsen.org.tr\/index.php?yazi=1692\">E\u011e\u0130T\u0130M SEN &#8211; E\u011fitim ve Bilim Emek\u00e7ileri Sendikas\u0131 **<\/a>: &#8220;\u0130nternet Sitemizin Kapat\u0131lmas\u0131n\u0131, Bilime ve Bilimsel D\u00fc\u015f\u00fcnceye Kar\u015f\u0131 Yap\u0131lm\u0131\u015f Bir M\u00fcdahale Olarak De\u011ferlendiriyoruz! &#8211; 2008-09-27<\/p>\n<p><strong>E\u011fitim Sen Genel Ba\u015fkan\u0131 Z\u00fcbeyde K\u0131l\u0131\u00e7 \u0131n internet sitemizin eri\u015fime engellenmesi konusunda sendika, siyasi parti ve demokratik kitle \u00f6rg\u00fct\u00fc temsilcileri ile birlikte yapm\u0131\u015f oldu\u011fu a\u00e7\u0131klama:<\/strong><\/p>\n<p>E\u011fitim Sen\u2019in web sayfas\u0131, kamuoyunda \u2018Harun Yahya\u2019 olarak bilinen Adnan Oktar\u2019\u0131n Gebze 2. Asliye Hukuk Mahkemesinden ald\u0131rm\u0131\u015f oldu\u011fu bir kararla, 24 Eyl\u00fcl 2008 tarihinden bug\u00fcne kadar engellenmi\u015ftir. 24 Eyl\u00fcl 2008 \u00c7ar\u015famba g\u00fcn\u00fc sabah saat 09.40\u2019dan itibaren E\u011fitim Sen\u2019in internet sitesine girenler, son d\u00f6nemde \u00f6rneklerine s\u0131k\u00e7a kar\u015f\u0131la\u015ft\u0131\u011f\u0131m\u0131z \u2018Bu Siteye Eri\u015fim Mahkeme Karar\u0131yla Engellenmi\u015ftir\u2019 ifadesini g\u00f6rm\u00fc\u015flerdir.<\/p>\n<p><strong>E\u011fitim Sen Genel Merkezine bu konuyla ilgili daha \u00f6nce herhangi bir yasal uyar\u0131 ya da tebligat yap\u0131lmamas\u0131 nedeniyle, engellemenin hangi gerek\u00e7eyle yap\u0131ld\u0131\u011f\u0131 ancak yapm\u0131\u015f oldu\u011fumuz giri\u015fimler sonucunda anla\u015f\u0131labilmi\u015ftir.<\/strong><\/p>\n<p>E\u011fitim Sen\u2019in internet sitesi, g\u00fcnde binlerce ki\u015finin ziyaret edilen ve sendikal faaliyetlerimizi kolayla\u015ft\u0131ran, g\u00fc\u00e7lendiren bir i\u015flev g\u00f6rmesi nedeniyle bizim i\u00e7in \u00f6nemlidir. Dolay\u0131s\u0131yla eri\u015fim engellemesi, ayn\u0131 zamanda sendikam\u0131z\u0131n faaliyet alanlar\u0131ndan birisinin engellenmesi anlam\u0131n\u0131 ta\u015f\u0131maktad\u0131r.<br \/>\n<!--more--><br \/>\nE\u011fitim Sen\u2019in internet sitesinin, kamuoyunda evrensel ve bilimsel bir ger\u00e7ek olarak kabul edilen evrim teorisine kar\u015f\u0131 \u2018yarad\u0131l\u0131\u015f teorisini\u2019 savunmas\u0131yla \u00fcnlenen Adnan Hoca\u2019c\u0131lar taraf\u0131ndan biyoloji \u00f6\u011fretmenlerine g\u00f6nderilen \u2018Yarad\u0131l\u0131\u015f Atlas\u0131\u2019 ile ilgili olarak yapt\u0131\u011f\u0131 a\u00e7\u0131klama gerek\u00e7e g\u00f6sterilerek eri\u015fime engellenmi\u015f olmas\u0131, her a\u00e7\u0131dan sorgulanmas\u0131 gereken bir durumdur.<\/p>\n<p>5187 Say\u0131l\u0131 Bas\u0131n Yasas\u0131n\u0131n \u2018D\u00fczeltme ve cevap\u2019 ba\u015fl\u0131kl\u0131 14. maddesi gere\u011fince \u2018S\u00fcreli yay\u0131nlarda ki\u015filerin \u015feref ve haysiyetini ihl\u00e2l edici veya ki\u015filerle ilgili ger\u00e7e\u011fe ayk\u0131r\u0131 yay\u0131m yap\u0131lmas\u0131 halinde, bundan zarar g\u00f6ren ki\u015finin yay\u0131m tarihinden itibaren iki ay i\u00e7inde cevap ve d\u00fczeltme metni g\u00f6nderece\u011fi\u2019 belirtilmektedir. <strong>\u2018\u0130htiyati Tedbir\u2019 isteyen ve Harun Yahya ad\u0131n\u0131 kullanan Adnan OKTAR taraf\u0131ndan sendikan\u0131n internet sitesinde yay\u0131mlanan bu bas\u0131n a\u00e7\u0131klamas\u0131 ile ilgili olarak s\u00fcresi i\u00e7inde \u2018Cevap ve D\u00fczeltme\u2019 isteminde bulunulmam\u0131\u015ft\u0131r.<\/strong> \u2018Okullara \u00dccretsiz G\u00f6nderilen Harun Yahya \u0130mzal\u0131 \u2018Yarat\u0131l\u0131\u015f Atlas\u0131\u2019 \u0130le Ne ama\u00e7lan\u0131yor\u2019 konulu bir bas\u0131n a\u00e7\u0131klamas\u0131 bundan 19 ay \u00f6nce 28 \u015eubat 2007 tarihinde yap\u0131lm\u0131\u015ft\u0131r.<\/p>\n<p>5651 say\u0131l\u0131 \u0130nternet Ortam\u0131nda Yap\u0131lan Yay\u0131nlar\u0131n D\u00fczenlenmesi ve Bu Yay\u0131nlar Yoluyla \u0130\u015flenen Su\u00e7larla M\u00fccadele Edilmesi Hakk\u0131nda Yasan\u0131n \u2018Eri\u015fimin engellenmesi karar\u0131 ve yerine getirilmesi\u2019 ba\u015fl\u0131kl\u0131 8. maddesinin 1. f\u0131kras\u0131 uyar\u0131nca; internet ortam\u0131nda yap\u0131lan ve i\u00e7eri\u011fi a\u015fa\u011f\u0131daki su\u00e7lar\u0131 olu\u015fturdu\u011fu hususunda yeterli \u015f\u00fcphe sebebi bulunan yay\u0131nlarla ilgili olarak eri\u015fimin engellenmesine karar verilebilecektir.<\/p>\n<p>a) 26\/9\/2004 tarihli ve 5237 say\u0131l\u0131 T\u00fcrk Ceza Kanununda yer alan;<\/p>\n<p>1) \u0130ntihara y\u00f6nlendirme (madde 84),  <\/p>\n<p>2) \u00c7ocuklar\u0131n cinsel istismar\u0131 (madde 103, birinci f\u0131kra),<\/p>\n<p>3) Uyu\u015fturucu veya uyar\u0131c\u0131 madde kullan\u0131lmas\u0131n\u0131 kolayla\u015ft\u0131rma (madde 190),<\/p>\n<p>4) Sa\u011fl\u0131k i\u00e7in tehlikeli madde temini (madde 194),<\/p>\n<p>5) M\u00fcstehcenlik (madde 226),<\/p>\n<p>6) Fuhu\u015f (madde 227),<\/p>\n<p>7) Kumar oynanmas\u0131 i\u00e7in yer ve imk\u00e2n sa\u011flama (madde 228) su\u00e7lar\u0131.<\/p>\n<p>b) 25\/7\/1951 tarihli ve 5816 say\u0131l\u0131 Atat\u00fcrk Aleyhine \u0130\u015flenen Su\u00e7lar Hakk\u0131nda Kanunda yer alan su\u00e7lar.<\/p>\n<p><strong>Eri\u015fimin engellenmesi karar\u0131n\u0131n verilebilece\u011fi haller yasada tek tek say\u0131lm\u0131\u015ft\u0131r. Sendikam\u0131z\u0131n web sitesinde belirtilen kapsamda bir yay\u0131m yoktur. B\u00f6yle bir yay\u0131m olmad\u0131\u011f\u0131 halde, siteye eri\u015fimin engellenmesi sonucunu do\u011furacak bir kararla ihtiyati tedbir karar\u0131n\u0131n verilmesi 5651 say\u0131l\u0131 Yasaya a\u00e7\u0131k\u00e7a ayk\u0131r\u0131d\u0131r.<\/strong><\/p>\n<p><strong>E\u011fitim Sen\u2019in internet sitesi ile birlikte iki internet sitesi hakk\u0131nda ihtiyati tedbir karar\u0131 verilmesini istenmi\u015ftir. Mahkeme, her \u00fc\u00e7 sitede yer alan haberleri tek bir haber gibi de\u011ferlendirmi\u015f ve ayn\u0131 kararla her \u00fc\u00e7 siteye de eri\u015fimin engellenmesi y\u00f6n\u00fcnde karar vermi\u015ftir. Bu karar, E\u011fitim Sen\u2019in ba\u015fkalar\u0131n\u0131n eylem ve etkinliklerinden sorumlu tutulmas\u0131 anlam\u0131na gelmektedir.<\/strong><\/p>\n<p>\u0130htiyati tedbir isteyen Adnan OKTAR\u2019\u0131n adresi Kad\u0131k\u00f6y\/\u0130STANBUL, E\u011fitim Sen\u2019in Genel Merkezi ise \u00c7ankaya\/ANKARA\u2019d\u0131r. Kural olarak ihtiyati tedbir istemi en \u00e7abuk ve en ucuz elde edilebilecek yere ba\u015fvuruda bulunarak yap\u0131l\u0131r. <strong>Ancak ba\u015fvuru her iki adreste de\u011fil, neden anla\u015f\u0131lmaz bi\u00e7imde Gebze Asliye Hukuk Mahkemesine yap\u0131lm\u0131\u015ft\u0131r?<\/strong><\/p>\n<p>G\u00f6r\u00fcld\u00fc\u011f\u00fc gibi sorun basit bir site kapatma sorunu de\u011fildir. <strong>\u00dclkemizde Harun Yahya ad\u0131yla \u00f6zde\u015fle\u015fen, bilimsel olarak ciddiye al\u0131n\u0131r bir yan\u0131 olmayan \u2018yarad\u0131l\u0131\u015f\u00e7\u0131\u2019 iddialar, arkas\u0131nda k\u00fcresel ve yerel iktidarlarca beslenen gericili\u011fin deste\u011fini ald\u0131\u011f\u0131ndan yayg\u0131n bir alanda faaliyet y\u00fcr\u00fct\u00fcyorlar. E\u011fitim Sen\u2019in internet sitesi, ayn\u0131 zamanda \u00e7ocuklar\u0131m\u0131z\u0131n zihninin bilim d\u0131\u015f\u0131 safsatalarla doldurulmas\u0131na kar\u015f\u0131 \u00e7\u0131kt\u0131\u011f\u0131 i\u00e7in kapat\u0131lm\u0131\u015ft\u0131r.<br \/>\n<\/strong><br \/>\nBir e\u011fitim ve bilim \u00f6rg\u00fct\u00fcn\u00fcn, bilimselli\u011fi kan\u0131tlanm\u0131\u015f ger\u00e7ekleri ifade etti\u011fi i\u00e7in \u2018bilim d\u0131\u015f\u0131 d\u00fc\u015f\u00fcnceleri ifade etmekle\u2019 su\u00e7lanmas\u0131, \u00fcstelik bunun bir mahkeme karar\u0131 ile tescil edilmesinin ak\u0131lla ve mant\u0131kla izah edilebilir bir yan\u0131 yoktur.<\/p>\n<p>E\u011fitim Sen, bug\u00fcne kadar hep bilimin, bilimsel ger\u00e7eklerin savunucusu olmu\u015f, her t\u00fcrl\u00fc \u0131rk\u00e7\u0131, gerici ve bilim d\u0131\u015f\u0131 safsatalar\u0131n, hurafelerin kar\u015f\u0131s\u0131nda durmu\u015f bir sendikad\u0131r. Savundu\u011fumuz de\u011ferlerden \u00fczerimizde en yo\u011fun bask\u0131lar\u0131n oldu\u011fu zamanlarda bile geri ad\u0131m atmad\u0131\u011f\u0131m\u0131z kamuoyu taraf\u0131ndan bilinmektedir. Bu nedenle bug\u00fcn E\u011fitim Sen\u2019in faaliyetlerini \u00e7e\u015fitli \u015fekillerde engellemeye \u00e7al\u0131\u015fanlar, ayn\u0131 zamanda bilimsel, demokratik ve laik e\u011fitim m\u00fccadelemizi engellemek isteyenlerdir.<\/p>\n<p>E\u011fitim Sen bu t\u00fcr sald\u0131r\u0131larla daha \u00f6nce de kar\u015f\u0131 kar\u015f\u0131ya kalm\u0131\u015f, ancak ilkelerinden ve savundu\u011fu de\u011ferlerden taviz vermeyerek tutarl\u0131 ve kararl\u0131 \u00e7izgisini s\u00fcrd\u00fcrm\u00fc\u015ft\u00fcr. Sendikam\u0131z internet sitesinin yapm\u0131\u015f oldu\u011fumuz hukuki giri\u015fimler sonucunda yeniden a\u00e7\u0131lmas\u0131na karar verilmi\u015ftir.<\/p>\n<p>Bas\u0131n yay\u0131n ve ileti\u015fim alan\u0131nda sans\u00fcr\u00fcn giderek yayg\u0131nla\u015ft\u0131\u011f\u0131, ba\u015fbakan\u0131n bile bas\u0131na \u2018boykot\u2019 \u00e7a\u011fr\u0131s\u0131 yapt\u0131\u011f\u0131 bir \u00fclkede, ba\u015fta ifade \u00f6z\u00fcrl\u00fc\u011f\u00fc olmak \u00fczere, demokrasinin en temel ilkelerinden bile bahsetmek m\u00fcmk\u00fcn de\u011fildir.<\/p>\n<p>T\u00fcrkiye\u2019de en temel \u00f6zg\u00fcrl\u00fcklerle bile ba\u011fda\u015fmayan bu t\u00fcr engellemelerin bir kez daha ya\u015fanmamas\u0131 i\u00e7in, ba\u015fta e\u011fitim emek\u00e7ileri ve bilim insanlar\u0131 olmak \u00fczere, bu t\u00fcr uygulamalardan rahats\u0131zl\u0131k duyan herkesi hak ve \u00f6zg\u00fcrl\u00fcklerimiz i\u00e7in birlikte m\u00fccadeleye \u00e7a\u011f\u0131r\u0131yoruz.&#8221;<\/p>\n","protected":false},"excerpt":{"rendered":"<p>E\u011e\u0130T\u0130M SEN &#8211; E\u011fitim ve Bilim Emek\u00e7ileri Sendikas\u0131 **: &#8220;\u0130nternet Sitemizin Kapat\u0131lmas\u0131n\u0131, Bilime ve Bilimsel D\u00fc\u015f\u00fcnceye Kar\u015f\u0131 Yap\u0131lm\u0131\u015f Bir M\u00fcdahale Olarak De\u011ferlendiriyoruz! &#8211; 2008-09-27 E\u011fitim Sen Genel Ba\u015fkan\u0131 Z\u00fcbeyde K\u0131l\u0131\u00e7 \u0131n internet sitemizin eri\u015fime engellenmesi konusunda sendika, siyasi parti ve demokratik kitle \u00f6rg\u00fct\u00fc temsilcileri ile birlikte yapm\u0131\u015f oldu\u011fu a\u00e7\u0131klama: E\u011fitim Sen\u2019in web sayfas\u0131, kamuoyunda \u2018Harun Yahya\u2019 olarak bilinen Adnan Oktar\u2019\u0131n&#8230;<\/p>\n","protected":false},"author":1,"featured_media":0,"comment_status":"open","ping_status":"closed","sticky":false,"template":"","format":"standard","meta":{"jetpack_post_was_ever_published":false,"_jetpack_newsletter_access":"","_jetpack_dont_email_post_to_subs":false,"_jetpack_newsletter_tier_id":0,"_jetpack_memberships_contains_paywalled_content":false,"_jetpack_memberships_contains_paid_content":false,"footnotes":"","jetpack_publicize_message":"","jetpack_publicize_feature_enabled":true,"jetpack_social_post_already_shared":false,"jetpack_social_options":{"image_generator_settings":{"template":"highway","default_image_id":0,"font":"","enabled":false},"version":2}},"categories":[22,5,21,28],"tags":[],"class_list":["post-140","post","type-post","status-publish","format-standard","hentry","category-5651-nolu-kanun","category-dusunce-ozgurlugu","category-erisim-engelleme","category-hakaret"],"jetpack_publicize_connections":[],"jetpack_featured_media_url":"","jetpack_sharing_enabled":true,"jetpack_shortlink":"https:\/\/wp.me\/p7wjA8-2g","jetpack-related-posts":[],"_links":{"self":[{"href":"https:\/\/privacy.cyber-rights.org.tr\/index.php?rest_route=\/wp\/v2\/posts\/140","targetHints":{"allow":["GET"]}}],"collection":[{"href":"https:\/\/privacy.cyber-rights.org.tr\/index.php?rest_route=\/wp\/v2\/posts"}],"about":[{"href":"https:\/\/privacy.cyber-rights.org.tr\/index.php?rest_route=\/wp\/v2\/types\/post"}],"author":[{"embeddable":true,"href":"https:\/\/privacy.cyber-rights.org.tr\/index.php?rest_route=\/wp\/v2\/users\/1"}],"replies":[{"embeddable":true,"href":"https:\/\/privacy.cyber-rights.org.tr\/index.php?rest_route=%2Fwp%2Fv2%2Fcomments&post=140"}],"version-history":[{"count":0,"href":"https:\/\/privacy.cyber-rights.org.tr\/index.php?rest_route=\/wp\/v2\/posts\/140\/revisions"}],"wp:attachment":[{"href":"https:\/\/privacy.cyber-rights.org.tr\/index.php?rest_route=%2Fwp%2Fv2%2Fmedia&parent=140"}],"wp:term":[{"taxonomy":"category","embeddable":true,"href":"https:\/\/privacy.cyber-rights.org.tr\/index.php?rest_route=%2Fwp%2Fv2%2Fcategories&post=140"},{"taxonomy":"post_tag","embeddable":true,"href":"https:\/\/privacy.cyber-rights.org.tr\/index.php?rest_route=%2Fwp%2Fv2%2Ftags&post=140"}],"curies":[{"name":"wp","href":"https:\/\/api.w.org\/{rel}","templated":true}]}}