{"id":1430,"date":"2011-05-04T10:54:31","date_gmt":"2011-05-04T07:54:31","guid":{"rendered":"http:\/\/privacy.cyber-rights.org.tr\/?p=1430"},"modified":"2011-05-04T10:54:33","modified_gmt":"2011-05-04T07:54:33","slug":"internete-filtreden-donus-yok-trt","status":"publish","type":"post","link":"https:\/\/privacy.cyber-rights.org.tr\/?p=1430","title":{"rendered":"&#8220;\u0130nternete Filtre&#8221;den D\u00f6n\u00fc\u015f Yok! &#8211; TRT"},"content":{"rendered":"<p><a href=\"http:\/\/www.trt.net.tr\/trtavaz\/internete-filtreden-donus-yok---haber-detay,tr,ee0d5af6-4894-46b7-a159-e573bc63ec5b.aspx\">&#8220;\u0130nternete Filtre&#8221;den D\u00f6n\u00fc\u015f Yok! &#8211; Haber &#8211; TRT Avaz<\/a><\/p>\n<p>BTK, 22 A\u011fustos&#8217;ta ba\u015flayacak internette filtre y\u00f6nteminin &#8216;aile ve \u00e7ocu\u011fun korunmas\u0131&#8217;na y\u00f6nelik oldu\u011fu, karardan d\u00f6n\u00fc\u015f olmad\u0131\u011f\u0131 mesaj\u0131 verdi.<\/p>\n<p>Yay\u0131na Giri\u015f: 04.05.2011 10:23:36<\/p>\n<p>Baz\u0131 \u00e7evrelerin \u2018internetin sonu\u2019 olarak de\u011ferlendirdi\u011fi 22 A\u011fustos\u2019ta ba\u015flayacak internete filtre uygulamas\u0131 konusunda Bilgi Teknolojileri ve \u0130leti\u015fim Kurumu\u2019ndan (BTK) \u2018uygulamadan d\u00f6n\u00fc\u015f yok\u2019 mesaj\u0131 geldi.<\/p>\n<p>BTK b\u00fcnyesindeki Telekom\u00fcnikasyon \u0130leti\u015fim Ba\u015fkan\u0131 (T\u0130B) Fethi \u015eim\u015fek, benzer y\u00f6ntemlerin ABD, Almanya, \u0130ngiltere ve Avusturya gibi \u00fclkelerde de oldu\u011funa dikkat \u00e7ekti. Uygulaman\u0131n kullan\u0131c\u0131lar i\u00e7in mevcut internet eri\u015fimlerine hi\u00e7bir de\u011fi\u015fiklik getirmedi\u011fini savunan \u015eim\u015fek, i\u015flemin, ilgili yasaya g\u00f6re \u00e7ocuk ve ailenin korunmas\u0131na d\u00f6n\u00fck oldu\u011funu anlatt\u0131.<\/p>\n<p>\u015eim\u015fek, &#8216;G\u00fcvenli \u0130nternet Hizmeti, kullan\u0131c\u0131lara filtreli alternatif internet hizmetleri sunar&#8217; dedi.<\/p>\n<p>T\u0130B internette kullan\u0131c\u0131lar\u0131n\u0131, &#8216;aile&#8217;, &#8216;\u00e7ocuk&#8217;, &#8216;yurti\u00e7i&#8217; ve &#8216;standart&#8217; olarak ay\u0131rm\u0131\u015f ve bu kategorilere uygun paketler geli\u015ftirmi\u015fti.<\/p>\n<p>&#8216;\u00d6zg\u00fcrl\u00fckler K\u0131s\u0131tlan\u0131yor Alg\u0131s\u0131 Olu\u015fmaz m\u0131?&#8217;<br \/>\nCumhurba\u015fkan\u0131 Abdullah G\u00fcl&#8217;\u00fcn, BTK \u0130kinci Ba\u015fkan\u0131 Ayhan Beydo\u011fan ile T\u0130B Ba\u015fkan\u0131 Fethi \u015eim\u015fek&#8217;i kabul\u00fcnde, 22 A\u011fustos\u2019ta ba\u015flayacak uygulama da g\u00fcndeme geldi.<\/p>\n<p>Cumhurba\u015fkan\u0131 G\u00fcl, \u2018\u00d6zg\u00fcrl\u00fckler k\u0131s\u0131tlan\u0131yor alg\u0131s\u0131 olu\u015fmaz m\u0131?&#8217; diye sordu. Yetkililer, \u2018Standart pakete \u00fcye olanlar, istedi\u011fi siteye girebilecek&#8217; dedi. (HT Ekonomi)&#8221;<\/p>\n<p>(Via <a href=\"\"><\/a>.)<\/p>\n","protected":false},"excerpt":{"rendered":"<p>&#8220;\u0130nternete Filtre&#8221;den D\u00f6n\u00fc\u015f Yok! &#8211; Haber &#8211; TRT Avaz BTK, 22 A\u011fustos&#8217;ta ba\u015flayacak internette filtre y\u00f6nteminin &#8216;aile ve \u00e7ocu\u011fun korunmas\u0131&#8217;na y\u00f6nelik oldu\u011fu, karardan d\u00f6n\u00fc\u015f olmad\u0131\u011f\u0131 mesaj\u0131 verdi. Yay\u0131na Giri\u015f: 04.05.2011 10:23:36 Baz\u0131 \u00e7evrelerin \u2018internetin sonu\u2019 olarak de\u011ferlendirdi\u011fi 22 A\u011fustos\u2019ta ba\u015flayacak internete filtre uygulamas\u0131 konusunda Bilgi Teknolojileri ve \u0130leti\u015fim Kurumu\u2019ndan (BTK) \u2018uygulamadan d\u00f6n\u00fc\u015f yok\u2019 mesaj\u0131 geldi. BTK b\u00fcnyesindeki Telekom\u00fcnikasyon \u0130leti\u015fim Ba\u015fkan\u0131&#8230;<\/p>\n","protected":false},"author":1,"featured_media":0,"comment_status":"open","ping_status":"closed","sticky":false,"template":"","format":"standard","meta":{"jetpack_post_was_ever_published":false,"_jetpack_newsletter_access":"","_jetpack_dont_email_post_to_subs":false,"_jetpack_newsletter_tier_id":0,"_jetpack_memberships_contains_paywalled_content":false,"_jetpack_memberships_contains_paid_content":false,"footnotes":"","jetpack_publicize_message":"","jetpack_publicize_feature_enabled":true,"jetpack_social_post_already_shared":false,"jetpack_social_options":{"image_generator_settings":{"template":"highway","default_image_id":0,"font":"","enabled":false},"version":2}},"categories":[22,179,178,94,3,17,67],"tags":[],"class_list":["post-1430","post","type-post","status-publish","format-standard","hentry","category-5651-nolu-kanun","category-btk-plani","category-cilgin-proje","category-filtreleme","category-sansur","category-tib","category-turkiye"],"jetpack_publicize_connections":[],"jetpack_featured_media_url":"","jetpack_sharing_enabled":true,"jetpack_shortlink":"https:\/\/wp.me\/p7wjA8-n4","jetpack-related-posts":[],"_links":{"self":[{"href":"https:\/\/privacy.cyber-rights.org.tr\/index.php?rest_route=\/wp\/v2\/posts\/1430","targetHints":{"allow":["GET"]}}],"collection":[{"href":"https:\/\/privacy.cyber-rights.org.tr\/index.php?rest_route=\/wp\/v2\/posts"}],"about":[{"href":"https:\/\/privacy.cyber-rights.org.tr\/index.php?rest_route=\/wp\/v2\/types\/post"}],"author":[{"embeddable":true,"href":"https:\/\/privacy.cyber-rights.org.tr\/index.php?rest_route=\/wp\/v2\/users\/1"}],"replies":[{"embeddable":true,"href":"https:\/\/privacy.cyber-rights.org.tr\/index.php?rest_route=%2Fwp%2Fv2%2Fcomments&post=1430"}],"version-history":[{"count":1,"href":"https:\/\/privacy.cyber-rights.org.tr\/index.php?rest_route=\/wp\/v2\/posts\/1430\/revisions"}],"predecessor-version":[{"id":1431,"href":"https:\/\/privacy.cyber-rights.org.tr\/index.php?rest_route=\/wp\/v2\/posts\/1430\/revisions\/1431"}],"wp:attachment":[{"href":"https:\/\/privacy.cyber-rights.org.tr\/index.php?rest_route=%2Fwp%2Fv2%2Fmedia&parent=1430"}],"wp:term":[{"taxonomy":"category","embeddable":true,"href":"https:\/\/privacy.cyber-rights.org.tr\/index.php?rest_route=%2Fwp%2Fv2%2Fcategories&post=1430"},{"taxonomy":"post_tag","embeddable":true,"href":"https:\/\/privacy.cyber-rights.org.tr\/index.php?rest_route=%2Fwp%2Fv2%2Ftags&post=1430"}],"curies":[{"name":"wp","href":"https:\/\/api.w.org\/{rel}","templated":true}]}}