{"id":1432,"date":"2011-05-04T11:10:12","date_gmt":"2011-05-04T08:10:12","guid":{"rendered":"http:\/\/privacy.cyber-rights.org.tr\/?p=1432"},"modified":"2011-05-04T11:10:14","modified_gmt":"2011-05-04T08:10:14","slug":"doc-dr-akdeniz-turkiyenin-internet-politikalari-ab-yerine-cine-uyumlu-hale-geliyor-euractiv-com-tr-%e2%80%93-turkiye%e2%80%99nin-online-ab-gazetesi","status":"publish","type":"post","link":"https:\/\/privacy.cyber-rights.org.tr\/?p=1432","title":{"rendered":"Do\u00e7. Dr. Akdeniz: &#8216;T\u00fcrkiye&#8217;nin internet politikalar\u0131 AB yerine \u00c7in&#8217;e uyumlu hale geliyor&#8217; | EurActiv.com.tr \u2013 T\u00fcrkiye\u2019nin online AB Gazetesi"},"content":{"rendered":"<p><a href=\"http:\/\/www.euractiv.com.tr\/telekomunikasyon\/article\/doc-dr-akdeniz-turkiyenin-internet-politikalari-ab-yerine-cine-yaklasiyor-017895\">Do\u00e7. Dr. Akdeniz: &#8216;T\u00fcrkiye&#8217;nin internet politikalar\u0131 AB yerine \u00c7in&#8217;e uyumlu hale geliyor&#8217; | Telekom\u00fcnikasyon | EurActiv.com.tr \u2013 T\u00fcrkiye\u2019nin online AB Gazetesi<\/a><\/p>\n<p>\u0130stanbul Bilgi \u00dcniversitesi Hukuk Fak\u00fcltesi \u00f6\u011fretim \u00fcyesi ve Cyber-Rights.Org Direkt\u00f6r\u00fc Do\u00e7. Dr. Yaman Akdeniz, T\u00fcrkiye\u2019de internette sans\u00fcr\u00fcn geldi\u011fi nokta ve durumunun gidi\u015fat\u0131 ile ilgili EurActiv\u2019e de\u011ferlendirmelerde bulundu. \u2018T\u00fcrkiye&#8217;nin internet politikas\u0131n\u0131n AB&#8217;ye yakla\u015fmaktan ziyade yava\u015f yava\u015f \u00c7in politikalar\u0131na daha uyumlu bir hale gelmeye ba\u015flad\u0131\u011f\u0131n\u0131\u2019 belirten Akdeniz; site kapatmalar, eri\u015fim engelleri, \u2018yasakl\u0131 kelime\u2019 listeleri ve filtre kullanma zorunluluklar\u0131yla, T\u00fcrkiye\u2019nin internet sans\u00fcr altyap\u0131s\u0131n\u0131n olu\u015fturulmaya ba\u015fland\u0131\u011f\u0131 de\u011ferlendirmesinde bulundu.<\/p>\n<p>Euractiv.com.tr, 04.05.2011<\/p>\n<p>\u2018T\u00fcrkiye&#8217;de internet sans\u00fcrlerinin g\u00fcnden g\u00fcne artmakta ve geli\u015fmekte oldu\u011funu\u2019 belirten Akdeniz, 5651 say\u0131l\u0131 Kanun&#8217;un y\u00fcr\u00fcrl\u00fc\u011fe girmesinden sonra bug\u00fcn itibar\u0131 ile 12.000 civar\u0131 siteye eri\u015fimin T\u00fcrkiye&#8217;den engelli oldu\u011funu aktararak, resmi eri\u015fim engelleme istatistiklerinin May\u0131s 2009&#8217;dan beri yay\u0131nlanmad\u0131\u011f\u0131n\u0131 ve kamuoyundan gizlendi\u011finikaydetti.<\/p>\n<p>\u2018Her ne kadar h\u00fck\u00fcmet yetkilileri, \u00e7o\u011funlu\u011fun \u00e7ocuk pornografisi ve m\u00fcstehcen sitelerden olu\u015ftu\u011funu iddia etse dahi \u00e7ok say\u0131da siteye eri\u015fim politik nedenlerden dolay\u0131 engelleniyor\u2019 diyen Akdeniz, F\u0131ratNews, \u00d6zgur G\u00fcndem, Azadiya Welat, Rojamed, ve Koxuz gibi sitelere eri\u015fimin defalarca engellendi\u011fini ve engellenmeye devam etti\u011fini hat\u0131rlatt\u0131. Akdeniz, bunlar\u0131n yan\u0131 s\u0131ra bilim adam\u0131 Richard Dawkins&#8217;in sitesine eri\u015fimin Eyl\u00fcl 2008&#8217;den, Google Sites\u2019a eri\u015fimin Haziran 2009&#8217;dan beri engelli oldu\u011funu kaydederek YouTube&#8217;a eri\u015fimin de 2.5 sene boyunca engellendi\u011fini hat\u0131rlatt\u0131.<\/p>\n<p>Akdeniz, bu engellemelerle ilgili Avrupa \u0130nsan Haklar\u0131 Mahkemesi&#8217;ne YouTube ile ilgili \u00fc\u00e7 ba\u015fvurunun yap\u0131ld\u0131\u011f\u0131n\u0131, ayr\u0131ca Google Sites ve Last.fm ile ilgili ba\u015fvurular\u0131n Strasbourg Mahkemesi taraf\u0131ndan incelemeye al\u0131nd\u0131\u011f\u0131n\u0131 ve T\u00fcrkiye&#8217;den 9 Haziran 2011 tarihine kadar bu ba\u015fvurularla ilgili cevap vermesi talep edildi\u011fini aktard\u0131.<\/p>\n<p>Avrupa Komisyonu\u2019nun da Kas\u0131m 2010 ilerleme raporunda,  arkas\u0131ndan Avrupa Parlamentosu\u2019nun Mart 2011&#8217;de T\u00fcrkiye&#8217;deki internet sans\u00fcrlerini ele\u015ftirdi\u011fini belirten Akdeniz, \u2018Peki T\u00fcrkiye ne yapt\u0131? BTK taraf\u0131ndan al\u0131nan bir karar ile &#8216;g\u00fcvenli internet&#8217; parolas\u0131 alt\u0131nda b\u00fct\u00fcn kullan\u0131c\u0131lar\u0131n kullanmas\u0131 zorunlu bir filtreleme sisteminin m\u00fcjdesini verdiler. Bu sistemin iptali i\u00e7in Dan\u0131\u015ftay&#8217;da Bianet taraf\u0131ndan bir iptal davas\u0131 a\u00e7\u0131ld\u0131. Arkas\u0131ndan T\u0130B taraf\u0131ndan ge\u00e7en hafta i\u00e7inde alan adlar\u0131nda kullan\u0131lmamas\u0131 gereken 138 kelimelik bir liste yer sa\u011flay\u0131c\u0131lar\u0131na g\u00f6nderildi\u2019 dedi.<\/p>\n<p>\u2018T\u00fcm bunlar\u0131 de\u011ferlendirdi\u011fimizde vahim bir durumla kar\u015f\u0131 kar\u015f\u0131yay\u0131z\u2019 diyen Akdeniz, \u2018T\u00fcrkiye&#8217;nin internet politikas\u0131n\u0131n AB&#8217;ye yakla\u015fmaktan ziyade yava\u015f yava\u015f \u00c7in politikalar\u0131na daha uyumlu bir hale gelmeye ba\u015flad\u0131\u011f\u0131n\u0131\u2019 belirtti.<\/p>\n<p>Akdeniz, \u2018ne oldu\u011fu belirsiz, hukuki dayana\u011f\u0131 olmayan politikalar\u0131n, dayatma usul\u00fc ile vatanda\u015flara ve internet servis sekt\u00f6r\u00fcne uygulanmaya \u00e7al\u0131\u015f\u0131ld\u0131\u011f\u0131n\u0131\u2019 belirterek, \u2018\u00c7ocuklar\u0131n korunmas\u0131 bahanesi ile her ya\u015ftan b\u00fct\u00fcn internet kullan\u0131c\u0131lar\u0131 kontrol alt\u0131na al\u0131nmaya \u00e7al\u0131\u015f\u0131l\u0131yor\u2019 dedi.<\/p>\n<p>Akdeniz, \u2018Bu giri\u015fimlerle T\u00fcrkiye&#8217;nin maalesef internet sans\u00fcr altyap\u0131s\u0131 olu\u015fturulmaya ba\u015fland\u0131\u2019 dedi.<\/p>\n","protected":false},"excerpt":{"rendered":"<p>Do\u00e7. Dr. Akdeniz: &#8216;T\u00fcrkiye&#8217;nin internet politikalar\u0131 AB yerine \u00c7in&#8217;e uyumlu hale geliyor&#8217; | Telekom\u00fcnikasyon | EurActiv.com.tr \u2013 T\u00fcrkiye\u2019nin online AB Gazetesi \u0130stanbul Bilgi \u00dcniversitesi Hukuk Fak\u00fcltesi \u00f6\u011fretim \u00fcyesi ve Cyber-Rights.Org Direkt\u00f6r\u00fc Do\u00e7. Dr. Yaman Akdeniz, T\u00fcrkiye\u2019de internette sans\u00fcr\u00fcn geldi\u011fi nokta ve durumunun gidi\u015fat\u0131 ile ilgili EurActiv\u2019e de\u011ferlendirmelerde bulundu. \u2018T\u00fcrkiye&#8217;nin internet politikas\u0131n\u0131n AB&#8217;ye yakla\u015fmaktan ziyade yava\u015f yava\u015f \u00c7in politikalar\u0131na daha uyumlu&#8230;<\/p>\n","protected":false},"author":1,"featured_media":0,"comment_status":"open","ping_status":"closed","sticky":false,"template":"","format":"standard","meta":{"jetpack_post_was_ever_published":false,"_jetpack_newsletter_access":"","_jetpack_dont_email_post_to_subs":false,"_jetpack_newsletter_tier_id":0,"_jetpack_memberships_contains_paywalled_content":false,"_jetpack_memberships_contains_paid_content":false,"footnotes":"","jetpack_publicize_message":"","jetpack_publicize_feature_enabled":true,"jetpack_social_post_already_shared":false,"jetpack_social_options":{"image_generator_settings":{"template":"highway","default_image_id":0,"font":"","enabled":false},"version":2}},"categories":[22,51,5,21,3,67,78],"tags":[],"class_list":["post-1432","post","type-post","status-publish","format-standard","hentry","category-5651-nolu-kanun","category-ab","category-dusunce-ozgurlugu","category-erisim-engelleme","category-sansur","category-turkiye","category-yaman-akdeniz"],"jetpack_publicize_connections":[],"jetpack_featured_media_url":"","jetpack_sharing_enabled":true,"jetpack_shortlink":"https:\/\/wp.me\/p7wjA8-n6","jetpack-related-posts":[],"_links":{"self":[{"href":"https:\/\/privacy.cyber-rights.org.tr\/index.php?rest_route=\/wp\/v2\/posts\/1432","targetHints":{"allow":["GET"]}}],"collection":[{"href":"https:\/\/privacy.cyber-rights.org.tr\/index.php?rest_route=\/wp\/v2\/posts"}],"about":[{"href":"https:\/\/privacy.cyber-rights.org.tr\/index.php?rest_route=\/wp\/v2\/types\/post"}],"author":[{"embeddable":true,"href":"https:\/\/privacy.cyber-rights.org.tr\/index.php?rest_route=\/wp\/v2\/users\/1"}],"replies":[{"embeddable":true,"href":"https:\/\/privacy.cyber-rights.org.tr\/index.php?rest_route=%2Fwp%2Fv2%2Fcomments&post=1432"}],"version-history":[{"count":1,"href":"https:\/\/privacy.cyber-rights.org.tr\/index.php?rest_route=\/wp\/v2\/posts\/1432\/revisions"}],"predecessor-version":[{"id":1433,"href":"https:\/\/privacy.cyber-rights.org.tr\/index.php?rest_route=\/wp\/v2\/posts\/1432\/revisions\/1433"}],"wp:attachment":[{"href":"https:\/\/privacy.cyber-rights.org.tr\/index.php?rest_route=%2Fwp%2Fv2%2Fmedia&parent=1432"}],"wp:term":[{"taxonomy":"category","embeddable":true,"href":"https:\/\/privacy.cyber-rights.org.tr\/index.php?rest_route=%2Fwp%2Fv2%2Fcategories&post=1432"},{"taxonomy":"post_tag","embeddable":true,"href":"https:\/\/privacy.cyber-rights.org.tr\/index.php?rest_route=%2Fwp%2Fv2%2Ftags&post=1432"}],"curies":[{"name":"wp","href":"https:\/\/api.w.org\/{rel}","templated":true}]}}