{"id":1438,"date":"2011-05-04T13:08:21","date_gmt":"2011-05-04T10:08:21","guid":{"rendered":"http:\/\/privacy.cyber-rights.org.tr\/?p=1438"},"modified":"2011-05-04T13:08:24","modified_gmt":"2011-05-04T10:08:24","slug":"ntvmsnbc-com-acarer-mesele-siyasi","status":"publish","type":"post","link":"https:\/\/privacy.cyber-rights.org.tr\/?p=1438","title":{"rendered":"ntvmsnbc.com: Acarer: Mesele siyasi"},"content":{"rendered":"<p><a href=\"http:\/\/www.ntvmsnbc.com\/id\/25209679\/\">Acarer: Mesele siyasi &#8211; \u0130nternet- ntvmsnbc.com<\/a><\/p>\n<p>22 A\u011fustos&#8217;ta y\u00fcr\u00fcrl\u00fc\u011fe girecek filtre y\u00f6netmeli\u011fi konusundaki tepkileri &#8216;\u00e7arp\u0131tma&#8217; olarak nitelendiren BTK ba\u015fkan\u0131 Acarer, &#8216;bunun \u015fimdi g\u00fcndeme getirilmesi siyasi&#8217; ifadelerini kulland\u0131.<\/p>\n<p>AA<br \/>\nG\u00fcncelleme: 12:48 TS\u0130 04 May\u0131s. 2011 \u00c7ar\u015famba<\/p>\n<p>Bilgi Teknolojileri ve \u0130leti\u015fim Kurulu (BTK) Ba\u015fkan\u0131 Tayfun Acarer, \u0130nternetin G\u00fcvenli Kullan\u0131m\u0131 Y\u00f6netmeli\u011fi kapsam\u0131nda \u00f6ng\u00f6r\u00fclen d\u00fczenlemenin \u00e7arp\u0131t\u0131ld\u0131\u011f\u0131n\u0131 belirterek, standart pakette herhangi bir de\u011fi\u015fiklik olmayaca\u011f\u0131n\u0131 ifade etti.<\/p>\n<p>BTK taraf\u0131ndan haz\u0131rlanan ve 23 \u015eubat 2011&#8217;de yay\u0131nlanan \u0130nternetin G\u00fcvenli Kullan\u0131m\u0131 Y\u00f6netmeli\u011fi ile ilgili AA muhabirine a\u00e7\u0131klamalarda bulunan Acarer, benzeri d\u00fczenlemelerin Avrupa \u00fclkelerinde de bulundu\u011funu, bunun bir &#8221;sans\u00fcr&#8221; olarak alg\u0131lanmas\u0131na \u015fa\u015f\u0131rd\u0131klar\u0131n\u0131 belirtti.<\/p>\n<p>D\u00fczenlemeyle standart paket d\u0131\u015f\u0131nda aile, \u00e7ocuk ve yurt i\u00e7i paketleri olu\u015fturuldu\u011funu, yeni filtrelemelerin bu \u00fc\u00e7 paket i\u00e7in ge\u00e7erli oldu\u011funu s\u00f6yleyen Acarer, standart pakette mevcut uygulamadan farkl\u0131 bir filtrenin s\u00f6z konusu olmayaca\u011f\u0131n\u0131 vurgulayarak, \u015f\u00f6yle devam etti:<\/p>\n<p>&#8221;Bir olay bu kadar \u00e7arp\u0131t\u0131l\u0131r m\u0131, pes diyorum. \u015eu anda herkes standart tarifede. \u015eimdi \u00fc\u00e7 tane daha paket getiriliyor. Bu paketlerin de fiyatlar\u0131 farkl\u0131 olsun deniyor. \u0130nterneti sadece \u00e7ocuklar\u0131n kulland\u0131\u011f\u0131 abonelikler i\u00e7in belli bir filtrelemeyle hizmet verecek olan \u00c7ocuk paketi, biraz daha geni\u015f alanda hizmet verecek Aile paketi ve eri\u015fime engelli sitelerin y\u00fczde 99&#8217;unun yurt d\u0131\u015f\u0131 kaynakl\u0131 olmas\u0131 ger\u00e7e\u011finden hareketle yurt i\u00e7i paketi uygulamaya girecek.<\/p>\n<p>\u015eimdi biz herkesi \u00e7ocuk paketine alsak ele\u015ftirilere hak verirdim. Ancak bu uygulamayla zaten herkes standart paket i\u00e7inde kalacak. Ancak isterse di\u011fer paketler i\u00e7in ba\u015fvuruda bulunacak. Bunun neresi sans\u00fcr. Standart paket \u015fu anda neyse aynen devam edecek. \u015eu ankinden farkl\u0131 bir filtre koyulmayacak. Standart tarifede bir internet sitesinin i\u00e7eri\u011finde bir su\u00e7 varsa zaten eri\u015fime engelleniyor. Bunun d\u0131\u015f\u0131nda art\u0131 bir \u015feyler yapacak halimiz yok. Filtre di\u011fer paketlere getiriliyor.&#8221;<\/p>\n<p>&#8221;KONUNUN \u015e\u0130MD\u0130 G\u00dcNDEME GET\u0130R\u0130LMES\u0130 S\u0130YAS\u0130&#8221;<br \/>\nBTK Ba\u015fkan\u0131 Acarer, y\u00f6netmeli\u011fin \u015eubat ay\u0131nda yay\u0131nlanmas\u0131na ra\u011fmen May\u0131s ay\u0131nda tart\u0131\u015f\u0131lmas\u0131na anlam veremedi\u011fini, e\u011fer bir sans\u00fcr iddias\u0131 varsa neden bunu s\u00f6ylemek i\u00e7in 2.5 ay beklendi\u011fini merak ettiklerini s\u00f6yledi.<\/p>\n<p>Acarer, &#8221;Konunun \u015fimdi g\u00fcndeme getirilmesinin nedeni konusunda yorum yapmayaca\u011f\u0131m ama \u015eubat ay\u0131nda al\u0131nan bir karar\u0131n May\u0131s ay\u0131nda g\u00fcndeme getirilmesinin nedeni bence siyasi, ba\u015fka bir izah\u0131n\u0131 yapam\u0131yorum&#8221; dedi.<\/p>\n<p>T\u00fcrkiye&#8217;nin internet \u00f6zg\u00fcrl\u00fc\u011f\u00fc konusunda sorunu olan bir \u00fclke olmad\u0131\u011f\u0131n\u0131, bu konuda a\u00e7\u0131klanan uluslararas\u0131 raporlara kat\u0131lmad\u0131\u011f\u0131n\u0131 kaydeden Acarer, \u0130ngiltere ve Almanya&#8217;da eri\u015fime engellenen site say\u0131s\u0131n\u0131n T\u00fcrkiye&#8217;nin \u00fc\u00e7 kat\u0131 d\u00fczeyinde oldu\u011funu savundu.<\/p>\n<p>T\u00fcrkiye&#8217;de sitelerin ya mahkeme karar\u0131yla ya da BTK&#8217;n\u0131n incelemesi sonucu kapat\u0131labildi\u011fini ve sansasyon yaratan t\u00fcm kapatmalar\u0131n mahkeme kararlar\u0131yla ger\u00e7ekle\u015fti\u011fini s\u00f6yleyen Acarer, BTK&#8217;n\u0131n engelledi\u011fi sitelerin y\u00fczde 55&#8217;inin a\u015f\u0131r\u0131 m\u00fcstehcenlik, y\u00fczde 40 civar\u0131n\u0131n da \u00e7ocuk pornosu nedeniyle engellendi\u011fini kaydetti.<\/p>\n<p>Mahkeme karar\u0131yla ger\u00e7ekle\u015fen kapatmalarda da bir sistem de\u011fi\u015fikli\u011fine ihtiya\u00e7 duyuldu\u011funu ifade eden Acarer, &#8221;Mahkeme karar alm\u0131\u015f, al\u0131rken de ne var ne yok t\u00fcm adresleri yazm\u0131\u015f. Baz\u0131 kapatmalar\u0131 biz de gazetecilerden \u00f6\u011freniyoruz. \u00c7\u00fcnk\u00fc mahkeme ald\u0131\u011f\u0131 karar\u0131 do\u011frudan ISP&#8217;lere bildiriyor. Belki bunun g\u00f6zden ge\u00e7irilmesi laz\u0131m. Bu i\u015flemler \u0130leti\u015fim Ba\u015fkanl\u0131\u011f\u0131&#8217;n\u0131n \u00fczerinden uygulanabilir&#8221; diye konu\u015ftu.<\/p>\n<p>Acarer, T\u00fcrkiye&#8217;de eri\u015fime engellenen site say\u0131s\u0131yla ilgili bilgi verilmedi\u011fini, gazetelere yans\u0131yan 37 bin rakam\u0131n\u0131n da kendileri taraf\u0131ndan verilmedi\u011fini belirterek, &#8221;Rakam o de\u011fil ama o civarlarda bir \u015fey&#8221; dedi.<\/p>\n<p>T\u00fcketiciyi koruma y\u00f6n\u00fcnde bir \u00e7ok \u00f6rnek d\u00fczenleme yapt\u0131klar\u0131n\u0131, bunlar\u0131n kamuoyunda g\u00fcndeme gelmedi\u011fini, bir \u00e7ok d\u00fczenlemenin de &#8221;sans\u00fcr geliyor&#8221; ba\u015fl\u0131\u011f\u0131yla verilmesinden rahats\u0131z olduklar\u0131n\u0131 kaydeden Acarer, &#8221;Her ad\u0131m\u0131m\u0131zda acaba sans\u00fcr m\u00fc diyecekler diye d\u00fc\u015f\u00fcn\u00fcr hale geldik&#8221; diye konu\u015ftu.<\/p>\n","protected":false},"excerpt":{"rendered":"<p>Acarer: Mesele siyasi &#8211; \u0130nternet- ntvmsnbc.com 22 A\u011fustos&#8217;ta y\u00fcr\u00fcrl\u00fc\u011fe girecek filtre y\u00f6netmeli\u011fi konusundaki tepkileri &#8216;\u00e7arp\u0131tma&#8217; olarak nitelendiren BTK ba\u015fkan\u0131 Acarer, &#8216;bunun \u015fimdi g\u00fcndeme getirilmesi siyasi&#8217; ifadelerini kulland\u0131. AA G\u00fcncelleme: 12:48 TS\u0130 04 May\u0131s. 2011 \u00c7ar\u015famba Bilgi Teknolojileri ve \u0130leti\u015fim Kurulu (BTK) Ba\u015fkan\u0131 Tayfun Acarer, \u0130nternetin G\u00fcvenli Kullan\u0131m\u0131 Y\u00f6netmeli\u011fi kapsam\u0131nda \u00f6ng\u00f6r\u00fclen d\u00fczenlemenin \u00e7arp\u0131t\u0131ld\u0131\u011f\u0131n\u0131 belirterek, standart pakette herhangi bir de\u011fi\u015fiklik olmayaca\u011f\u0131n\u0131 ifade&#8230;<\/p>\n","protected":false},"author":1,"featured_media":0,"comment_status":"open","ping_status":"closed","sticky":false,"template":"","format":"standard","meta":{"jetpack_post_was_ever_published":false,"_jetpack_newsletter_access":"","_jetpack_dont_email_post_to_subs":false,"_jetpack_newsletter_tier_id":0,"_jetpack_memberships_contains_paywalled_content":false,"_jetpack_memberships_contains_paid_content":false,"footnotes":"","jetpack_publicize_message":"","jetpack_publicize_feature_enabled":true,"jetpack_social_post_already_shared":false,"jetpack_social_options":{"image_generator_settings":{"template":"highway","default_image_id":0,"font":"","enabled":false},"version":2}},"categories":[22,179,5,21,94,3,151,17,67],"tags":[],"class_list":["post-1438","post","type-post","status-publish","format-standard","hentry","category-5651-nolu-kanun","category-btk-plani","category-dusunce-ozgurlugu","category-erisim-engelleme","category-filtreleme","category-sansur","category-sansursuz-internet","category-tib","category-turkiye"],"jetpack_publicize_connections":[],"jetpack_featured_media_url":"","jetpack_sharing_enabled":true,"jetpack_shortlink":"https:\/\/wp.me\/p7wjA8-nc","jetpack-related-posts":[],"_links":{"self":[{"href":"https:\/\/privacy.cyber-rights.org.tr\/index.php?rest_route=\/wp\/v2\/posts\/1438","targetHints":{"allow":["GET"]}}],"collection":[{"href":"https:\/\/privacy.cyber-rights.org.tr\/index.php?rest_route=\/wp\/v2\/posts"}],"about":[{"href":"https:\/\/privacy.cyber-rights.org.tr\/index.php?rest_route=\/wp\/v2\/types\/post"}],"author":[{"embeddable":true,"href":"https:\/\/privacy.cyber-rights.org.tr\/index.php?rest_route=\/wp\/v2\/users\/1"}],"replies":[{"embeddable":true,"href":"https:\/\/privacy.cyber-rights.org.tr\/index.php?rest_route=%2Fwp%2Fv2%2Fcomments&post=1438"}],"version-history":[{"count":1,"href":"https:\/\/privacy.cyber-rights.org.tr\/index.php?rest_route=\/wp\/v2\/posts\/1438\/revisions"}],"predecessor-version":[{"id":1439,"href":"https:\/\/privacy.cyber-rights.org.tr\/index.php?rest_route=\/wp\/v2\/posts\/1438\/revisions\/1439"}],"wp:attachment":[{"href":"https:\/\/privacy.cyber-rights.org.tr\/index.php?rest_route=%2Fwp%2Fv2%2Fmedia&parent=1438"}],"wp:term":[{"taxonomy":"category","embeddable":true,"href":"https:\/\/privacy.cyber-rights.org.tr\/index.php?rest_route=%2Fwp%2Fv2%2Fcategories&post=1438"},{"taxonomy":"post_tag","embeddable":true,"href":"https:\/\/privacy.cyber-rights.org.tr\/index.php?rest_route=%2Fwp%2Fv2%2Ftags&post=1438"}],"curies":[{"name":"wp","href":"https:\/\/api.w.org\/{rel}","templated":true}]}}