{"id":144,"date":"2008-09-30T23:36:48","date_gmt":"2008-09-30T20:36:48","guid":{"rendered":"http:\/\/privacy.cyber-rights.org.tr\/?p=144"},"modified":"2008-09-30T23:36:50","modified_gmt":"2008-09-30T20:36:50","slug":"dinleme-taleplerinden-4-binine-itiraz-ettik","status":"publish","type":"post","link":"https:\/\/privacy.cyber-rights.org.tr\/?p=144","title":{"rendered":"Dinleme taleplerinden 4 binine itiraz ettik"},"content":{"rendered":"<p><a href=\"http:\/\/www.zaman.com.tr\/haber.do?haberno=744104\">Dinleme taleplerinden 4 binine itiraz ettik<\/a>: &#8220;<IMG data-recalc-dims=\"1\" style=\"border: navy 1px solid;\" src=\"https:\/\/i0.wp.com\/medya.zaman.com.tr\/2008\/09\/30\/fethi-simsek.jpg?resize=80%2C60\" border=\"0\" align=\"left\" width=\"80\" height=\"60\"\/>Telekom\u00fcnikasyon \u0130leti\u015fim Ba\u015fkan\u0131 Fethi \u015eim\u015fek, telefon dinleme konusundaki tart\u0131\u015fmalara a\u00e7\u0131kl\u0131k getirdi. Dinleme isteklerinde ki\u015fisel hak ve h\u00fcrriyetleri g\u00f6zettiklerinin alt\u0131n\u0131 \u00e7izen \u015eim\u015fek, Jandarma ve Emniyet&#8217;in yarg\u0131 \u00fczerinden yapt\u0131\u011f\u0131 dinleme taleplerinin bir\u00e7o\u011funu kabul etmediklerini s\u00f6yledi.&#8221;<\/p>\n<p>(Via <a href=\"http:\/\/www.zaman.com.tr\/\">Zaman :: Anasayfa<\/a>.)<\/p>\n","protected":false},"excerpt":{"rendered":"<p>Dinleme taleplerinden 4 binine itiraz ettik: &#8220;Telekom\u00fcnikasyon \u0130leti\u015fim Ba\u015fkan\u0131 Fethi \u015eim\u015fek, telefon dinleme konusundaki tart\u0131\u015fmalara a\u00e7\u0131kl\u0131k getirdi. Dinleme isteklerinde ki\u015fisel hak ve h\u00fcrriyetleri g\u00f6zettiklerinin alt\u0131n\u0131 \u00e7izen \u015eim\u015fek, Jandarma ve Emniyet&#8217;in yarg\u0131 \u00fczerinden yapt\u0131\u011f\u0131 dinleme taleplerinin bir\u00e7o\u011funu kabul etmediklerini s\u00f6yledi.&#8221; (Via Zaman :: Anasayfa.)<\/p>\n","protected":false},"author":1,"featured_media":0,"comment_status":"open","ping_status":"closed","sticky":false,"template":"","format":"standard","meta":{"jetpack_post_was_ever_published":false,"_jetpack_newsletter_access":"","_jetpack_dont_email_post_to_subs":false,"_jetpack_newsletter_tier_id":0,"_jetpack_memberships_contains_paywalled_content":false,"_jetpack_memberships_contains_paid_content":false,"footnotes":"","jetpack_publicize_message":"","jetpack_publicize_feature_enabled":true,"jetpack_social_post_already_shared":false,"jetpack_social_options":{"image_generator_settings":{"template":"highway","default_image_id":0,"font":"","enabled":false},"version":2}},"categories":[15,19,10,14,17],"tags":[],"class_list":["post-144","post","type-post","status-publish","format-standard","hentry","category-gizli-dinleme","category-izleme","category-mahremiyet","category-telekulak","category-tib"],"jetpack_publicize_connections":[],"jetpack_featured_media_url":"","jetpack_sharing_enabled":true,"jetpack_shortlink":"https:\/\/wp.me\/p7wjA8-2k","jetpack-related-posts":[],"_links":{"self":[{"href":"https:\/\/privacy.cyber-rights.org.tr\/index.php?rest_route=\/wp\/v2\/posts\/144","targetHints":{"allow":["GET"]}}],"collection":[{"href":"https:\/\/privacy.cyber-rights.org.tr\/index.php?rest_route=\/wp\/v2\/posts"}],"about":[{"href":"https:\/\/privacy.cyber-rights.org.tr\/index.php?rest_route=\/wp\/v2\/types\/post"}],"author":[{"embeddable":true,"href":"https:\/\/privacy.cyber-rights.org.tr\/index.php?rest_route=\/wp\/v2\/users\/1"}],"replies":[{"embeddable":true,"href":"https:\/\/privacy.cyber-rights.org.tr\/index.php?rest_route=%2Fwp%2Fv2%2Fcomments&post=144"}],"version-history":[{"count":0,"href":"https:\/\/privacy.cyber-rights.org.tr\/index.php?rest_route=\/wp\/v2\/posts\/144\/revisions"}],"wp:attachment":[{"href":"https:\/\/privacy.cyber-rights.org.tr\/index.php?rest_route=%2Fwp%2Fv2%2Fmedia&parent=144"}],"wp:term":[{"taxonomy":"category","embeddable":true,"href":"https:\/\/privacy.cyber-rights.org.tr\/index.php?rest_route=%2Fwp%2Fv2%2Fcategories&post=144"},{"taxonomy":"post_tag","embeddable":true,"href":"https:\/\/privacy.cyber-rights.org.tr\/index.php?rest_route=%2Fwp%2Fv2%2Ftags&post=144"}],"curies":[{"name":"wp","href":"https:\/\/api.w.org\/{rel}","templated":true}]}}