{"id":1458,"date":"2011-05-17T16:53:27","date_gmt":"2011-05-17T13:53:27","guid":{"rendered":"http:\/\/privacy.cyber-rights.org.tr\/?p=1458"},"modified":"2011-05-17T16:53:32","modified_gmt":"2011-05-17T13:53:32","slug":"yasak-liste-ile-ilgili-bilgi-edinme-hakki-basvurusuna-btkdan-cevap-geldi","status":"publish","type":"post","link":"https:\/\/privacy.cyber-rights.org.tr\/?p=1458","title":{"rendered":"&#8220;Yasak Liste&#8221; ile ilgili bilgi edinme hakk\u0131 ba\u015fvurusuna BTK&#8217;dan cevap geldi"},"content":{"rendered":"<p>28 Nisan 2011 tarihinde BTK&#8217;ya yapm\u0131\u015f oldu\u011fum bilgi edinme hakk\u0131 ba\u015fvurusuna 17 may\u0131s 2011 tarihinde a\u015fa\u011f\u0131daki cevap geldi. Hat\u0131rlanaca\u011f\u0131 gibi alan adlar\u0131nda kullan\u0131lmas\u0131 yasaklanm\u0131\u015f olan 138 kelimeden II Numaral\u0131 Kelime Grubunda yer alan \u201cAdrianne\u201d ve gene II Numaral\u0131 Kelime Grubunda yer alan \u201cHaydar\u201d isimlerinin neden bu listeye eklendi\u011fi hususunda bilgi edinmek istemi\u015ftim. A\u015fa\u011f\u0131daki cevapta da g\u00f6r\u00fclece\u011fi gibi sorulan sorulara do\u011fru d\u00fczg\u00fcn cevap verilmemi\u015ftir. Haydar ve Adrianne isimlerinin neden 138 kelimelik listeye al\u0131nd\u0131\u011f\u0131 konusunda hi\u00e7 bir bilgi verilmemi\u015ftir.<\/p>\n<p>4982 Say\u0131l\u0131 Bilgi Edinme Hakk\u0131 Kanunu kapsam\u0131nda bu ba\u015fvuruyu \u00f6nce Bilgi Edinme De\u011fierlendirme Kurulu&#8217;na, gerekirse de idari yarg\u0131ya ta\u015f\u0131yaca\u011f\u0131m.<\/p>\n<p>Do\u00e7. Dr. Yaman Akdeniz<\/p>\n<p><strong>BTK&#8217;dan gelen cevap:<\/strong><\/p>\n<p>Say\u0131n Akdeniz,<\/p>\n<p>Bilgi edinme ba\u015fvurunuz Kurumumuz ihtisas birimi taraf\u0131ndan incelenmi\u015f olup, verilen bilgi a\u015fa\u011f\u0131daki \u015fekildedir. <\/p>\n<p>&#8220;Bilgi edinme talebine konu hususlarla ilgili olarak Bilgi Teknolojileri ve \u0130leti\u015fim Kurumunun http:\/\/www.btk.gov.tr <http:\/\/www.btk.gov.tr\/>  adresinde &#8220;Duyurular&#8221; ba\u015fl\u0131\u011f\u0131 alt\u0131nda yer verilen iki farkl\u0131 duyuru metninde ba\u015fvuruya konu hususlar\u0131 da kapsayan geni\u015f a\u00e7\u0131klamalara yer verilmi\u015f olup, bu a\u00e7\u0131klamalarda belirtilen gerek\u00e7eler d\u0131\u015f\u0131nda talebe konu iki kelime &#8220;haydar, adrianne&#8221; ile ilgili de belirtilen gerek\u00e7elerden farkl\u0131 \u00f6zel bir durum s\u00f6z konusu de\u011fildir. Ayr\u0131ca uygulaman\u0131n amac\u0131 ve y\u00f6ntemi konusunda da duyurularda belirtilen hususlar d\u0131\u015f\u0131nda eklenebilecek bir husus bulunmamaktad\u0131r.<\/p>\n<p>Bu kelimelerin kime ait oldu\u011fu hususu \u00e7al\u0131\u015fmalar\u0131m\u0131z\u0131n kapsam\u0131 d\u0131\u015f\u0131ndad\u0131r. \u0130dari i\u015flemimize konu mail metni e-posta ekindedir.&#8221;<\/p>\n<p>Bilgilerinizi rica ederiz.<\/p>\n<p>Bilgi Teknolojileri ve \u0130leti\u015fim Kurumu<\/p>\n<p>Bas\u0131n ve T\u00fcketiciler ile \u0130li\u015fkiler M\u00fc\u015favirli\u011fi<\/p>\n<p>BTK&#8217;dan ayr\u0131ca Anahtar Kelimelerle ilgili bir belge de<a href=\"http:\/\/cyberlaw.org.uk\/wp-content\/uploads\/2011\/05\/Anahtar-Kelime.pdf\"> PDF olarak <\/a>g\u00f6nderildi<\/a>. Bu PDF belgesinin yer sa\u011flay\u0131c\u0131lara g\u00f6nderildi\u011finden biraz daha farkl\u0131 oldu\u011fu g\u00f6zlenmektedir ve bu yaz\u0131 ve belge kamuoyunun ilgisine sunulmak amac\u0131 ile bu siteden payla\u015f\u0131lm\u0131\u015ft\u0131r.<\/p>\n<div style=\"text-align:center;\"><img data-recalc-dims=\"1\" loading=\"lazy\" decoding=\"async\" src=\"https:\/\/i0.wp.com\/cyberlaw.org.uk\/wp-content\/uploads\/2011\/05\/anahtar1.jpg?resize=450%2C210\" alt=\"anahtar1.jpg\" border=\"0\" width=\"450\" height=\"210\" \/><\/div>\n<div style=\"text-align:center;\"><img data-recalc-dims=\"1\" loading=\"lazy\" decoding=\"async\" src=\"https:\/\/i0.wp.com\/cyberlaw.org.uk\/wp-content\/uploads\/2011\/05\/anahtar2.jpg?resize=450%2C142\" alt=\"anahtar2.jpg\" border=\"0\" width=\"450\" height=\"142\" \/><\/div>\n<p><strong>Bilgi Edinme Hakk\u0131 Ba\u015fvurusu<br \/>\n<\/strong><br \/>\n<strong>Tarih<\/strong>: 28 Nisan 2011 \u2013 <a href=\"http:\/\/www.btk.gov.tr\/bilgiedinme\/bilgi_edinme_formlari.htm\">BTK Sitedsindeki form doldurularak ba\u015fvuru yap\u0131ld\u0131.<\/a><\/p>\n<p><strong>Bilgi istenen Kurum<\/strong>: Bilgi Teknolojileri ve \u0130leti\u015fim Kurumu, Telekom\u00fcnikasyon \u0130leti\u015fim Ba\u015fkanl\u0131\u011f\u0131, \u0130nternet Dairesi<\/p>\n<p>A\u015fa\u011f\u0131da istenen bilgi ve belgeler 4982 say\u0131l\u0131 Bilgi Edinme Hakk\u0131 Kanunu ve ona ait y\u00f6netmelik h\u00fck\u00fcmlerince de\u011ferlendirilmelidir:<\/p>\n<p>1. 27 Nisan 2011 tarihinde \u0130nternet Servis Sa\u011flay\u0131c\u0131lar\u0131 ve Yer Sa\u011flay\u0131c\u0131lar\u0131\u2019na tebli\u011f edilen yaz\u0131da listelenmi\u015f olan, ve alan adlar\u0131nda kullan\u0131lmas\u0131 yasaklanm\u0131\u015f olan 138 kelimeden II Numaral\u0131 Kelime Grubunda yer alan \u201cAdrianne\u201d ve gene II Numaral\u0131 Kelime Grubunda yer alan \u201cHaydar\u201d isimlerinin neden bu listeye eklendi\u011fi hususunda bilgi edinmek istiyorum.<\/p>\n<p>2. Ayr\u0131ca II Numaral\u0131 Kelime Grubunda yer alan \u201cAdrianne\u201d ve \u201cHaydar\u201d isimlerinin kime ait oldu\u011fu konusunda da 4982 Say\u0131l\u0131 Kanun kapsam\u0131nda bilgi edinmek istiyorum.<\/p>\n<p>3. Bahsi ge\u00e7en 138 kelimelik, \u00fc\u00e7 b\u00f6l\u00fcmden olu\u015fan bu listenin haz\u0131rlanmas\u0131 ile ilgili b\u00fct\u00fcn bilgi ve belgelerin 4982 Say\u0131l\u0131 Kanun kapsam\u0131nda taraf\u0131ma g\u00f6nderilmesini talep ediyorum.<\/p>\n<p>4. Tebli\u011f\u2019de bahsi ge\u00e7en yeni uygulaman\u0131n ne \u015fekilde yap\u0131laca\u011f\u0131 konusu ile ilgili bilgi ve belgelerin de 4982 Say\u0131l\u0131 Kanun kapsam\u0131nda taraf\u0131ma g\u00f6nderilmesini talep ediyorum.<\/p>\n<p>Yukar\u0131da talep edilen bilgi ve belgeler Bilgi Teknolojileri ve \u0130leti\u015fim Kurumu, Telekom\u00fcnikasyon \u0130leti\u015fim Ba\u015fkanl\u0131\u011f\u0131 b\u00fcnyesinde bulunan, ve kamuoyunu yak\u0131ndan ilgilendiren bilgi ve belgelerdir. A\u00e7\u0131klanmas\u0131nda kamu yarar\u0131 olan bu belgelerle ilgili 4982 Say\u0131l\u0131 Bilgi Edinme Hakk\u0131 Kanunu kapsam\u0131ndaki bir talebin bu Kanuna uygun bir \u015fekilde de\u011ferlendirilmesi ve bahsi ge\u00e7en bilgi ve belgelerin 4982 say\u0131l\u0131 Kanunun 1 inci maddesinde yer alan demokratik, \u015feffaf, ve e\u015fit y\u00f6netim ilkeleri gere\u011fince taraf\u0131ma verilmesini talep ederim.<\/p>\n<p>Bu hususlar hakk\u0131ndaki cevaplar\u0131n\u0131z\u0131 email adresime elektronik posta ile g\u00f6ndermenizi rica ederim.<\/p>\n<p>Sayg\u0131lar\u0131mla,<\/p>\n<p>Do\u00e7. Dr. Yaman Akdeniz<\/p>\n","protected":false},"excerpt":{"rendered":"<p>28 Nisan 2011 tarihinde BTK&#8217;ya yapm\u0131\u015f oldu\u011fum bilgi edinme hakk\u0131 ba\u015fvurusuna 17 may\u0131s 2011 tarihinde a\u015fa\u011f\u0131daki cevap geldi. Hat\u0131rlanaca\u011f\u0131 gibi alan adlar\u0131nda kullan\u0131lmas\u0131 yasaklanm\u0131\u015f olan 138 kelimeden II Numaral\u0131 Kelime Grubunda yer alan \u201cAdrianne\u201d ve gene II Numaral\u0131 Kelime Grubunda yer alan \u201cHaydar\u201d isimlerinin neden bu listeye eklendi\u011fi hususunda bilgi edinmek istemi\u015ftim. A\u015fa\u011f\u0131daki cevapta da g\u00f6r\u00fclece\u011fi gibi sorulan sorulara do\u011fru&#8230;<\/p>\n","protected":false},"author":1,"featured_media":0,"comment_status":"open","ping_status":"closed","sticky":false,"template":"","format":"standard","meta":{"jetpack_post_was_ever_published":false,"_jetpack_newsletter_access":"","_jetpack_dont_email_post_to_subs":false,"_jetpack_newsletter_tier_id":0,"_jetpack_memberships_contains_paywalled_content":false,"_jetpack_memberships_contains_paid_content":false,"footnotes":"","jetpack_publicize_message":"","jetpack_publicize_feature_enabled":true,"jetpack_social_post_already_shared":false,"jetpack_social_options":{"image_generator_settings":{"template":"highway","default_image_id":0,"font":"","enabled":false},"version":2}},"categories":[181,22,174,68,118,175,17,78],"tags":[],"class_list":["post-1458","post","type-post","status-publish","format-standard","hentry","category-138-kelime","category-5651-nolu-kanun","category-adrianne","category-bilgi-edinme-hakki","category-btk","category-haydar","category-tib","category-yaman-akdeniz"],"jetpack_publicize_connections":[],"jetpack_featured_media_url":"","jetpack_sharing_enabled":true,"jetpack_shortlink":"https:\/\/wp.me\/p7wjA8-nw","jetpack-related-posts":[],"_links":{"self":[{"href":"https:\/\/privacy.cyber-rights.org.tr\/index.php?rest_route=\/wp\/v2\/posts\/1458","targetHints":{"allow":["GET"]}}],"collection":[{"href":"https:\/\/privacy.cyber-rights.org.tr\/index.php?rest_route=\/wp\/v2\/posts"}],"about":[{"href":"https:\/\/privacy.cyber-rights.org.tr\/index.php?rest_route=\/wp\/v2\/types\/post"}],"author":[{"embeddable":true,"href":"https:\/\/privacy.cyber-rights.org.tr\/index.php?rest_route=\/wp\/v2\/users\/1"}],"replies":[{"embeddable":true,"href":"https:\/\/privacy.cyber-rights.org.tr\/index.php?rest_route=%2Fwp%2Fv2%2Fcomments&post=1458"}],"version-history":[{"count":1,"href":"https:\/\/privacy.cyber-rights.org.tr\/index.php?rest_route=\/wp\/v2\/posts\/1458\/revisions"}],"predecessor-version":[{"id":1459,"href":"https:\/\/privacy.cyber-rights.org.tr\/index.php?rest_route=\/wp\/v2\/posts\/1458\/revisions\/1459"}],"wp:attachment":[{"href":"https:\/\/privacy.cyber-rights.org.tr\/index.php?rest_route=%2Fwp%2Fv2%2Fmedia&parent=1458"}],"wp:term":[{"taxonomy":"category","embeddable":true,"href":"https:\/\/privacy.cyber-rights.org.tr\/index.php?rest_route=%2Fwp%2Fv2%2Fcategories&post=1458"},{"taxonomy":"post_tag","embeddable":true,"href":"https:\/\/privacy.cyber-rights.org.tr\/index.php?rest_route=%2Fwp%2Fv2%2Ftags&post=1458"}],"curies":[{"name":"wp","href":"https:\/\/api.w.org\/{rel}","templated":true}]}}