{"id":148,"date":"2008-10-02T23:31:29","date_gmt":"2008-10-02T20:31:29","guid":{"rendered":"http:\/\/privacy.cyber-rights.org.tr\/?p=148"},"modified":"2008-10-02T23:31:31","modified_gmt":"2008-10-02T20:31:31","slug":"bilimsel-gercekleri-ifade-ettik-kapatildik-cnnturk-2008","status":"publish","type":"post","link":"https:\/\/privacy.cyber-rights.org.tr\/?p=148","title":{"rendered":"&#8220;Bilimsel ger\u00e7ekleri ifade ettik, kapat\u0131ld\u0131k&#8221; &#8211; CNNT\u00fcrk 2008"},"content":{"rendered":"<p><a href=\"http:\/\/www.cnnturk.com\/HaberDetay\/Bilim_Teknoloji\/157\/Teknoloji\/272\/Bilimsel_gercekleri_ifade_ettik_kapatildik\/495015\/0\">&#8220;Bilimsel ger\u00e7ekleri ifade ettik, kapat\u0131ld\u0131k&#8221; &#8211; CNNT\u00fcrk 2008<\/a>: &#8220;&#8216;Bilimsel ger\u00e7ekleri ifade ettik, kapat\u0131ld\u0131k'&#8221;<\/p>\n<p>E\u011fitim Sen Genel Ba\u015fkan\u0131 Z\u00fcbeyde K\u0131l\u0131\u00e7, sendikan\u0131n internet sitesinin eri\u015fime kapat\u0131lmas\u0131n\u0131n, &#8220;demokrasiye, \u00f6zg\u00fcrl\u00fc\u011fe ve bilime sald\u0131r\u0131&#8221; oldu\u011funu savundu. <\/p>\n<p>K\u0131l\u0131\u00e7, sendikan\u0131n genel merkezinde d\u00fczenledi\u011fi bas\u0131n toplant\u0131s\u0131nda, E\u011fitim Sen&#8217;in internet sitesinin, kamuoyunda &#8220;Harun Yahya&#8221; olarak bilinen Adnan Oktar&#8217;\u0131n, Gebze 2&#8217;nci Asliye Hukuk Mahkemesi&#8217;nden ald\u0131\u011f\u0131 bir kararla 24 Eyl\u00fcl 2008&#8217;den itibaren engellendi\u011fini hat\u0131rlatt\u0131.<\/p>\n<p>\u0130nternet sitelerini g\u00fcnde binlerce ki\u015finin ziyaret etti\u011fini ve sendikal faaliyetleri kolayla\u015ft\u0131r\u0131c\u0131 bir i\u015flevi oldu\u011fu i\u00e7in \u00f6nemsediklerini belirten K\u0131l\u0131\u00e7, \u015funlar\u0131 kaydetti:<\/p>\n<p>&#8220;Sistemimizin kapat\u0131lm\u0131\u015f olmas\u0131, demokrasi, \u00f6zg\u00fcrl\u00fck ve bilime sald\u0131r\u0131d\u0131r; sendikam\u0131z\u0131n faaliyet alanlar\u0131ndan birisinin engellenmesi anlam\u0131n\u0131 ta\u015f\u0131maktad\u0131r. E\u011fitim Sen&#8217;in internet sitesi, kamuoyunda evrensel ve bilimsel bir ger\u00e7ek olarak kabul edilen evrim teorisine kar\u015f\u0131 yarad\u0131l\u0131\u015f teorisini savunmas\u0131yla \u00fcnlenen Adnan Hocac\u0131lar taraf\u0131ndan biyoloji \u00f6\u011fretmenlerine g\u00f6nderilen Yarad\u0131l\u0131\u015f Atlas\u0131 ile ilgili yapt\u0131\u011f\u0131 a\u00e7\u0131klama gerek\u00e7e g\u00f6sterilerek eri\u015fime engellenmi\u015ftir.<\/p>\n<p>Bir e\u011fitim ve bilim \u00f6rg\u00fct\u00fc, bilimselli\u011fi kan\u0131tlanm\u0131\u015f ger\u00e7ekleri ifade etti\u011fi i\u00e7in bilim d\u0131\u015f\u0131 d\u00fc\u015f\u00fcnceleri ifade etmekle su\u00e7lanm\u0131\u015ft\u0131r. Bunun bir mahkeme karar\u0131 ile tescil edilmesinin ak\u0131lla izah edilebilir bir yan\u0131 yoktur.&#8221;<\/p>\n","protected":false},"excerpt":{"rendered":"<p>&#8220;Bilimsel ger\u00e7ekleri ifade ettik, kapat\u0131ld\u0131k&#8221; &#8211; CNNT\u00fcrk 2008: &#8220;&#8216;Bilimsel ger\u00e7ekleri ifade ettik, kapat\u0131ld\u0131k&#8217;&#8221; E\u011fitim Sen Genel Ba\u015fkan\u0131 Z\u00fcbeyde K\u0131l\u0131\u00e7, sendikan\u0131n internet sitesinin eri\u015fime kapat\u0131lmas\u0131n\u0131n, &#8220;demokrasiye, \u00f6zg\u00fcrl\u00fc\u011fe ve bilime sald\u0131r\u0131&#8221; oldu\u011funu savundu. K\u0131l\u0131\u00e7, sendikan\u0131n genel merkezinde d\u00fczenledi\u011fi bas\u0131n toplant\u0131s\u0131nda, E\u011fitim Sen&#8217;in internet sitesinin, kamuoyunda &#8220;Harun Yahya&#8221; olarak bilinen Adnan Oktar&#8217;\u0131n, Gebze 2&#8217;nci Asliye Hukuk Mahkemesi&#8217;nden ald\u0131\u011f\u0131 bir kararla 24 Eyl\u00fcl 2008&#8217;den&#8230;<\/p>\n","protected":false},"author":1,"featured_media":0,"comment_status":"open","ping_status":"closed","sticky":false,"template":"","format":"standard","meta":{"jetpack_post_was_ever_published":false,"_jetpack_newsletter_access":"","_jetpack_dont_email_post_to_subs":false,"_jetpack_newsletter_tier_id":0,"_jetpack_memberships_contains_paywalled_content":false,"_jetpack_memberships_contains_paid_content":false,"footnotes":"","jetpack_publicize_message":"","jetpack_publicize_feature_enabled":true,"jetpack_social_post_already_shared":false,"jetpack_social_options":{"image_generator_settings":{"template":"highway","default_image_id":0,"font":"","enabled":false},"version":2}},"categories":[5,21,28,3],"tags":[],"class_list":["post-148","post","type-post","status-publish","format-standard","hentry","category-dusunce-ozgurlugu","category-erisim-engelleme","category-hakaret","category-sansur"],"jetpack_publicize_connections":[],"jetpack_featured_media_url":"","jetpack_sharing_enabled":true,"jetpack_shortlink":"https:\/\/wp.me\/p7wjA8-2o","jetpack-related-posts":[],"_links":{"self":[{"href":"https:\/\/privacy.cyber-rights.org.tr\/index.php?rest_route=\/wp\/v2\/posts\/148","targetHints":{"allow":["GET"]}}],"collection":[{"href":"https:\/\/privacy.cyber-rights.org.tr\/index.php?rest_route=\/wp\/v2\/posts"}],"about":[{"href":"https:\/\/privacy.cyber-rights.org.tr\/index.php?rest_route=\/wp\/v2\/types\/post"}],"author":[{"embeddable":true,"href":"https:\/\/privacy.cyber-rights.org.tr\/index.php?rest_route=\/wp\/v2\/users\/1"}],"replies":[{"embeddable":true,"href":"https:\/\/privacy.cyber-rights.org.tr\/index.php?rest_route=%2Fwp%2Fv2%2Fcomments&post=148"}],"version-history":[{"count":0,"href":"https:\/\/privacy.cyber-rights.org.tr\/index.php?rest_route=\/wp\/v2\/posts\/148\/revisions"}],"wp:attachment":[{"href":"https:\/\/privacy.cyber-rights.org.tr\/index.php?rest_route=%2Fwp%2Fv2%2Fmedia&parent=148"}],"wp:term":[{"taxonomy":"category","embeddable":true,"href":"https:\/\/privacy.cyber-rights.org.tr\/index.php?rest_route=%2Fwp%2Fv2%2Fcategories&post=148"},{"taxonomy":"post_tag","embeddable":true,"href":"https:\/\/privacy.cyber-rights.org.tr\/index.php?rest_route=%2Fwp%2Fv2%2Ftags&post=148"}],"curies":[{"name":"wp","href":"https:\/\/api.w.org\/{rel}","templated":true}]}}