{"id":1486,"date":"2011-11-24T16:47:55","date_gmt":"2011-11-24T13:47:55","guid":{"rendered":"http:\/\/privacy.cyber-rights.org.tr\/?p=1486"},"modified":"2011-11-24T16:48:04","modified_gmt":"2011-11-24T13:48:04","slug":"yildirim-guvenli-internette-sansur-yok","status":"publish","type":"post","link":"https:\/\/privacy.cyber-rights.org.tr\/?p=1486","title":{"rendered":"Y\u0131ld\u0131r\u0131m: G\u00fcvenli internette sans\u00fcr yok"},"content":{"rendered":"<p><a href=\"http:\/\/www.ntvmsnbc.com\/id\/25299546\/\">Y\u0131ld\u0131r\u0131m: G\u00fcvenli internette sans\u00fcr yok &#8211; \u0130nternet- ntvmsnbc.com<\/a><\/p>\n<p>Y\u0131ld\u0131r\u0131m: G\u00fcvenli internette sans\u00fcr yok<br \/>\nBakan Y\u0131ld\u0131r\u0131m, g\u00fcvenli internet uygulamas\u0131yla sans\u00fcr, k\u0131s\u0131tlama, yasa\u011f\u0131n s\u00f6z konusu olmad\u0131\u011f\u0131n\u0131 s\u00f6yledi.<br \/>\nAA<br \/>\nG\u00fcncelleme: 10:16 TS\u0130 23 Kas\u0131m. 2011 \u00c7ar\u015famba<\/p>\n<p>Ula\u015ft\u0131rma Denizcilik ve Haberle\u015fme Bakan\u0131 Binali Y\u0131ld\u0131r\u0131m, bakanl\u0131\u011f\u0131n\u0131n b\u00fct\u00e7esinin g\u00f6r\u00fc\u015fmelerinde milletvekillerinin soru, g\u00f6r\u00fc\u015f ve ele\u015ftirilerini yan\u0131tlad\u0131. G\u00fcvenli internet ile ilgili hizmet al\u0131nmak istendi\u011finde \u00fccret \u00f6denmeyece\u011fini belirten Y\u0131ld\u0131r\u0131m, talepte bulunulmamas\u0131 halinde \u015fu andaki sistemin uygulanmaya devam edece\u011fini kaydetti.<\/p>\n<p>G\u00fcvenli interneti tercih edenlerin de istedikleri anda bu uygulamay\u0131 terk edip tamamen serbest sisteme ge\u00e7ebilece\u011fini anlatan Y\u0131ld\u0131r\u0131m, &#8221;Yasak s\u00f6z konusu de\u011fildir. Tamamen iste\u011fe ba\u011fl\u0131d\u0131r. Ama\u00e7 \u00e7ocuklar\u0131 zararl\u0131 yay\u0131nlardan korumakt\u0131r. \u0130nternet \u00e7ok b\u00fcy\u00fck nimet ama aynen ila\u00e7 gibi, tedavinin yan tesirleri de var. Bu da bulu\u011f olmayan \u00e7ocuklar\u0131m\u0131z\u0131 bu tip zararlardan korumak devletin g\u00f6revi. Ama mecburiyet yok. Aileler isterlerse b\u00f6yle bir koruma opsiyonunu kullanacaklar. Bunun d\u0131\u015f\u0131nda sans\u00fcr, k\u0131s\u0131tlama, yasak s\u00f6z konusu de\u011fildir&#8221; dedi.<\/p>\n<p>Youtube&#8217;un mahkeme taraf\u0131ndan kapat\u0131ld\u0131\u011f\u0131n\u0131 ve 31 tane mahkeme karar\u0131 bulundu\u011funu aktaran Y\u0131ld\u0131r\u0131m, mahkeme kararlar\u0131n\u0131n tamam\u0131n\u0131n Atat\u00fcrk&#8217;e hakaret ile ilgili oldu\u011funu bildirdi. <\/p>\n<p>Binali Y\u0131ld\u0131r\u0131m, \u015funlar\u0131 ifade etti:<\/p>\n<p>&#8221;Biz ne yapacakt\u0131k; &#8216;ey Youtube, sen istedi\u011fi gibi Atat\u00fcrk&#8217;e hakaret et, biz mahkeme karar\u0131n\u0131 tan\u0131m\u0131yoruz, internete yasak gelir mi?&#8217; diye duyars\u0131z kal\u0131p, mahkeme karar\u0131n\u0131 uygulamayacak m\u0131yd\u0131k? Biraz insaf laz\u0131m.<\/p>\n<p>Mahkeme kararlar\u0131ndan sonra onlar inat etti biz inat ettik. \u00c7ok b\u00fcy\u00fck m\u00fccadele verdim ama \u00e7ok b\u00fcy\u00fck de hakarete u\u011frad\u0131m. Kendimi ifade edemedim, anlatamad\u0131m, \u00e7ok da h\u0131rsland\u0131m ama sonunda biz Youtube&#8217;u dize getirdik. Nas\u0131l dize getirdik? Telif hakk\u0131ndan hareket ederek, TRT&#8217;den, Tarih Kurumundan, Anadolu Ajans\u0131ndan bu g\u00f6sterilen hakarete konu de\u011fi\u015ftirilmi\u015f g\u00f6r\u00fcnt\u00fcleri bir telif hakk\u0131 olmaks\u0131z\u0131n yay\u0131nlad\u0131klar\u0131ndan dolay\u0131 kendilerini dava edece\u011fimizi yaz\u0131l\u0131 olarak uyard\u0131k ve bunun \u00fczerine bu konu onlar taraf\u0131ndan kabul edildi ve derhal kald\u0131r\u0131ld\u0131.<\/p>\n<p>Mahkemeye m\u00fcracaat eden Atat\u00fcrk\u00e7\u00fc D\u00fc\u015f\u00fcnce Derne\u011fidir. Ben olsam ben de ederim. T\u00fcrk vatanda\u015f\u0131 Atat\u00fcrk&#8217;e hakareti hi\u00e7bir zaman ho\u015f g\u00f6remez, kabul edemez. Ama bunlar \u00e7ok iyi propaganda yapt\u0131lar. Sanal alemde bizden daha etkililer. O mukayeseli \u00fcst\u00fcnl\u00fcklerini \u00e7ok iyi kuland\u0131lar ve kamuoyunu bize kar\u015f\u0131 ciddi anlamda \u00f6rg\u00fctlediler. &#8216;Milyonlar kazan\u0131yorsunuz, be\u015f kuru\u015f vermiyorsunuz, bunu yapmaya hakk\u0131n\u0131z yok, temsilcili\u011finiz yok&#8217; dedim ertesi g\u00fcn\u00fc &#8216;sana ne, sen kimsin, Maliye Bakan\u0131 m\u0131s\u0131n, internetimize nas\u0131l laf edersin&#8217; diye almad\u0131\u011f\u0131m hakaret kalmad\u0131. \u00d6nemli de\u011fil. Sonunda \u0131srar ettik, inat ettik, burada kim olursa bu \u00fclkenin hukuk sisteminden g\u00fc\u00e7l\u00fc hi\u00e7 kimse yoktur. Bunu herkesin bilmesi laz\u0131m. Orada da boyunu \u00f6l\u00e7\u00fcs\u00fcn\u00fc alm\u0131\u015ft\u0131r.&#8221; <\/p>\n","protected":false},"excerpt":{"rendered":"<p>Y\u0131ld\u0131r\u0131m: G\u00fcvenli internette sans\u00fcr yok &#8211; \u0130nternet- ntvmsnbc.com Y\u0131ld\u0131r\u0131m: G\u00fcvenli internette sans\u00fcr yok Bakan Y\u0131ld\u0131r\u0131m, g\u00fcvenli internet uygulamas\u0131yla sans\u00fcr, k\u0131s\u0131tlama, yasa\u011f\u0131n s\u00f6z konusu olmad\u0131\u011f\u0131n\u0131 s\u00f6yledi. AA G\u00fcncelleme: 10:16 TS\u0130 23 Kas\u0131m. 2011 \u00c7ar\u015famba Ula\u015ft\u0131rma Denizcilik ve Haberle\u015fme Bakan\u0131 Binali Y\u0131ld\u0131r\u0131m, bakanl\u0131\u011f\u0131n\u0131n b\u00fct\u00e7esinin g\u00f6r\u00fc\u015fmelerinde milletvekillerinin soru, g\u00f6r\u00fc\u015f ve ele\u015ftirilerini yan\u0131tlad\u0131. G\u00fcvenli internet ile ilgili hizmet al\u0131nmak istendi\u011finde \u00fccret \u00f6denmeyece\u011fini belirten Y\u0131ld\u0131r\u0131m,&#8230;<\/p>\n","protected":false},"author":1,"featured_media":0,"comment_status":"open","ping_status":"closed","sticky":false,"template":"","format":"standard","meta":{"jetpack_post_was_ever_published":false,"_jetpack_newsletter_access":"","_jetpack_dont_email_post_to_subs":false,"_jetpack_newsletter_tier_id":0,"_jetpack_memberships_contains_paywalled_content":false,"_jetpack_memberships_contains_paid_content":false,"footnotes":"","jetpack_publicize_message":"","jetpack_publicize_feature_enabled":true,"jetpack_social_post_already_shared":false,"jetpack_social_options":{"image_generator_settings":{"template":"highway","default_image_id":0,"font":"","enabled":false},"version":2}},"categories":[22,147,118,5,21,94,3,17],"tags":[],"class_list":["post-1486","post","type-post","status-publish","format-standard","hentry","category-5651-nolu-kanun","category-bakan-yildirim","category-btk","category-dusunce-ozgurlugu","category-erisim-engelleme","category-filtreleme","category-sansur","category-tib"],"jetpack_publicize_connections":[],"jetpack_featured_media_url":"","jetpack_sharing_enabled":true,"jetpack_shortlink":"https:\/\/wp.me\/p7wjA8-nY","jetpack-related-posts":[],"_links":{"self":[{"href":"https:\/\/privacy.cyber-rights.org.tr\/index.php?rest_route=\/wp\/v2\/posts\/1486","targetHints":{"allow":["GET"]}}],"collection":[{"href":"https:\/\/privacy.cyber-rights.org.tr\/index.php?rest_route=\/wp\/v2\/posts"}],"about":[{"href":"https:\/\/privacy.cyber-rights.org.tr\/index.php?rest_route=\/wp\/v2\/types\/post"}],"author":[{"embeddable":true,"href":"https:\/\/privacy.cyber-rights.org.tr\/index.php?rest_route=\/wp\/v2\/users\/1"}],"replies":[{"embeddable":true,"href":"https:\/\/privacy.cyber-rights.org.tr\/index.php?rest_route=%2Fwp%2Fv2%2Fcomments&post=1486"}],"version-history":[{"count":1,"href":"https:\/\/privacy.cyber-rights.org.tr\/index.php?rest_route=\/wp\/v2\/posts\/1486\/revisions"}],"predecessor-version":[{"id":1487,"href":"https:\/\/privacy.cyber-rights.org.tr\/index.php?rest_route=\/wp\/v2\/posts\/1486\/revisions\/1487"}],"wp:attachment":[{"href":"https:\/\/privacy.cyber-rights.org.tr\/index.php?rest_route=%2Fwp%2Fv2%2Fmedia&parent=1486"}],"wp:term":[{"taxonomy":"category","embeddable":true,"href":"https:\/\/privacy.cyber-rights.org.tr\/index.php?rest_route=%2Fwp%2Fv2%2Fcategories&post=1486"},{"taxonomy":"post_tag","embeddable":true,"href":"https:\/\/privacy.cyber-rights.org.tr\/index.php?rest_route=%2Fwp%2Fv2%2Ftags&post=1486"}],"curies":[{"name":"wp","href":"https:\/\/api.w.org\/{rel}","templated":true}]}}