{"id":1506,"date":"2014-01-06T09:01:23","date_gmt":"2014-01-06T06:01:23","guid":{"rendered":"http:\/\/privacy.cyber-rights.org.tr\/?p=1506"},"modified":"2014-01-06T09:01:23","modified_gmt":"2014-01-06T06:01:23","slug":"gezide-sosyal-medyadan-polise-hakaret-301lik-oldu","status":"publish","type":"post","link":"https:\/\/privacy.cyber-rights.org.tr\/?p=1506","title":{"rendered":"&#8216;Gezi&#8217;de sosyal medyadan polise &#8216;hakaret&#8217; 301&#8217;lik oldu"},"content":{"rendered":"<p><!--?xml version=\"1.0\" encoding=\"UTF-8\" standalone=\"no\"?--><\/p>\n<div style=\"font-family: Arial;\"><span style=\"font-family: Arial; font-size: 14px;\">T24&#8217;\u00fcn haberi:\u00a0<a href=\"http:\/\/m.t24.com.tr\/haber\/gezide-sosyal-medyadan-polise-hakaret-301lik-oldu\/247091\" shape=\"rect\">http:\/\/m.t24.com.tr\/haber\/gezide-sosyal-medyadan-polise-hakaret-301lik-oldu\/247091<\/a><\/span><\/div>\n<div style=\"font-family: Arial;\"><span style=\"font-family: Arial; font-size: 14px;\">\u00a0<\/span><\/div>\n<div style=\"font-family: Arial;\"><span style=\"font-family: Arial; font-size: 14px;\"><strong>28.12.2013<\/strong><\/span><\/div>\n<div style=\"font-family: Arial;\"><span style=\"font-family: Arial; font-size: 14px;\">\u00a0<\/span><\/div>\n<div style=\"font-family: Arial;\"><span style=\"font-family: Arial; font-size: 14px;\">Gezi olaylar\u0131nda sanal \u00e2lemde payla\u015f\u0131lanlar yarg\u0131lanmaya devam ediyor. Mesaj\u0131yla T\u00fcrk polisine hakaret etti\u011fi iddia edilen A.S., 3.5 y\u0131la kadar hapis istemiyle yarg\u0131lanacak<\/span><\/div>\n<div style=\"-webkit-hyphens: auto; font-family: Arial;\">\n<div style=\"font-family: Palatino, Georgia, Times, 'Times New Roman', serif; font-size: 19px; line-height: 1.4;\">\n<p><span style=\"font-family: Arial; font-size: 14px;\">Gezi Park\u0131 olaylar\u0131 s\u0131ras\u0131nda, bir sosyal payla\u015f\u0131m sitesinden \u2018polise hakaret etti\u011fi\u2019 iddia edilen Savunma Sanayii M\u00fcste\u015farl\u0131\u011f\u0131 uzman\u0131na TCK 301\u2019den dava a\u00e7\u0131ld\u0131. A.S., 3 y\u0131l 6 aya kadar hapis istemiyle yarg\u0131lanacak.<\/span><\/p>\n<p><span style=\"font-family: Arial; font-size: 14px;\">Gezi Park\u0131 olaylar\u0131 s\u0131ras\u0131nda, bir sosyal payla\u015f\u0131m sitesinden \u2018polise hakaret etti\u011fi\u2019 belirtilen Savunma Sanayii M\u00fcste\u015farl\u0131\u011f\u0131 uzman\u0131na, \u2018 T\u00fcrkiye Cumhuriyeti h\u00fck\u00fcmetini, devletin yarg\u0131 organlar\u0131n\u0131, askeri veya emniyet te\u015fkilat\u0131n\u0131 alenen a\u015fa\u011f\u0131lama\u2019 su\u00e7undan, 3 y\u0131l 6 aya kadar hapis istemiyle dava a\u00e7\u0131ld\u0131. Cumhuriyet Savc\u0131s\u0131\u00a0<strong>Erdo\u011fan G\u00f6k\u00e7ek<\/strong>\u00a0taraf\u0131ndan haz\u0131rlanan iddianamede, \u2018M\u00fcste\u015farl\u0131kta uzman olarak \u00e7al\u0131\u015fan A.S\u2019nin, bir sosyal payla\u015f\u0131m sitesinde, T\u00fcrk polisine k\u00fcf\u00fcr ve hakaret etti\u011fi\u2019 ihbar\u0131 \u00fczerine soru\u015fturma ba\u015flat\u0131ld\u0131\u011f\u0131 belirtildi.<\/span><\/p>\n<p><span style=\"font-family: Arial; font-size: 14px;\">A.S. hakk\u0131nda, TCK\u2019n\u0131n 301. maddesinde d\u00fczenlenen, \u2018T\u00fcrkl\u00fc\u011f\u00fc, Cumhuriyeti, devletin kurum ve organlar\u0131n\u0131 a\u015fa\u011f\u0131lama\u2019 su\u00e7undan soru\u015fturma y\u00fcr\u00fct\u00fclebilmesi i\u00e7in Adalet Bakanl\u0131\u011f\u0131\u2019ndan izin istendi\u011fi ifade edilen iddianamede, bakanl\u0131\u011f\u0131n, izin vermesi \u00fczerine A.S\u2019nin internet \u00e7\u0131kt\u0131lar\u0131n\u0131n incelendi\u011fi kaydedildi.<\/span><\/p>\n<p><span style=\"font-family: Arial; font-size: 14px;\">Hesab\u0131nda farkl\u0131 bir isim kullanan \u015f\u00fcphelinin, payla\u015f\u0131mlar\u0131na yer verilen iddianamede, A.S\u2019nin savc\u0131l\u0131k beyan\u0131nda, \u2018payla\u015f\u0131mlar\u0131 kendisinin yapt\u0131\u011f\u0131n\u0131\u2019 itiraf etti\u011fi aktar\u0131ld\u0131. A.S\u2019nin, zincirleme olarak \u2018T\u00fcrkiye Cumhuriyeti h\u00fck\u00fcmetini, devletin yarg\u0131 organlar\u0131n\u0131, askeri veya emniyet te\u015fkilat\u0131n\u0131 alenen a\u015fa\u011f\u0131lama\u2019 su\u00e7undan 3 y\u0131l 6 aya kadar hapsi istenen iddianamede, \u015f\u00fcphelinin, ceza almas\u0131 durumunda, belli haklardan yoksun b\u0131rak\u0131lmas\u0131 da talep edildi. A.S, Ankara 19. Sulh Ceza Mahkemesi\u2019nde h\u00e2kim kar\u015f\u0131s\u0131na \u00e7\u0131kacak.<\/span><\/p>\n<\/div>\n<\/div>\n","protected":false},"excerpt":{"rendered":"<p>T24&#8217;\u00fcn haberi:\u00a0http:\/\/m.t24.com.tr\/haber\/gezide-sosyal-medyadan-polise-hakaret-301lik-oldu\/247091 \u00a0 28.12.2013 \u00a0 Gezi olaylar\u0131nda sanal \u00e2lemde payla\u015f\u0131lanlar yarg\u0131lanmaya devam ediyor. Mesaj\u0131yla T\u00fcrk polisine hakaret etti\u011fi iddia edilen A.S., 3.5 y\u0131la kadar hapis istemiyle yarg\u0131lanacak Gezi Park\u0131 olaylar\u0131 s\u0131ras\u0131nda, bir sosyal payla\u015f\u0131m sitesinden \u2018polise hakaret etti\u011fi\u2019 iddia edilen Savunma Sanayii M\u00fcste\u015farl\u0131\u011f\u0131 uzman\u0131na TCK 301\u2019den dava a\u00e7\u0131ld\u0131. A.S., 3 y\u0131l 6 aya kadar hapis istemiyle yarg\u0131lanacak. Gezi Park\u0131 olaylar\u0131&#8230;<\/p>\n","protected":false},"author":1,"featured_media":0,"comment_status":"open","ping_status":"closed","sticky":false,"template":"","format":"standard","meta":{"jetpack_post_was_ever_published":false,"_jetpack_newsletter_access":"","_jetpack_dont_email_post_to_subs":false,"_jetpack_newsletter_tier_id":0,"_jetpack_memberships_contains_paywalled_content":false,"_jetpack_memberships_contains_paid_content":false,"footnotes":"","jetpack_publicize_message":"","jetpack_publicize_feature_enabled":true,"jetpack_social_post_already_shared":false,"jetpack_social_options":{"image_generator_settings":{"template":"highway","default_image_id":0,"font":"","enabled":false},"version":2}},"categories":[187,3,186,67],"tags":[],"class_list":["post-1506","post","type-post","status-publish","format-standard","hentry","category-gezi","category-sansur","category-tck-301","category-turkiye"],"jetpack_publicize_connections":[],"jetpack_featured_media_url":"","jetpack_sharing_enabled":true,"jetpack_shortlink":"https:\/\/wp.me\/p7wjA8-oi","jetpack-related-posts":[],"_links":{"self":[{"href":"https:\/\/privacy.cyber-rights.org.tr\/index.php?rest_route=\/wp\/v2\/posts\/1506","targetHints":{"allow":["GET"]}}],"collection":[{"href":"https:\/\/privacy.cyber-rights.org.tr\/index.php?rest_route=\/wp\/v2\/posts"}],"about":[{"href":"https:\/\/privacy.cyber-rights.org.tr\/index.php?rest_route=\/wp\/v2\/types\/post"}],"author":[{"embeddable":true,"href":"https:\/\/privacy.cyber-rights.org.tr\/index.php?rest_route=\/wp\/v2\/users\/1"}],"replies":[{"embeddable":true,"href":"https:\/\/privacy.cyber-rights.org.tr\/index.php?rest_route=%2Fwp%2Fv2%2Fcomments&post=1506"}],"version-history":[{"count":0,"href":"https:\/\/privacy.cyber-rights.org.tr\/index.php?rest_route=\/wp\/v2\/posts\/1506\/revisions"}],"wp:attachment":[{"href":"https:\/\/privacy.cyber-rights.org.tr\/index.php?rest_route=%2Fwp%2Fv2%2Fmedia&parent=1506"}],"wp:term":[{"taxonomy":"category","embeddable":true,"href":"https:\/\/privacy.cyber-rights.org.tr\/index.php?rest_route=%2Fwp%2Fv2%2Fcategories&post=1506"},{"taxonomy":"post_tag","embeddable":true,"href":"https:\/\/privacy.cyber-rights.org.tr\/index.php?rest_route=%2Fwp%2Fv2%2Ftags&post=1506"}],"curies":[{"name":"wp","href":"https:\/\/api.w.org\/{rel}","templated":true}]}}