{"id":1507,"date":"2014-01-06T09:04:42","date_gmt":"2014-01-06T06:04:42","guid":{"rendered":"http:\/\/privacy.cyber-rights.org.tr\/?p=1507"},"modified":"2014-01-06T09:09:06","modified_gmt":"2014-01-06T06:09:06","slug":"internet-ortaminda-yayinlar-yoluyla-islenen-suclara-agir-yaptirimlar-geliyor","status":"publish","type":"post","link":"https:\/\/privacy.cyber-rights.org.tr\/?p=1507","title":{"rendered":"\u0130nternet ortam\u0131nda yay\u0131nlar yoluyla i\u015flenen su\u00e7lara a\u011f\u0131r yapt\u0131r\u0131mlar geliyor"},"content":{"rendered":"<p><!--?xml version=\"1.0\" encoding=\"UTF-8\" standalone=\"no\"?--><\/p>\n<div style=\"font-family: Arial;\"><span style=\"font-size: 14px;\">T24 ve Medyatava&#8217;n\u0131n haberi: \u00a0<\/span><span style=\"font-size: 14px;\"><a href=\"http:\/\/m.medyatava.com\/NewsDetail.aspx?NewsID=101268&amp;CategoryID=2\" shape=\"rect\">http:\/\/m.medyatava.com\/NewsDetail.aspx?NewsID=101268&amp;CategoryID=2<\/a><\/span><\/div>\n<div style=\"font-family: Arial;\">\u00a0<\/div>\n<div style=\"-webkit-hyphens: auto; font-family: Arial;\">\n<div style=\"font-family: Palatino, Georgia, Times, 'Times New Roman', serif; font-size: 19px; line-height: 1.4;\"><span style=\"font-size: 14px;\"><strong>\u0130nternet ortam\u0131nda yay\u0131nlar yoluyla i\u015flenen su\u00e7lara a\u011f\u0131r yapt\u0131r\u0131mlar geliyor.<\/strong><\/span><\/p>\n<p style=\"font-size: 19px; line-height: 1.4;\"><span style=\"font-size: 14px;\">AK Parti&#8217;nin internette denetim ve yapt\u0131r\u0131mlar\u0131n geni\u015fletilmesine ili\u015fkin verdi\u011fi kanun teklifinin, Plan ve B\u00fct\u00e7e Komisyonu&#8217;ndaki torba kanun tasar\u0131s\u0131na ta\u015f\u0131narak alt komisyonda kabul edildi. D\u00fczenlemeyle internet yay\u0131nc\u0131l\u0131\u011f\u0131 ile internet ortam\u0131nda yap\u0131lan yay\u0131nlar yoluyla i\u015flenen su\u00e7lara a\u011f\u0131r denetim ve yapt\u0131r\u0131m geliyor. Tasar\u0131ya g\u00f6re; siteler mahkeme karar\u0131 olmadan da kapat\u0131labilecek. \u00d6zel hayat\u0131n gizlili\u011finin ihlali veya ba\u015fkalar\u0131n\u0131n hak ve \u00f6zg\u00fcrl\u00fcklerinin korunmas\u0131 nedenlerine dayal\u0131 olarak gecikmesinde sak\u0131nca bulunan hallerde do\u011frudan T\u0130B Ba\u015fkan\u0131 veya ilgili Bakan emri ile eri\u015fim Ba\u015fkanl\u0131k taraf\u0131ndan yap\u0131lacak.<\/span><\/p>\n<\/div>\n<\/div>\n<p><!--more--><\/p>\n<div style=\"font-family: Palatino, Georgia, Times, 'Times New Roman', serif; font-size: 19px; line-height: 1.4;\">\n<p><span style=\"font-size: 14px;\"><strong>ALT KOM\u0130SYONDA KABUL ED\u0130LD\u0130<\/strong><\/span><\/p>\n<p><span style=\"font-size: 14px;\">T24&#8217;ten Muzaffer Gen\u00e7do\u011fan&#8217;\u0131n\u00a0haberine g\u00f6re, AKP\u00a0\u015eanl\u0131urfa\u00a0Milletvekili\u00a0Zeynep Arma\u011fan Uslu\u00a0ve arkada\u015flar\u0131 taraf\u0131ndan ge\u00e7ti\u011fimiz g\u00fcnlerde\u00a0TBMM\u00a0Ba\u015fkanl\u0131\u011f\u0131&#8217;na sunulan kanun teklifinin t\u00fcm maddeleri, Plan ve B\u00fct\u00e7e Komisyonu&#8217;ndaki &#8216;Torba&#8217; Kanun Tasar\u0131s\u0131na ta\u015f\u0131narak alt komisyonda kabul edildi. Plan ve B\u00fct\u00e7e Komisyonu, \u00f6n\u00fcm\u00fczdeki Sal\u0131 g\u00fcn\u00fc, s\u00f6z konusu de\u011fi\u015fiklikleri g\u00f6r\u00fc\u015fmek i\u00e7in toplanacak.<\/span><\/p>\n<p><span style=\"font-size: 14px;\"><strong>YEN\u0130 MADDELER EKLEND\u0130<\/strong><\/span><\/p>\n<p><span style=\"font-size: 14px;\">TBMM Plan ve B\u00fct\u00e7e alt komisyonunun d\u00fcnk\u00fc toplant\u0131s\u0131nda, &#8216;torba tasar\u0131&#8217; olarak adland\u0131r\u0131lan &#8216;Aile ve Sosyal Politikalar Bakanl\u0131\u011f\u0131n\u0131n Te\u015fkilat ve G\u00f6revleri Hakk\u0131nda Kanun H\u00fckm\u00fcnde Kararname ile Baz\u0131 Kanun ve Kanun H\u00fckm\u00fcnde Kararnamelerde De\u011fi\u015fiklik Yap\u0131lmas\u0131na Dair Kanun Tasar\u0131s\u0131&#8217;, \u00e7ok say\u0131da yeni madde eklenerek de\u011fi\u015ftirildi. 102 maddelik Tasar\u0131, yeni eklenenler ile 130 maddeyi a\u015ft\u0131.<\/span><\/p>\n<p><span style=\"font-size: 14px;\"><strong>ER\u0130\u015e\u0130M ENGELLENMES\u0130 YEN\u0130DEN TANIMLANDI<\/strong><\/span><\/p>\n<p><span style=\"font-size: 14px;\">&#8216;Torba&#8217; Kanun Tasar\u0131s\u0131na g\u00f6re, internet ortam\u0131nda yap\u0131lan yay\u0131nlarda, \u015fikayet konusu i\u00e7eri\u011fin yay\u0131ndan \u00e7\u0131kar\u0131lmas\u0131 ile eri\u015fimin engellenmesi, uygulamada ya\u015fanan sorunlar nedeniyle yeniden tan\u0131mland\u0131. Halen uygulamada &#8216;b\u00fct\u00fcn d\u00fcnyadan ula\u015f\u0131lamaz k\u0131l\u0131nmas\u0131&#8217; \u015feklinde anla\u015f\u0131lan eri\u015fimin engellenmesi &#8216;alan ad\u0131, IP adresi ve i\u00e7eri\u011fe (URL) eri\u015fim ve benzeri y\u00f6ntemler kullan\u0131larak&#8217; yap\u0131lacak. \u0130\u00e7eri\u011fin yay\u0131ndan \u00e7\u0131kar\u0131lmas\u0131 ise &#8216;i\u00e7erik veya yer sa\u011flay\u0131c\u0131lar taraf\u0131ndan i\u00e7eri\u011fin sunuculardan veya bar\u0131nd\u0131r\u0131lan i\u00e7erikten \u00e7\u0131kar\u0131lmas\u0131&#8217; \u015feklinde yeniden tan\u0131mland\u0131.<\/span><\/p>\n<p><span style=\"font-size: 14px;\"><strong>T\u0130B&#8217;\u0130N \u0130STED\u0130\u011e\u0130 B\u0130LG\u0130LER\u0130 VERMEK ZORUNLU<\/strong><\/span><\/p>\n<p><span style=\"font-size: 14px;\">De\u011fi\u015fikli\u011fe g\u00f6re, i\u00e7erik sa\u011flay\u0131c\u0131, Telekom\u00fcnikasyon \u0130leti\u015fim Ba\u015fkanl\u0131\u011f\u0131n\u0131n talep etti\u011fi bilgileri vermekle zorunlu olacak ve Ba\u015fkanl\u0131\u011f\u0131n bildirdi\u011fi tedbirleri alacak.<\/span><\/p>\n<p><span style=\"font-size: 14px;\">Yer sa\u011flay\u0131c\u0131, yer sa\u011flad\u0131\u011f\u0131 hukuka ayk\u0131r\u0131 i\u00e7eri\u011fi, kendisine bildirilmesinden itibaren yay\u0131ndan \u00e7\u0131karmakla y\u00fck\u00fcml\u00fc olacak. Ayr\u0131ca, yer sa\u011flad\u0131\u011f\u0131 hizmetlere ili\u015fkin trafik bilgilerini bir y\u0131ldan az ve iki y\u0131ldan fazla olmamak \u00fczere saklayacak, b\u00fct\u00fcnl\u00fck ve gizlili\u011fini de koruyacak.<\/span><\/p>\n<p><span style=\"font-size: 14px;\">Yer sa\u011flay\u0131c\u0131l\u0131k bildiriminde bulunmayan veya ilgili Kanundaki y\u00fck\u00fcml\u00fcl\u00fcklerini yerine getirmeyen yer sa\u011flay\u0131c\u0131 hakk\u0131nda 10 bin lira ile 100 bin lira aras\u0131nda idare para cezas\u0131 uygulanabilecek.<\/span><\/p>\n<p><span style=\"font-size: 14px;\"><strong>ER\u0130\u015e\u0130M SA\u011eLAYICILARI B\u0130RL\u0130\u011e\u0130 KURULUYOR<\/strong><\/span><\/p>\n<p><span style=\"font-size: 14px;\">Alt Komisyonun kabul etti\u011fi tasar\u0131ya g\u00f6re, eri\u015fimin engellenmesi kararlar\u0131n\u0131n uygulanmas\u0131n\u0131 sa\u011flamak \u00fczere &#8216;Eri\u015fim Sa\u011flay\u0131c\u0131lar\u0131 Birli\u011fi&#8217; kurulacak. \u00d6zel hukuk t\u00fczel ki\u015fili\u011fine sahip merkezi\u00a0Ankara&#8217;da olacak. Birli\u011fin \u00e7al\u0131\u015fma usul ve esaslar\u0131 Bilgi Teknolojileri ve \u0130leti\u015fim Kurumu&#8217;nca onaylanacak. T\u00fcz\u00fckle belirlenecek. Birlik, Elektronik\u00a0Haberle\u015fme Kanunu kapsam\u0131nda yetkilendirilen t\u00fcm internet servis sa\u011flay\u0131c\u0131lar\u0131 ile internet eri\u015fim hizmeti veren di\u011fer i\u015fletmecilerin kat\u0131lmas\u0131yla olu\u015fturulacak. Birlik, eri\u015fimin engellenmesi dahil, kendisine g\u00f6nderilen kararlara itiraz edebilecek. Birli\u011fin gelirlerini, kat\u0131lan \u00fcyeler sa\u011flayacak. D\u00fczenlemeye g\u00f6re, Birli\u011fe \u00fcye olmayan internet servis sa\u011flay\u0131c\u0131lar\u0131, faaliyette bulunamayacak.<\/span><\/p>\n<p><span style=\"font-size: 14px;\"><strong>HAP\u0130S CEZASI YER\u0130NE PARA CEZASI<\/strong><\/span><\/p>\n<p><span style=\"font-size: 14px;\">Tasar\u0131yla, eri\u015fimin engellenmesi karar\u0131n\u0131n yerine getirilmemesinin yapt\u0131r\u0131m\u0131 olan alt\u0131 aydan iki y\u0131la kadar hapis cezas\u0131 kald\u0131r\u0131larak yerine 500 g\u00fcnden 3 bin g\u00fcne kadar adli para cezas\u0131 getiriliyor. Yan\u0131s\u0131ra, T\u0130B Ba\u015fkan\u0131&#8217;n\u0131n resen eri\u015fimi engelleme yetkisi, yurt i\u00e7i ve yurt d\u0131\u015f\u0131 ayr\u0131m\u0131 olmaks\u0131z\u0131n &#8216;fuhu\u015f, m\u00fcstehcenlik ve \u00e7ocuklar\u0131n cinsel istismar\u0131&#8217; ile s\u0131n\u0131rland\u0131r\u0131l\u0131yor.<\/span><\/p>\n<p><span style=\"font-size: 14px;\"><strong>T\u0130B BA\u015eKANI VEYA BAKAN EMR\u0130 YETERL\u0130 OLACAK<\/strong><\/span><\/p>\n<p><span style=\"font-size: 14px;\">Tasar\u0131ya g\u00f6re, \u00f6zel hayat\u0131n gizlili\u011finin ihlali veya ba\u015fkalar\u0131n\u0131n hak ve \u00f6zg\u00fcrl\u00fcklerinin korunmas\u0131 nedenlerine dayal\u0131 olarak gecikmesinde sak\u0131nca bulunan hallerde do\u011frudan T\u0130B Ba\u015fkan\u0131 veya ilgili Bakan emri ile eri\u015fim Ba\u015fkanl\u0131k taraf\u0131ndan yap\u0131lacak.<\/span><\/p>\n<p><span style=\"font-size: 14px;\">\u00d6zel hayat\u0131n gizlili\u011fine ili\u015fkin eri\u015fimin engellenmesine y\u00f6nelik yap\u0131lan ba\u015fvuru, ilgili sulh ceza mahkemesi taraf\u0131ndan en ge\u00e7 48 saat i\u00e7inde karara ba\u011flanacak. Aksi halde, eri\u015fimin engellenmesi tedbiri kendili\u011finden kalkacak.<\/span><\/p>\n<p><span style=\"font-size: 14px;\"><strong>\u0130NTERNET KAFELERE YAPTIRIM<\/strong><\/span><\/p>\n<p><span style=\"font-size: 14px;\">Tasar\u0131ya g\u00f6re, ba\u015fta internet kafeler olmak \u00fczere ticari ama\u00e7l\u0131 olup olmad\u0131\u011f\u0131na bak\u0131lmaks\u0131z\u0131n t\u00fcm toplu kullan\u0131m sa\u011flay\u0131c\u0131lar, konusu su\u00e7 olu\u015fturan i\u00e7eriklere eri\u015fimin engellenmesi ve kullan\u0131ma ili\u015fkin eri\u015fim kay\u0131tlar\u0131n\u0131n tutulmas\u0131na ili\u015fkin tedbirleri almak zorunda olacak. Y\u00f6netmelikle belirlenecek y\u00fck\u00fcml\u00fcl\u00fckleri ihlal eden ticari ama\u00e7l\u0131 toplu kullan\u0131m sa\u011flay\u0131c\u0131lar\u0131na m\u00fclki amir taraf\u0131ndan uyarma, 1.000-15.000 lira aras\u0131nda idari para cezas\u0131 veya \u00fc\u00e7 g\u00fcn ticari faaliyetlerden men cezas\u0131 verilebilecek.<\/span><\/p>\n<p><span style=\"font-size: 14px;\"><strong>BAKANLI\u011eA VE T\u0130B&#8217;E YETK\u0130<\/strong><\/span><\/p>\n<p><span style=\"font-size: 14px;\">Tasar\u0131 ile, daha \u00f6nce olu\u015fturulan &#8216;Ulusal Siber G\u00fcvenlik Stratejisi ve Eylem Plan\u0131 ile Ulusal Siber G\u00fcvenlik Kurulu&#8217;nun hukuki alt yap\u0131s\u0131 haz\u0131rlan\u0131yor. Tasar\u0131, bu konularda\u00a0Ula\u015ft\u0131rma Bakanl\u0131\u011f\u0131\u00a0ile T\u0130B&#8217;e baz\u0131 yetkiler verilmesini de \u00f6ng\u00f6r\u00fcyor.<\/span><\/p>\n<p><span style=\"font-size: 14px;\"><strong>T\u0130B BA\u015eKANI VE PERSONEL\u0130NE KORUMA KALKANI<\/strong><\/span><\/p>\n<p><span style=\"font-size: 14px;\">Tasar\u0131 ile Telekom\u00fcnikasyon \u0130leti\u015fim Ba\u015fkan\u0131 ile personeline ceza soru\u015fturmas\u0131yla ilgili &#8216;koruma kalkan\u0131&#8217; getiriliyor. Buna g\u00f6re, T\u0130B Ba\u015fkanl\u0131\u011f\u0131 personelinin, yapt\u0131klar\u0131 g\u00f6revin niteli\u011finden do\u011fan veya g\u00f6revin yerine getirilmesi s\u0131ras\u0131nda i\u015fledikleri iddia olunan su\u00e7lardan dolay\u0131 haklar\u0131nda ceza soru\u015fturmas\u0131 a\u00e7\u0131lmas\u0131na T\u0130B Ba\u015fkan\u0131 i\u00e7in ilgili Ula\u015ft\u0131rma Denizcilik ve\u00a0Haberle\u015fme Bakan\u0131, di\u011fer personel i\u00e7in ise Bilgi Teknolojileri ve \u0130leti\u015fim Kurumu Ba\u015fkan\u0131&#8217;n\u0131n izni aranacak.<\/span><\/p>\n<p><span style=\"font-size: 14px;\">TBMM Plan ve B\u00fct\u00e7e Komisyonu, \u00f6n\u00fcm\u00fczdeki Sal\u0131 g\u00fcn\u00fc yapaca\u011f\u0131 toplant\u0131da, alt komisyonda kabul edilen &#8216;Torba&#8217; Tasar\u0131y\u0131 g\u00f6r\u00fc\u015ferek aynen veya baz\u0131 de\u011fi\u015fikliklerle karara ba\u011flayacak.<\/span><\/p>\n<\/div>\n<div style=\"font-family: Palatino, Georgia, Times, 'Times New Roman', serif; font-size: 19px; line-height: 1.4;\"><span style=\"font-size: 14px;\"><strong>Zaman yazar\u0131 H\u00fcseyin G\u00fclerce, &#8220;Daha \u00f6nce ya\u015fanmam\u0131\u015f bir operasyonu ya\u015fayaca\u011f\u0131z. Pazartesi de ba\u015flayabilir, Uzakdo\u011fu ziyareti sonras\u0131 da&#8221; dedi.<\/strong><\/span><\/p>\n<p><span style=\"font-size: 14px;\">R\u00fc\u015fvet ve yolsuzluk operasyonuyla t\u0131rmanan AK Parti-G\u00fclen Cemaati aras\u0131ndaki gerilimle ilgili twitter hesab\u0131, k\u00f6\u015fesi ve tv programlar\u0131nda de\u011ferlendirmelerde bulunan G\u00fclerce&#8217;den son geli\u015fmelere ili\u015fkin de a\u00e7\u0131klamalar geldi.\u00a0<\/span><\/p>\n<p><span style=\"font-size: 14px;\">Bir televizyon program\u0131nda konu\u015fan G\u00fclerce, H\u00fck\u00fcmet&#8217;in Emniyet i\u00e7erisindeki operasyonuna dikkat \u00e7ekerek, &#8216;\u00c7ok b\u00fcy\u00fck bir f\u0131rt\u0131na geliyor, diyorum. Bunu baz\u0131 siteler tehdit ediyor, diye veriyor. &#8216;F\u0131rt\u0131na geliyor&#8217; dedi\u011finiz zaman, tehdit de\u011fil, tedbirinizi al\u0131n, demektir. Ben &#8216;s\u0131k\u0131 dural\u0131m&#8217; diyorum. Bu olay ne Sel\u00e7uklu&#8217;da ya\u015fand\u0131 ne Osmanl\u0131&#8217;da. B\u00f6yle yang\u0131n S\u00fcnniler aras\u0131nda hi\u00e7 ya\u015fanmad\u0131. Tedbir h\u00fck\u00fcmete y\u00f6nelik tabii. 700-bin polisin yeri de\u011fi\u015fti. Herkesin burada dikkat \u00e7ekece\u011fi \u015fey, hukuk. Yanl\u0131\u015f yapanlar hukuk \u00e7evresinde de\u011ferlendirilsin&#8217; dedi.<\/span><br clear=\"none\" \/><br clear=\"none\" \/><span style=\"font-size: 14px;\">Ba\u015fbakan Recep Tayyip Erdo\u011fan&#8217;\u0131 &#8216;tahrik edenlerin oldu\u011funu&#8217; \u00f6ne s\u00fcren H\u00fcseyin G\u00fclerce, yeni operasyonlar\u0131n yap\u0131laca\u011f\u0131n\u0131 belirtirken, &#8216;Paralel yap\u0131ya bir operasyon geliyor. Ba\u015fbakan&#8217;\u0131n d\u00fcnk\u00fc toplant\u0131s\u0131 da bunun bir g\u00f6stergesidir. Ba\u015fbakan, toplant\u0131ya kendisini ele\u015ftirmeyen isimleri \u00e7a\u011f\u0131rd\u0131. Bu, \u015funu g\u00f6steriyor; Ba\u015fbakan bir karar vermi\u015f, kendisine destek veren gazetecilere bu fikrini a\u00e7\u0131klad\u0131. Daha \u00f6nce ya\u015fanmam\u0131\u015f bir operasyonu ya\u015fayaca\u011f\u0131z. Pazartesi de ba\u015flayabilir, Uzakdo\u011fu ziyareti sonras\u0131 da. Ama b\u00f6yle bir operasyonu daha \u00f6nce T\u00fcrkiye g\u00f6rmedi. Bu toplant\u0131dan \u00e7\u0131kan ana fikir, Ba\u015fbakan&#8217;\u0131n operasyon konusunda kararl\u0131 olmas\u0131.<\/span><br clear=\"none\" \/><br clear=\"none\" \/><span style=\"font-size: 14px;\"><strong>&#8216;H\u0130ZMET HAREKET\u0130 DE YANLI\u015eLAR YAPTI&#8217;<\/strong><\/span><br clear=\"none\" \/><br clear=\"none\" \/><span style=\"font-size: 14px;\">Netice ne olursa olsun, b\u00fcy\u00fck s\u0131k\u0131nt\u0131lar ya\u015fayaca\u011f\u0131z. Daha \u00f6nce Hizmet Hareketine b\u00f6yle bir bak\u0131\u015f a\u00e7\u0131s\u0131 olmam\u0131\u015ft\u0131r. Bu olaydan yara almadan kimse \u00e7\u0131kamaz. Bu kas\u0131rgan\u0131n \u015fu anda sadece ben de\u011fil, Say\u0131n Baykal da fark\u0131nda. Say\u0131n Cumhurba\u015fkan\u0131 televizyona \u00e7\u0131km\u0131yordu. Neden \u00e7\u0131kt\u0131? Neden G\u00fcl, Fehmi Koru&#8217;yu ABD&#8217;ye G\u00fclen&#8217;in yan\u0131na g\u00f6nderdi?&#8217;<\/span><\/p>\n<p><span style=\"font-size: 14px;\">G\u00fclerce, Cemaat&#8217;in de yanl\u0131\u015flar yapt\u0131\u011f\u0131n\u0131 vurgulayarak, &#8216;Hizmet Hareketi de yanl\u0131\u015flar yapt\u0131. \u00d6z ele\u015ftiri yap\u0131lmal\u0131&#8217; ifadelerini kulland\u0131. Fethullah G\u00fclen&#8217;i yanl\u0131\u015f y\u00f6nlendirenlerin de oldu\u011funu aktaran G\u00fclerce, G\u00fclen taraf\u0131ndan Erdo\u011fan&#8217;a yaz\u0131ld\u0131\u011f\u0131 s\u00f6ylenen mektupla ilgili olarak da &#8216;Mektup 21 Aral\u0131k&#8217;ta g\u00f6nderildi. Mektup, Say\u0131n Cumhurba\u015fkan\u0131 Abdullah G\u00fcl&#8217;e yaz\u0131ld\u0131. Say\u0131n Cumhurba\u015fkan\u0131, bir hal \u00e7are bulmak i\u00e7in Fehmi Koru&#8217;dan ricac\u0131 olmu\u015f. Cumhurba\u015fkan\u0131, Ba\u015fbakan Erdo\u011fan&#8217;a &#8216;b\u00f6yle bir mektup var sizin de okuman\u0131z isteniyor&#8217; deyip okutmu\u015ftur&#8217; \u015feklinde konu\u015ftu. (ANKA)<\/span><\/p>\n<\/div>\n","protected":false},"excerpt":{"rendered":"<p>T24 ve Medyatava&#8217;n\u0131n haberi: \u00a0http:\/\/m.medyatava.com\/NewsDetail.aspx?NewsID=101268&amp;CategoryID=2 \u00a0 \u0130nternet ortam\u0131nda yay\u0131nlar yoluyla i\u015flenen su\u00e7lara a\u011f\u0131r yapt\u0131r\u0131mlar geliyor. AK Parti&#8217;nin internette denetim ve yapt\u0131r\u0131mlar\u0131n geni\u015fletilmesine ili\u015fkin verdi\u011fi kanun teklifinin, Plan ve B\u00fct\u00e7e Komisyonu&#8217;ndaki torba kanun tasar\u0131s\u0131na ta\u015f\u0131narak alt komisyonda kabul edildi. D\u00fczenlemeyle internet yay\u0131nc\u0131l\u0131\u011f\u0131 ile internet ortam\u0131nda yap\u0131lan yay\u0131nlar yoluyla i\u015flenen su\u00e7lara a\u011f\u0131r denetim ve yapt\u0131r\u0131m geliyor. Tasar\u0131ya g\u00f6re; siteler mahkeme karar\u0131 olmadan&#8230;<\/p>\n","protected":false},"author":1,"featured_media":0,"comment_status":"open","ping_status":"closed","sticky":false,"template":"","format":"standard","meta":{"jetpack_post_was_ever_published":false,"_jetpack_newsletter_access":"","_jetpack_dont_email_post_to_subs":false,"_jetpack_newsletter_tier_id":0,"_jetpack_memberships_contains_paywalled_content":false,"_jetpack_memberships_contains_paid_content":false,"footnotes":"","jetpack_publicize_message":"","jetpack_publicize_feature_enabled":true,"jetpack_social_post_already_shared":false,"jetpack_social_options":{"image_generator_settings":{"template":"highway","default_image_id":0,"font":"","enabled":false},"version":2}},"categories":[22,21,3,67],"tags":[],"class_list":["post-1507","post","type-post","status-publish","format-standard","hentry","category-5651-nolu-kanun","category-erisim-engelleme","category-sansur","category-turkiye"],"jetpack_publicize_connections":[],"jetpack_featured_media_url":"","jetpack_sharing_enabled":true,"jetpack_shortlink":"https:\/\/wp.me\/p7wjA8-oj","jetpack-related-posts":[],"_links":{"self":[{"href":"https:\/\/privacy.cyber-rights.org.tr\/index.php?rest_route=\/wp\/v2\/posts\/1507","targetHints":{"allow":["GET"]}}],"collection":[{"href":"https:\/\/privacy.cyber-rights.org.tr\/index.php?rest_route=\/wp\/v2\/posts"}],"about":[{"href":"https:\/\/privacy.cyber-rights.org.tr\/index.php?rest_route=\/wp\/v2\/types\/post"}],"author":[{"embeddable":true,"href":"https:\/\/privacy.cyber-rights.org.tr\/index.php?rest_route=\/wp\/v2\/users\/1"}],"replies":[{"embeddable":true,"href":"https:\/\/privacy.cyber-rights.org.tr\/index.php?rest_route=%2Fwp%2Fv2%2Fcomments&post=1507"}],"version-history":[{"count":2,"href":"https:\/\/privacy.cyber-rights.org.tr\/index.php?rest_route=\/wp\/v2\/posts\/1507\/revisions"}],"predecessor-version":[{"id":1509,"href":"https:\/\/privacy.cyber-rights.org.tr\/index.php?rest_route=\/wp\/v2\/posts\/1507\/revisions\/1509"}],"wp:attachment":[{"href":"https:\/\/privacy.cyber-rights.org.tr\/index.php?rest_route=%2Fwp%2Fv2%2Fmedia&parent=1507"}],"wp:term":[{"taxonomy":"category","embeddable":true,"href":"https:\/\/privacy.cyber-rights.org.tr\/index.php?rest_route=%2Fwp%2Fv2%2Fcategories&post=1507"},{"taxonomy":"post_tag","embeddable":true,"href":"https:\/\/privacy.cyber-rights.org.tr\/index.php?rest_route=%2Fwp%2Fv2%2Ftags&post=1507"}],"curies":[{"name":"wp","href":"https:\/\/api.w.org\/{rel}","templated":true}]}}