{"id":151,"date":"2008-10-04T16:29:00","date_gmt":"2008-10-04T13:29:00","guid":{"rendered":"http:\/\/privacy.cyber-rights.org.tr\/?p=151"},"modified":"2008-10-04T16:29:02","modified_gmt":"2008-10-04T13:29:02","slug":"teror-saldirisini-propaganda-icin-kullanan-siteler","status":"publish","type":"post","link":"https:\/\/privacy.cyber-rights.org.tr\/?p=151","title":{"rendered":"Ter\u00f6r Sald\u0131r\u0131s\u0131n\u0131 propaganda i\u00e7in kullanan siteler"},"content":{"rendered":"<p><a href=\"http:\/\/www.zaman.com.tr\/haber.do?haberno=745395\">Sald\u0131r\u0131y\u0131 propaganda i\u00e7in kullanan siteler<\/a>: &#8220;<IMG data-recalc-dims=\"1\" style=\"border: navy 1px solid;\" src=\"https:\/\/i0.wp.com\/medya.zaman.com.tr\/2008\/10\/04\/aktutun3.jpg?resize=80%2C60\" border=\"0\" align=\"left\" width=\"80\" height=\"60\"\/>Ter\u00f6r \u00f6rg\u00fct\u00fcne yak\u0131n bir haber ajans\u0131n\u0131n internet sitesinde, Akt\u00fct\u00fcn Karakolu&#8217;nun bir k\u0131sm\u0131n\u0131n yanarken \u00e7ekilmi\u015f foto\u011fraf\u0131n\u0131 yay\u0131mlad\u0131. Sitede foto\u011fraf\u0131n d\u00fcnk\u00fc sald\u0131r\u0131 s\u0131ras\u0131nda \u00e7ekildi\u011fi iddia edildi.&#8221;<\/p>\n<p>Haber ajans\u0131n\u0131n internet sitesinde yer alan ve sabah 07.36&#8217;da ge\u00e7ilen haberde, &#8220;\u015eemdinli il\u00e7esindeki Bezele (Akt\u00fct\u00fcn) Karakolu&#8217;na yap\u0131lan sald\u0131r\u0131da 5 asker \u00f6ld\u00fc, 14 asker yaraland\u0131 bilgisine yer verildi. Haberde, b\u00fcy\u00fck oranda imha edildi\u011fi belirtilen karakolun yanan foto\u011fraf\u0131 oldu\u011fu ileri s\u00fcr\u00fclen bir foto\u011frafa yer verildi.<\/p>\n<p>Ajans, daha sonra haberlerini T\u00fcrk televizyonlar\u0131nda yay\u0131nlanan haberler ve Genelkurmay Ba\u015fkanl\u0131\u011f\u0131&#8217;n\u0131n internet sitesinde yap\u0131lan a\u00e7\u0131klamalara g\u00f6re yeniden d\u00fczenleyerek abonelerine duyurdu. Ancak site daha sonra foto\u011fraf\u0131 siteden kald\u0131rd\u0131.<\/p>\n<p>Bunun sebebi ilerleyen dakikalarda netle\u015fti. \u00c7\u00fcnk\u00fc kullan\u0131lan foto\u011fraf&#8217;\u0131n 11 May\u0131s&#8217;ta yap\u0131lan 6 askerimizin \u015fehit oldu\u011fu sald\u0131r\u0131 s\u0131ras\u0131nda \u00e7ekildi\u011fi anla\u015f\u0131ld\u0131.<\/p>\n<p>(C\u0130HAN) <\/p>\n<p>(Via <a href=\"http:\/\/www.zaman.com.tr\/\">Zaman :: Anasayfa<\/a>.)<\/p>\n","protected":false},"excerpt":{"rendered":"<p>Sald\u0131r\u0131y\u0131 propaganda i\u00e7in kullanan siteler: &#8220;Ter\u00f6r \u00f6rg\u00fct\u00fcne yak\u0131n bir haber ajans\u0131n\u0131n internet sitesinde, Akt\u00fct\u00fcn Karakolu&#8217;nun bir k\u0131sm\u0131n\u0131n yanarken \u00e7ekilmi\u015f foto\u011fraf\u0131n\u0131 yay\u0131mlad\u0131. Sitede foto\u011fraf\u0131n d\u00fcnk\u00fc sald\u0131r\u0131 s\u0131ras\u0131nda \u00e7ekildi\u011fi iddia edildi.&#8221; Haber ajans\u0131n\u0131n internet sitesinde yer alan ve sabah 07.36&#8217;da ge\u00e7ilen haberde, &#8220;\u015eemdinli il\u00e7esindeki Bezele (Akt\u00fct\u00fcn) Karakolu&#8217;na yap\u0131lan sald\u0131r\u0131da 5 asker \u00f6ld\u00fc, 14 asker yaraland\u0131 bilgisine yer verildi. Haberde, b\u00fcy\u00fck oranda imha&#8230;<\/p>\n","protected":false},"author":1,"featured_media":0,"comment_status":"open","ping_status":"closed","sticky":false,"template":"","format":"standard","meta":{"jetpack_post_was_ever_published":false,"_jetpack_newsletter_access":"","_jetpack_dont_email_post_to_subs":false,"_jetpack_newsletter_tier_id":0,"_jetpack_memberships_contains_paywalled_content":false,"_jetpack_memberships_contains_paid_content":false,"footnotes":"","jetpack_publicize_message":"","jetpack_publicize_feature_enabled":true,"jetpack_social_post_already_shared":false,"jetpack_social_options":{"image_generator_settings":{"template":"highway","default_image_id":0,"font":"","enabled":false},"version":2}},"categories":[7],"tags":[],"class_list":["post-151","post","type-post","status-publish","format-standard","hentry","category-teror"],"jetpack_publicize_connections":[],"jetpack_featured_media_url":"","jetpack_sharing_enabled":true,"jetpack_shortlink":"https:\/\/wp.me\/p7wjA8-2r","jetpack-related-posts":[],"_links":{"self":[{"href":"https:\/\/privacy.cyber-rights.org.tr\/index.php?rest_route=\/wp\/v2\/posts\/151","targetHints":{"allow":["GET"]}}],"collection":[{"href":"https:\/\/privacy.cyber-rights.org.tr\/index.php?rest_route=\/wp\/v2\/posts"}],"about":[{"href":"https:\/\/privacy.cyber-rights.org.tr\/index.php?rest_route=\/wp\/v2\/types\/post"}],"author":[{"embeddable":true,"href":"https:\/\/privacy.cyber-rights.org.tr\/index.php?rest_route=\/wp\/v2\/users\/1"}],"replies":[{"embeddable":true,"href":"https:\/\/privacy.cyber-rights.org.tr\/index.php?rest_route=%2Fwp%2Fv2%2Fcomments&post=151"}],"version-history":[{"count":0,"href":"https:\/\/privacy.cyber-rights.org.tr\/index.php?rest_route=\/wp\/v2\/posts\/151\/revisions"}],"wp:attachment":[{"href":"https:\/\/privacy.cyber-rights.org.tr\/index.php?rest_route=%2Fwp%2Fv2%2Fmedia&parent=151"}],"wp:term":[{"taxonomy":"category","embeddable":true,"href":"https:\/\/privacy.cyber-rights.org.tr\/index.php?rest_route=%2Fwp%2Fv2%2Fcategories&post=151"},{"taxonomy":"post_tag","embeddable":true,"href":"https:\/\/privacy.cyber-rights.org.tr\/index.php?rest_route=%2Fwp%2Fv2%2Ftags&post=151"}],"curies":[{"name":"wp","href":"https:\/\/api.w.org\/{rel}","templated":true}]}}