{"id":1517,"date":"2014-01-15T09:52:04","date_gmt":"2014-01-15T06:52:04","guid":{"rendered":"http:\/\/privacy.cyber-rights.org.tr\/?p=1517"},"modified":"2014-01-15T09:52:04","modified_gmt":"2014-01-15T06:52:04","slug":"wsj-turkiye-internet-yasasini-tartisiyor","status":"publish","type":"post","link":"https:\/\/privacy.cyber-rights.org.tr\/?p=1517","title":{"rendered":"WSJ: T\u00fcrkiye, internet yasas\u0131n\u0131 tart\u0131\u015f\u0131yor"},"content":{"rendered":"<p><a href=\"http:\/\/www.wsj.com.tr\/article\/SB10001424052702304049704579319934172800794.html\">The Wall Street Journal: \u00a0T\u00fcrkiye, internet yasas\u0131n\u0131 tart\u0131\u015f\u0131yor\u00a0<\/a><\/p>\n<p>14 Ocak, 2014<\/p>\n<p>Ba\u015fbakan Recep Tayyip Erdo\u011fan&#8217;\u0131n, \u00e7ok say\u0131da destek\u00e7isine uzanan ve y\u00f6netimi sarsan yolsuzluk skandal\u0131 ile bo\u011fu\u015furken \u00f6nemli se\u00e7im d\u00f6ng\u00fcs\u00fc \u00f6ncesinde h\u00fck\u00fcmetin internet \u00fczerindeki kontrol\u00fcn\u00fc art\u0131rman\u0131n yollar\u0131n\u0131 aramas\u0131 muhalif siyaset\u00e7ilerden ve i\u015f d\u00fcnyas\u0131ndan tepki al\u0131yor.<\/p>\n<p>Parlamentoda bu hafta g\u00f6r\u00fc\u015f\u00fclecek taslak kanuna g\u00f6re Ula\u015ft\u0131rma Haberle\u015fme ve Denizcilik Bakanl\u0131\u011f\u0131 ile Telekom\u00fcnikasyon \u0130leti\u015fim Bakanl\u0131\u011f\u0131 TIB&#8217;e internet hizmet sa\u011flay\u0131c\u0131lar\u0131 \u00fczerinde tan\u0131nacak kontrol g\u00fcc\u00fc h\u00fck\u00fcmete yarg\u0131 onay\u0131 olmadan verilere eri\u015fme imkan\u0131 tan\u0131yacak. Tasla\u011fa g\u00f6re kullan\u0131c\u0131lar\u0131n online bilgileri iki y\u0131la kadar saklanacak ve talep edilmesi halinde Ankara&#8217;daki yetkililere verilecek. Yetkililer, yasad\u0131\u015f\u0131 oldu\u011fu ya da gizlili\u011fi ihlal etti\u011fi kan\u0131s\u0131na varmalar\u0131 durumunda herhangi bir mahkeme karar\u0131 olmaks\u0131z\u0131n saatler i\u00e7inde online i\u00e7eri\u011fin kald\u0131r\u0131lmas\u0131n\u0131 isteyebilecek.<\/p>\n<p>Tart\u0131\u015fmalara neden olan s\u00f6z konusu d\u00fczenlemeler, \u00e7e\u015fitli konularda yakla\u015f\u0131k 130 madde i\u00e7eren bir kanun paketinin i\u00e7ine sakland\u0131. T\u00fcrkiye, \u00e7o\u011funlu\u011fu reddedilse de ge\u00e7ti\u011fimiz y\u0131l\u0131n ilk alt\u0131 ay\u0131nda Google&#8217;dan mateyallerin internetten kald\u0131r\u0131lmas\u0131 i\u00e7in yakla\u015f\u0131k 1700 talepte bulundu \u2013 di\u011fer \u00fclkelerin talep say\u0131s\u0131n\u0131n \u00fc\u00e7 kat\u0131ndan fazla ve bir y\u0131lda yakla\u015f\u0131k y\u00fczde 1000 art\u0131\u015f anlam\u0131na geliyor-<\/p>\n<p>Parlamento b\u00fct\u00e7e komitesinden bir temsilci, tasar\u0131n\u0131n ay sonunda ge\u00e7irilmesini bekledi\u011fini belirtti. Muhalif siyasiler ile T\u00dcS\u0130AD, ifade \u00f6zg\u00fcrl\u00fc\u011f\u00fcn\u00fc k\u0131s\u0131tlad\u0131\u011f\u0131 ve \u00fclkenin imaj\u0131na zarar verdi\u011fi gerek\u00e7esi ile teklifi ele\u015ftirdi.<\/p>\n<p>Avukatlara g\u00f6re kanun, h\u00fck\u00fcmeti ciddi \u015fekilde g\u00fc\u00e7lendirerek mevcut yarg\u0131 s\u00fcrecinden kurtulmas\u0131n\u0131 sa\u011flayabilir.<\/p>\n<p>Bili\u015fim avukat\u0131 Bur\u00e7ak \u00dcnsal konu hakk\u0131nda, &#8220;Taslak, mevcut sans\u00fcr\u00fcn geni\u015fletilmesi anlam\u0131na geliyor. \u0130\u00e7eri\u011fin, gizlili\u011fi ihlal edip etmedi\u011fi hakk\u0131nda karar vermek tamamen yetkililere ba\u011fl\u0131 olacak. Normalde b\u00f6yle bir karar\u0131 mahkeme al\u0131r,&#8221; diye konu\u015ftu.<\/p>\n<p>Analistler, yolsuzluk soru\u015fturmas\u0131 ile ba\u015flayan g\u00fc\u00e7 m\u00fccadelesinin ortas\u0131nda kanunun h\u00fck\u00fcmete zarar verebilecek bilgilerin s\u0131zd\u0131r\u0131lmas\u0131n\u0131 \u00f6nleyerek sans\u00fcr\u00fc geni\u015fletebilece\u011fini belirtti. Soru\u015fturma kapsam\u0131nda ger\u00e7ekle\u015ftirilen tutuklamalar\u0131n ilk dalgas\u0131 s\u0131ras\u0131nda soru\u015fturma konusu r\u00fc\u015fveti ve yetkililer aras\u0131ndaki \u00e7arp\u0131k ili\u015fkileri kan\u0131tlad\u0131\u011f\u0131 iddia edilen foto\u011fraflar ve videolar internete s\u0131zm\u0131\u015ft\u0131.<\/p>\n<p>T\u00fcrkiye&#8217;deki internet k\u0131s\u0131tlamalar\u0131n\u0131n aktif ele\u015ftirmenlerinden biri olan \u0130stanbul Bilgi \u00dcniversitesi hukuk profes\u00f6rlerinden Yaman Akdeniz, &#8220;H\u00fck\u00fcmet, internet \u00fczerinde siyasi bir kontrol mekanizmas\u0131 kurmaya \u00e7al\u0131\u015f\u0131yor. \u0130nsanlar bu maddelerin h\u00fck\u00fcmet kar\u015f\u0131t\u0131 Gezi protestolar\u0131na ve s\u00fcregelen yolsuzluk soru\u015fturmas\u0131na kar\u015f\u0131 bir cevap oldu\u011funu g\u00f6rebilir,&#8221; diye konu\u015ftu.<\/p>\n<p>Ankara s\u0131kl\u0131kla &#8220;aileyi ve \u00e7ocuklar\u0131 zararl\u0131 i\u00e7erikten koruma&#8221; ve online su\u00e7lar\u0131 \u00f6nleme ihtiyac\u0131n\u0131 dile getirmi\u015fti. Ula\u015ft\u0131rma Haberle\u015fme ve Denizcilik Bakanl\u0131\u011f\u0131, yeni d\u00fczenleme tasla\u011f\u0131n\u0131n olu\u015fturulmas\u0131n\u0131n mant\u0131\u011f\u0131 hakk\u0131nda yorumda bulunmay\u0131 reddetti.<\/p>\n<p>T\u00fcrk mahkemeleri son be\u015f y\u0131lda \u00e7e\u015fitli mahkeme kararlar\u0131 ile YouTube&#8217;un (2008-2010 y\u0131llar\u0131 aras\u0131nda kapal\u0131 kalm\u0131\u015ft\u0131) da dahil oldu\u011fu baz\u0131 pop\u00fcler vide payla\u015f\u0131m sitelerine eri\u015fimi yasaklam\u0131\u015ft\u0131.<\/p>\n<p>Avrupa \u0130nsan Haklar\u0131 Mahkemesi bir y\u0131l \u00f6nce T\u00fcrkiye&#8217;deki mevcut internet kanununun insan haklar\u0131 ve ifade \u00f6zg\u00fcrl\u00fc\u011f\u00fc konvansiyonuna kar\u015f\u0131 oldu\u011fu karar\u0131na varm\u0131\u015ft\u0131.<\/p>\n<p>Haziran ay\u0131nda h\u00fck\u00fcmet kar\u015f\u0131t\u0131 protestolara kat\u0131lan milyonlarca insan Twitter ve Facebook gibi medya ara\u00e7lar\u0131n\u0131 kullanarak h\u00fck\u00fcmetin mainstream medya sans\u00fcr\u00fcn\u00fcn \u00fcst\u00fcnden gelmi\u015fti.<\/p>\n<p>H\u00fck\u00fcmet 2011 y\u0131l\u0131nda kullan\u0131c\u0131lar\u0131n internete eri\u015fimlerinden \u00f6nce filtre se\u00e7imi yapmaya zorlayan zorunlu internet filtreleri uygulamaya \u00e7al\u0131\u015fm\u0131\u015ft\u0131 ancak geni\u015f \u00e7apl\u0131 ele\u015ftiriler ve T\u00fcrkiye&#8217;nin d\u00f6rt bir yan\u0131ndaki sokak protestolar\u0131 nedeniyle bu fikirden vazge\u00e7mi\u015fti.<\/p>\n","protected":false},"excerpt":{"rendered":"<p>The Wall Street Journal: \u00a0T\u00fcrkiye, internet yasas\u0131n\u0131 tart\u0131\u015f\u0131yor\u00a0 14 Ocak, 2014 Ba\u015fbakan Recep Tayyip Erdo\u011fan&#8217;\u0131n, \u00e7ok say\u0131da destek\u00e7isine uzanan ve y\u00f6netimi sarsan yolsuzluk skandal\u0131 ile bo\u011fu\u015furken \u00f6nemli se\u00e7im d\u00f6ng\u00fcs\u00fc \u00f6ncesinde h\u00fck\u00fcmetin internet \u00fczerindeki kontrol\u00fcn\u00fc art\u0131rman\u0131n yollar\u0131n\u0131 aramas\u0131 muhalif siyaset\u00e7ilerden ve i\u015f d\u00fcnyas\u0131ndan tepki al\u0131yor. Parlamentoda bu hafta g\u00f6r\u00fc\u015f\u00fclecek taslak kanuna g\u00f6re Ula\u015ft\u0131rma Haberle\u015fme ve Denizcilik Bakanl\u0131\u011f\u0131 ile Telekom\u00fcnikasyon \u0130leti\u015fim Bakanl\u0131\u011f\u0131&#8230;<\/p>\n","protected":false},"author":1,"featured_media":0,"comment_status":"open","ping_status":"closed","sticky":false,"template":"","format":"standard","meta":{"jetpack_post_was_ever_published":false,"_jetpack_newsletter_access":"","_jetpack_dont_email_post_to_subs":false,"_jetpack_newsletter_tier_id":0,"_jetpack_memberships_contains_paywalled_content":false,"_jetpack_memberships_contains_paid_content":false,"footnotes":"","jetpack_publicize_message":"","jetpack_publicize_feature_enabled":true,"jetpack_social_post_already_shared":false,"jetpack_social_options":{"image_generator_settings":{"template":"highway","default_image_id":0,"font":"","enabled":false},"version":2}},"categories":[22,17,67,78],"tags":[],"class_list":["post-1517","post","type-post","status-publish","format-standard","hentry","category-5651-nolu-kanun","category-tib","category-turkiye","category-yaman-akdeniz"],"jetpack_publicize_connections":[],"jetpack_featured_media_url":"","jetpack_sharing_enabled":true,"jetpack_shortlink":"https:\/\/wp.me\/p7wjA8-ot","jetpack-related-posts":[],"_links":{"self":[{"href":"https:\/\/privacy.cyber-rights.org.tr\/index.php?rest_route=\/wp\/v2\/posts\/1517","targetHints":{"allow":["GET"]}}],"collection":[{"href":"https:\/\/privacy.cyber-rights.org.tr\/index.php?rest_route=\/wp\/v2\/posts"}],"about":[{"href":"https:\/\/privacy.cyber-rights.org.tr\/index.php?rest_route=\/wp\/v2\/types\/post"}],"author":[{"embeddable":true,"href":"https:\/\/privacy.cyber-rights.org.tr\/index.php?rest_route=\/wp\/v2\/users\/1"}],"replies":[{"embeddable":true,"href":"https:\/\/privacy.cyber-rights.org.tr\/index.php?rest_route=%2Fwp%2Fv2%2Fcomments&post=1517"}],"version-history":[{"count":0,"href":"https:\/\/privacy.cyber-rights.org.tr\/index.php?rest_route=\/wp\/v2\/posts\/1517\/revisions"}],"wp:attachment":[{"href":"https:\/\/privacy.cyber-rights.org.tr\/index.php?rest_route=%2Fwp%2Fv2%2Fmedia&parent=1517"}],"wp:term":[{"taxonomy":"category","embeddable":true,"href":"https:\/\/privacy.cyber-rights.org.tr\/index.php?rest_route=%2Fwp%2Fv2%2Fcategories&post=1517"},{"taxonomy":"post_tag","embeddable":true,"href":"https:\/\/privacy.cyber-rights.org.tr\/index.php?rest_route=%2Fwp%2Fv2%2Ftags&post=1517"}],"curies":[{"name":"wp","href":"https:\/\/api.w.org\/{rel}","templated":true}]}}