{"id":154,"date":"2008-10-10T22:34:49","date_gmt":"2008-10-10T19:34:49","guid":{"rendered":"http:\/\/privacy.cyber-rights.org.tr\/?p=154"},"modified":"2008-10-10T22:34:54","modified_gmt":"2008-10-10T19:34:54","slug":"telekulak-olayi-boyle-gerceklesiyor","status":"publish","type":"post","link":"https:\/\/privacy.cyber-rights.org.tr\/?p=154","title":{"rendered":"Telekulak olay\u0131 b\u00f6yle ger\u00e7ekle\u015fiyor!"},"content":{"rendered":"<p><a href=\"http:\/\/www.hurhaber.com\/news_detail.php?id=149975\">Telekulak olay\u0131 b\u00f6yle ger\u00e7ekle\u015fiyor! &#8211; H\u00dcRHABER &#8211; Haber , Spor Haber, Yerel Haber, Siyaset Haberleri<\/a>: &#8220;Telekulak olay\u0131 b\u00f6yle ger\u00e7ekle\u015fiyor!<br \/>\n10 Ekim 2008 Cuma 17:05<\/p>\n<p>Telekom\u00fcnikasyon \u0130leti\u015fim Ba\u015fkan\u0131 Fethi \u015eim\u015fek, s\u00fcrekli tart\u0131\u015fma konusu olan &#8216;dinlemeyi&#8217; anlatt\u0131<br \/>\nTelekom\u00fcnikasyon \u0130leti\u015fim Ba\u015fkan\u0131 (T\u0130B) Fethi \u015eim\u015fek, &#8216;\u00dclkede C-4 ta\u015f\u0131yan, her an herkesi \u00f6ld\u00fcrebilecek ara\u00e7lar\u0131n gezdi\u011fi anlat\u0131l\u0131rken, istihbarat kurumlar\u0131na bu bilgiler gitmi\u015fken dinleme izni isteyen jandarma m\u0131, emniyet mi, Milli \u0130stihbarat Te\u015fkilat\u0131 m\u0131 (M\u0130T) diye bir ayr\u0131m yapmak haddimiz de\u011fil&#8217; dedi.<\/p>\n<p>\u015eim\u015fek, Yarg\u0131tay Toplant\u0131 Salonu&#8217;nda d\u00fczenlenen &#8216;Bili\u015fim Hukuku&#8217; konferans\u0131nda, &#8216;\u0130leti\u015fimin denetlenmesi&#8217; konulu sunum yapt\u0131.<\/p>\n<p>Teknolojiden ter\u00f6r ve su\u00e7 \u00f6rg\u00fctlerinin de yararland\u0131\u011f\u0131n\u0131, bu \u00f6rg\u00fctlerin televizyon, radyo, bilgisayar, internet, uydu telefonu ve cep telefonu gibi teknolojik aletleri yo\u011fun bir \u015fekilde kullanmaya ba\u015flad\u0131klar\u0131n\u0131 anlatan \u015eim\u015fek, &#8216;Ne yaz\u0131k ki her zaman, her an bir ad\u0131m \u00f6ndeler. Bunu takip etmek amac\u0131yla da teknolojiyi, yarg\u0131 camias\u0131n\u0131n, emniyet camias\u0131n\u0131n bilmesi gerekiyor&#8217; dedi.<\/p>\n<p>T\u00fcm d\u00fcnyada oldu\u011fu gibi T\u00fcrkiye&#8217;de de &#8216;dinleme&#8217; konusunun halk\u0131n ilgisini \u00e7ekti\u011fini, siyasi ve sosyal tart\u0131\u015fmalar ya\u015fand\u0131\u011f\u0131n\u0131 ifade eden \u015eim\u015fek, dinleme kavram\u0131n\u0131n ve \u00e7e\u015fitlerinin do\u011fru bir \u015fekilde anlat\u0131lmamas\u0131 halinde toplumda &#8216; dinlenme fobisi&#8217; olu\u015fturulaca\u011f\u0131na i\u015faret etti. \u015eim\u015fek, bu fobinin olu\u015fmas\u0131n\u0131 \u00f6nlemenin ise adli ve g\u00fcvenlik g\u00fc\u00e7lerinin g\u00f6revi oldu\u011funu kaydetti.<\/p>\n<p>&#8216;\u0130leti\u015fimin tespiti karar\u0131 \u00e7ok \u00f6nemli bir karar. Adli ve istihbari bilgiler elde edilebilece\u011fi gibi bu yolla ki\u015finin \u00f6zel ya\u015fant\u0131s\u0131 ve siyasi g\u00f6r\u00fc\u015f\u00fc hakk\u0131nda da bile bilgi edinilebilir&#8217; diyen \u015eim\u015fek, ileti\u015fimin tespiti karar\u0131n\u0131n kolay al\u0131nmamas\u0131 gerekti\u011fini, her al\u0131nan mahkeme karar\u0131n\u0131n da hemen uygulanmaya konulmad\u0131\u011f\u0131n\u0131 s\u00f6yledi.<\/p>\n<p>Al\u0131nan mahkeme kararlar\u0131na itiraz edebildiklerini, bo\u015fanma davalar\u0131yla ilgili olarak 20 bine yak\u0131n ileti\u015fimin tespiti hakk\u0131ndaki asliye hukuk mahkemesi karar\u0131n\u0131 geri \u00e7evirdiklerini ifade eden \u015eim\u015fek, baz\u0131 ileti\u015fimin tespiti kararlar\u0131na izin vermedikleri i\u00e7in haklar\u0131nda su\u00e7 duyurusunda bulunuldu\u011funu, soru\u015fturmalara muhatap olduklar\u0131n\u0131 kaydetti.<\/p>\n<p>\u015eim\u015fek, T\u0130B&#8217;e yasa \u00e7er\u00e7evesinde gelen ileti\u015fimin tespitine ili\u015fkin ba\u015fvurular\u0131n ayn\u0131 g\u00fcn i\u00e7inde de\u011ferlendirildi\u011fini ve ba\u015fvuruyu yapan kuruma cevap verdiklerini bildirdi.<\/p>\n<p>\u015eim\u015fek, &#8216;Teknik ara\u00e7larla izleme konusu toplumda iyi bilinmiyor. Teknik ara\u00e7larla dinleme, izleme ayr\u0131 bir yasa maddesiyle d\u00fczenlenmi\u015ftir. Cep telefonu, kay\u0131t arac\u0131 ve her t\u00fcrl\u00fc teknik ara\u00e7la \u015f\u00fcpheli veya san\u0131k hakk\u0131nda delil toplama, ortam dinlemesi CMK&#8217;n\u0131n 140. maddesi kapsam\u0131nda yap\u0131lmaktad\u0131r. Bu maddeye g\u00f6re yap\u0131lan dinlemelerle T\u0130B&#8217;in hi\u00e7bir ili\u015fkisi yoktur&#8217; dedi.<\/p>\n<p>Fethi \u015eim\u015fek, bir soru \u00fczerine &#8216;T\u00fcrkiye&#8217;de dinlenen ki\u015fi say\u0131s\u0131 Avrupa \u00fclkeleriyle k\u0131yasland\u0131\u011f\u0131nda makul bir seviyede kal\u0131yor. Dinlenen say\u0131s\u0131 bir \u00e7ok \u00fclkeden de a\u015fa\u011f\u0131dad\u0131r&#8217; diye konu\u015ftu.<\/p>\n<p>Yasa d\u0131\u015f\u0131 dinlemelerin ancak GSM operat\u00f6rleri taraf\u0131ndan yap\u0131labilece\u011fini ve bunun da yapt\u0131r\u0131mlar\u0131n\u0131n \u00e7ok a\u011f\u0131r oldu\u011funa i\u015faret eden \u015eim\u015fek, &#8216;Buna te\u015febb\u00fcste bulunacak GSM operat\u00f6r\u00fc d\u00fc\u015f\u00fcnemiyorum. B\u00f6yle bir \u015fey tespit edildi\u011finde operat\u00f6r\u00fcn yetki belgesinin, lisans\u0131n\u0131n iptal edilece\u011fi kanun maddesinde belirtiliyor. Ayr\u0131ca ki\u015filer hakk\u0131nda da a\u011f\u0131r m\u00fceyyideler var&#8217; dedi.<\/p>\n<p>\u015eim\u015fek, T\u00fcrkiye&#8217;de herkesin dinlenmesinin de m\u00fcmk\u00fcn olmad\u0131\u011f\u0131n\u0131 belirterek, dinlemelerde elde edilen \u00f6zel hayata ili\u015fkin konu\u015fmalar\u0131n Cumhuriyet savc\u0131s\u0131 nezaretinde silindi\u011fini, bu kay\u0131tlar\u0131 silme yetkisinin Cumhuriyet savc\u0131lar\u0131na ait oldu\u011funu s\u00f6yledi. &#8220;<\/p>\n<p>(Via <a href=\"\"><\/a>.)<\/p>\n","protected":false},"excerpt":{"rendered":"<p>Telekulak olay\u0131 b\u00f6yle ger\u00e7ekle\u015fiyor! &#8211; H\u00dcRHABER &#8211; Haber , Spor Haber, Yerel Haber, Siyaset Haberleri: &#8220;Telekulak olay\u0131 b\u00f6yle ger\u00e7ekle\u015fiyor! 10 Ekim 2008 Cuma 17:05 Telekom\u00fcnikasyon \u0130leti\u015fim Ba\u015fkan\u0131 Fethi \u015eim\u015fek, s\u00fcrekli tart\u0131\u015fma konusu olan &#8216;dinlemeyi&#8217; anlatt\u0131 Telekom\u00fcnikasyon \u0130leti\u015fim Ba\u015fkan\u0131 (T\u0130B) Fethi \u015eim\u015fek, &#8216;\u00dclkede C-4 ta\u015f\u0131yan, her an herkesi \u00f6ld\u00fcrebilecek ara\u00e7lar\u0131n gezdi\u011fi anlat\u0131l\u0131rken, istihbarat kurumlar\u0131na bu bilgiler gitmi\u015fken dinleme izni isteyen jandarma&#8230;<\/p>\n","protected":false},"author":1,"featured_media":0,"comment_status":"open","ping_status":"closed","sticky":false,"template":"","format":"standard","meta":{"jetpack_post_was_ever_published":false,"_jetpack_newsletter_access":"","_jetpack_dont_email_post_to_subs":false,"_jetpack_newsletter_tier_id":0,"_jetpack_memberships_contains_paywalled_content":false,"_jetpack_memberships_contains_paid_content":false,"footnotes":"","jetpack_publicize_message":"","jetpack_publicize_feature_enabled":true,"jetpack_social_post_already_shared":false,"jetpack_social_options":{"image_generator_settings":{"template":"highway","default_image_id":0,"font":"","enabled":false},"version":2}},"categories":[10,14,7,17],"tags":[],"class_list":["post-154","post","type-post","status-publish","format-standard","hentry","category-mahremiyet","category-telekulak","category-teror","category-tib"],"jetpack_publicize_connections":[],"jetpack_featured_media_url":"","jetpack_sharing_enabled":true,"jetpack_shortlink":"https:\/\/wp.me\/p7wjA8-2u","jetpack-related-posts":[],"_links":{"self":[{"href":"https:\/\/privacy.cyber-rights.org.tr\/index.php?rest_route=\/wp\/v2\/posts\/154","targetHints":{"allow":["GET"]}}],"collection":[{"href":"https:\/\/privacy.cyber-rights.org.tr\/index.php?rest_route=\/wp\/v2\/posts"}],"about":[{"href":"https:\/\/privacy.cyber-rights.org.tr\/index.php?rest_route=\/wp\/v2\/types\/post"}],"author":[{"embeddable":true,"href":"https:\/\/privacy.cyber-rights.org.tr\/index.php?rest_route=\/wp\/v2\/users\/1"}],"replies":[{"embeddable":true,"href":"https:\/\/privacy.cyber-rights.org.tr\/index.php?rest_route=%2Fwp%2Fv2%2Fcomments&post=154"}],"version-history":[{"count":0,"href":"https:\/\/privacy.cyber-rights.org.tr\/index.php?rest_route=\/wp\/v2\/posts\/154\/revisions"}],"wp:attachment":[{"href":"https:\/\/privacy.cyber-rights.org.tr\/index.php?rest_route=%2Fwp%2Fv2%2Fmedia&parent=154"}],"wp:term":[{"taxonomy":"category","embeddable":true,"href":"https:\/\/privacy.cyber-rights.org.tr\/index.php?rest_route=%2Fwp%2Fv2%2Fcategories&post=154"},{"taxonomy":"post_tag","embeddable":true,"href":"https:\/\/privacy.cyber-rights.org.tr\/index.php?rest_route=%2Fwp%2Fv2%2Ftags&post=154"}],"curies":[{"name":"wp","href":"https:\/\/api.w.org\/{rel}","templated":true}]}}