{"id":1544,"date":"2015-04-15T18:43:30","date_gmt":"2015-04-15T15:43:30","guid":{"rendered":"http:\/\/privacy.cyber-rights.org.tr\/?p=1544"},"modified":"2016-05-10T20:08:20","modified_gmt":"2016-05-10T17:08:20","slug":"charlie-hebdo-ile-ilgili-erisim-engelleme-kararlarina-itiraz","status":"publish","type":"post","link":"https:\/\/privacy.cyber-rights.org.tr\/?p=1544","title":{"rendered":"Charlie Hebdo ile ilgili eri\u015fim engelleme kararlar\u0131na itiraz"},"content":{"rendered":"<p><span style=\"font-family: 'Lucida Grande';\">\u0130stanbul Bilgi \u00dcniversitesi Hukuk Fak\u00fcltesi \u00d6\u011fretim \u00dcyesi Prof. Dr. Yaman Akdeniz ve\u00a0<span style=\"font-family: 'Lucida Grande';\">Ankara \u00dcniversitesi Siyasal Bilgiler Fak\u00fcltesi \u00d6\u011fretim \u00dcyesi Yrd. Do\u00e7. Dr. Kerem Alt\u0131parmak 15 Nisan 2015 tarihinde Charlie Hebdo websitesi (<a href=\"http:\/\/charliehebdo.fr\">http:\/\/charliehebdo.fr<\/a>) ve\u00a0Wikipedia\u2019n\u0131n Charlie Hebdo\u2019nun tarih\u00e7esi ile ilgili geni\u015f kapsaml\u0131 bilgi veren sayfas\u0131 (<a href=\"https:\/\/en.wikipedia.org\/wiki\/Charlie_Hebdo\">https:\/\/en.wikipedia.org\/wiki\/Charlie_Hebdo<\/a>) hakk\u0131ndaki\u00a0<span style=\"font-family: 'Lucida Grande';\">G\u00f6lba\u015f\u0131 (Ankara) Sulh Ceza Hakimli\u011fi\u2019nin 27.02.2015 tarih ve 2015\/191 D.\u0130\u015f say\u0131l\u0131 eri\u015fim engelleme karar\u0131na itiraz ettiler.<\/span><\/span><\/span><\/p>\n<p><span style=\"font-family: 'Lucida Grande';\"><span style=\"font-family: 'Lucida Grande';\"><span style=\"font-family: 'Lucida Grande';\"><a href=\"http:\/\/cyber-rights.org.tr\/docs\/Charlie_Hebdo_itiraz.pdf\">\u0130tiraz dilek\u00e7esini PDF olarak burada bulabilirsiniz<\/a>.<\/span><\/span><\/span><\/p>\n","protected":false},"excerpt":{"rendered":"<p>\u0130stanbul Bilgi \u00dcniversitesi Hukuk Fak\u00fcltesi \u00d6\u011fretim \u00dcyesi Prof. Dr. Yaman Akdeniz ve\u00a0Ankara \u00dcniversitesi Siyasal Bilgiler Fak\u00fcltesi \u00d6\u011fretim \u00dcyesi Yrd. Do\u00e7. Dr. Kerem Alt\u0131parmak 15 Nisan 2015 tarihinde Charlie Hebdo websitesi (http:\/\/charliehebdo.fr) ve\u00a0Wikipedia\u2019n\u0131n Charlie Hebdo\u2019nun tarih\u00e7esi ile ilgili geni\u015f kapsaml\u0131 bilgi veren sayfas\u0131 (https:\/\/en.wikipedia.org\/wiki\/Charlie_Hebdo) hakk\u0131ndaki\u00a0G\u00f6lba\u015f\u0131 (Ankara) Sulh Ceza Hakimli\u011fi\u2019nin 27.02.2015 tarih ve 2015\/191 D.\u0130\u015f say\u0131l\u0131 eri\u015fim engelleme karar\u0131na itiraz ettiler. \u0130tiraz&#8230;<\/p>\n","protected":false},"author":1,"featured_media":0,"comment_status":"open","ping_status":"closed","sticky":false,"template":"","format":"standard","meta":{"jetpack_post_was_ever_published":false,"_jetpack_newsletter_access":"","_jetpack_dont_email_post_to_subs":false,"_jetpack_newsletter_tier_id":0,"_jetpack_memberships_contains_paywalled_content":false,"_jetpack_memberships_contains_paid_content":false,"footnotes":"","jetpack_publicize_message":"","jetpack_publicize_feature_enabled":true,"jetpack_social_post_already_shared":false,"jetpack_social_options":{"image_generator_settings":{"template":"highway","default_image_id":0,"font":"","enabled":false},"version":2}},"categories":[22,153,200,5,21,190,142,67,199,78],"tags":[],"class_list":["post-1544","post","type-post","status-publish","format-standard","hentry","category-5651-nolu-kanun","category-9-madde","category-charlie-hebdo","category-dusunce-ozgurlugu","category-erisim-engelleme","category-ifade-ozgurlugu","category-kerem-altiparmak","category-turkiye","category-wikipedia","category-yaman-akdeniz"],"jetpack_publicize_connections":[],"jetpack_featured_media_url":"","jetpack_sharing_enabled":true,"jetpack_shortlink":"https:\/\/wp.me\/p7wjA8-oU","jetpack-related-posts":[],"_links":{"self":[{"href":"https:\/\/privacy.cyber-rights.org.tr\/index.php?rest_route=\/wp\/v2\/posts\/1544","targetHints":{"allow":["GET"]}}],"collection":[{"href":"https:\/\/privacy.cyber-rights.org.tr\/index.php?rest_route=\/wp\/v2\/posts"}],"about":[{"href":"https:\/\/privacy.cyber-rights.org.tr\/index.php?rest_route=\/wp\/v2\/types\/post"}],"author":[{"embeddable":true,"href":"https:\/\/privacy.cyber-rights.org.tr\/index.php?rest_route=\/wp\/v2\/users\/1"}],"replies":[{"embeddable":true,"href":"https:\/\/privacy.cyber-rights.org.tr\/index.php?rest_route=%2Fwp%2Fv2%2Fcomments&post=1544"}],"version-history":[{"count":3,"href":"https:\/\/privacy.cyber-rights.org.tr\/index.php?rest_route=\/wp\/v2\/posts\/1544\/revisions"}],"predecessor-version":[{"id":1566,"href":"https:\/\/privacy.cyber-rights.org.tr\/index.php?rest_route=\/wp\/v2\/posts\/1544\/revisions\/1566"}],"wp:attachment":[{"href":"https:\/\/privacy.cyber-rights.org.tr\/index.php?rest_route=%2Fwp%2Fv2%2Fmedia&parent=1544"}],"wp:term":[{"taxonomy":"category","embeddable":true,"href":"https:\/\/privacy.cyber-rights.org.tr\/index.php?rest_route=%2Fwp%2Fv2%2Fcategories&post=1544"},{"taxonomy":"post_tag","embeddable":true,"href":"https:\/\/privacy.cyber-rights.org.tr\/index.php?rest_route=%2Fwp%2Fv2%2Ftags&post=1544"}],"curies":[{"name":"wp","href":"https:\/\/api.w.org\/{rel}","templated":true}]}}