{"id":1570,"date":"2015-10-09T00:38:14","date_gmt":"2015-10-08T21:38:14","guid":{"rendered":"http:\/\/privacy.cyber-rights.org.tr\/?p=1570"},"modified":"2016-05-11T00:38:41","modified_gmt":"2016-05-10T21:38:41","slug":"diken-prof-yaman-akdeniz-internet-yasasi-bilal-erdogan-gibi-buyuk-cocuklar-icin-degisti","status":"publish","type":"post","link":"https:\/\/privacy.cyber-rights.org.tr\/?p=1570","title":{"rendered":"Diken: Prof. Yaman Akdeniz: \u0130nternet yasas\u0131 Bilal Erdo\u011fan gibi b\u00fcy\u00fck \u00e7ocuklar i\u00e7in de\u011fi\u015fti"},"content":{"rendered":"<p><a href=\"http:\/\/www.diken.com.tr\/prof-yaman-akdeniz-internet-yasasi-bilal-erdogan-gibi-buyuk-cocuklar-icin-degistirildi\/\">http:\/\/www.diken.com.tr\/prof-yaman-akdeniz-internet-yasasi-bilal-erdogan-gibi-buyuk-cocuklar-icin-degistirildi\/<\/a><\/p>\n<header class=\"entry-header\">\n<p class=\"entry-meta\"><time class=\"entry-time\" datetime=\"2015-10-09T15:26:51+00:00\">09\/10\/2015<\/time> <time class=\"entry-time\" datetime=\"2015-10-09T15:26:51+00:00\">15:26<\/time><\/p>\n<\/header>\n<div class=\"entry-content\">\n<p><strong>BURCU KARAKA\u015e<\/strong><\/p>\n<p>Bilgi \u00dcniversitesi Hukuk Fak\u00fcltesi \u00f6\u011fretim \u00fcyesi Yaman Akdeniz, internet yasaklar\u0131yla m\u00fccadele denilince akla gelen iki akademisyenden biri. Prof. Dr. Akdeniz\u2019le her ge\u00e7en g\u00fcn art\u0131\u015f g\u00f6steren sans\u00fcr vakalar\u0131 ve <strong>\u2018Cumhurba\u015fkan\u0131\u2019na hakaret\u2019<\/strong> davalar\u0131n\u0131 konu\u015ftuk\u2026<\/p>\n<p><strong>Ard\u0131 ard\u0131nda gelen eri\u015fim yasaklar\u0131n\u0131n ana kayna\u011f\u0131 nedir?<\/strong><\/p>\n<p>Eri\u015fim engellemelerin ba\u015flang\u0131\u00e7 noktas\u0131\u00a0<a href=\"http:\/\/www.mevzuat.gov.tr\/MevzuatMetin\/1.5.5651.pdf\" target=\"_blank\">5651 Say\u0131l\u0131 \u0130nternet Ortam\u0131nda Yap\u0131lan Yay\u0131nlar\u0131n D\u00fczenlenmesi ve Bu Yay\u0131nlar Yoluyla \u0130\u015flenen Su\u00e7larla M\u00fccadele Edilmesi Hakk\u0131nda Kanun<\/a>.\u00a02007\u2019de y\u00fcr\u00fcrl\u00fc\u011fe girdi. 17-25 Aral\u0131k soru\u015fturmalar\u0131ndan sonra de\u011fi\u015fikli\u011fe gidildi ve eri\u015fim engellemeyle ilgili h\u00fck\u00fcmlerin say\u0131s\u0131 art\u0131r\u0131ld\u0131, kapsam\u0131 geni\u015fletildi.<\/p>\n<p>2014 yerel se\u00e7imlerinden \u00f6nce Twitter ve Youtube\u2019a T\u00fcrkiye\u2019den eri\u015fim engellendi. O zamana kadar bu kanun kapsam\u0131nda eri\u015fime engellemeler a\u011f\u0131rl\u0131kl\u0131 olarak \u00e7ocuklar\u0131 zararl\u0131 i\u00e7erikten korumak i\u00e7in yap\u0131l\u0131yordu. \u015eubat 2014 de\u011fi\u015fikliklerindeki as\u0131l ama\u00e7 siyasilerin <strong>\u2018ki\u015filik haklar\u0131\u2019<\/strong> ve <strong>\u2018\u00f6zel hayat\u0131n gizlili\u011fi\u2019<\/strong> gerek\u00e7eleriyle kendilerini korumas\u0131 i\u00e7in yap\u0131ld\u0131.<\/p>\n<p>Son de\u011fi\u015fiklikte ise Nisan 2015\u2019te 8\/A maddesi eklenerek devletin g\u00fcvenli\u011finin sa\u011flanabilmesi (milli g\u00fcvenlik, kamu d\u00fczeninin korunmas\u0131 vs.) i\u00e7in ba\u015fbakanl\u0131k ba\u015fta olmak \u00fczere y\u00fcr\u00fctme organlar\u0131na eri\u015fim engelleme ve internetten i\u00e7erik \u00e7\u0131kartma talep etme yetkisi verildi.<\/p>\n<p>8\/A\u2019yle\u00a0ilgili kar\u015f\u0131m\u0131za ilk \u00f6rnek Cumhuriyet gazetesinin 29 May\u0131s 2015 tarihli Can D\u00fcndar imzal\u0131 <a href=\"http:\/\/www.diken.com.tr\/goruntu-ortaya-cikti-mit-tirlarinin-ustu-ilac-alti-silah-ve-muhimmatmis\/\" target=\"_blank\">\u2018\u0130\u015fte Erdo\u011fan\u2019\u0131n yok dedi\u011fi silahlar\u2019<\/a> ba\u015fl\u0131kl\u0131 man\u015fet haberinde M\u0130T t\u0131rlar\u0131na ait arama ve bu aramada tespit edilen silahlar\u0131n g\u00f6r\u00fcnt\u00fclerinin yay\u0131mlanmas\u0131yla kar\u015f\u0131m\u0131za \u00e7\u0131kt\u0131. Konuyu Anayasa Mahkemesi\u2019ne ta\u015f\u0131d\u0131k.<\/p>\n<p><strong>Eklenen 8\/A maddesi i\u00e7in \u2018se\u00e7imden \u00f6nce al\u0131nan bir tedbir\u2019\u00a0diyebilir miyiz?<\/strong><\/p>\n<p>Tabii ki. Kanun, 2007\u2019de \u00e7ocuklar\u0131 korumak i\u00e7in ba\u015flad\u0131. \u015eubat 2014 de\u011fi\u015fiklikleri Bilal Erdo\u011fan gibi daha b\u00fcy\u00fck \u00e7ocuklar\u0131 korumak i\u00e7in yap\u0131ld\u0131. 8\/A de\u011fi\u015fikli\u011fi de tamamen siyasi nitelikli bir de\u011fi\u015fiklik olup iktidar\u0131 korumak i\u00e7in yap\u0131lm\u0131\u015ft\u0131r. Ba\u015fka t\u00fcrl\u00fc izah etmek m\u00fcmk\u00fcn de\u011fil zaten. Geldi\u011fimiz nokta itibariyle 5651 say\u0131l\u0131 kanunun art\u0131k pek de \u00e7ocuklarla ilgisi kalmad\u0131. Farkl\u0131 kollar\u0131 olan siyasi ama\u00e7l\u0131 bir internet kontrol mekanizmas\u0131na d\u00f6n\u00fc\u015ft\u00fc.<\/p>\n<p><strong>Bilal Erdo\u011fan ve Recep Tayyip Erdo\u011fan\u2019\u0131n, Fuat Avni hesab\u0131 hakk\u0131nda yapm\u0131\u015f oldu\u011fu ba\u015fvuru neticesinde verilen mahkeme karar\u0131n\u0131n <a href=\"http:\/\/www.diken.com.tr\/fuat-avninin-bilal-erdogan-italyaya-kacti-iddiasi-twitteri-yine-kapattirabilir\/\" target=\"_blank\">Twitter\u2019\u0131 kapatabilece\u011fi konu\u015fuluyor<\/a>. Bu ba\u015fvuru, Twitter\u2019a bug\u00fcne kadar getirilen eri\u015fim yasaklar\u0131 i\u00e7in yap\u0131lm\u0131\u015f ba\u015fvurularla benzer mi?<\/strong><\/p>\n<p>2014 yerel se\u00e7imleri \u00f6ncesinde, T\u0130B \u2018<strong>Vatanda\u015flar\u0131m\u0131z ma\u011fdur oluyor\u2019 <\/strong>ya da<strong> \u2018Twitter T\u00fcrk mahkemelerinin kararlar\u0131n\u0131 uygulam\u0131yor\u2019<\/strong>\u00a0gibi sebeplerden re\u2019sen kendisi idari bir tedbir karar\u0131yla Twitter\u2019a eri\u015fim engelleme karar\u0131 alm\u0131\u015ft\u0131. Asl\u0131nda b\u00f6yle bir yetkisi yoktu, olmayan bir yetkiyi kulland\u0131\u011f\u0131 i\u00e7in <strong>\u2018fonksiyon gasp\u0131\u2019<\/strong> yapm\u0131\u015ft\u0131. Bu engellemenin de siyasi bir niteli\u011fi vard\u0131. Twitter\u2019\u0131n yerel se\u00e7imlerden \u00f6nce kapat\u0131lmas\u0131 istenmi\u015fti. <a href=\"http:\/\/www.diken.com.tr\/twitter-yasagina-anayasa-mahkemesi-de-hayir-dedi\/\" target=\"_blank\">Anayasa Mahkemesi tarihi bir kararla<\/a> bizimle ayn\u0131 fikirde oldu\u011funu beyan etti ve T\u0130B\u2019in eri\u015fim engelleme karar\u0131n\u0131n ifade \u00f6zg\u00fcrl\u00fc\u011f\u00fcne a\u011f\u0131r bir m\u00fcdahale niteli\u011finde oldu\u011funa karar verdi.<\/p>\n<p>Sonraki s\u00fcre\u00e7te bir daha Twitter ve Youtube gibi sosyal medya platformlar\u0131n\u0131n topyek\u00fbn eri\u015fime engellenmemesi gerekirken Savc\u0131 Mehmet Selim Kiraz\u2019\u0131n \u00f6ld\u00fcr\u00fcld\u00fc\u011f\u00fc g\u00fcn\u00fcn sonras\u0131nda rehin an\u0131 foto\u011fraflar sosyal medya platformlar\u0131ndan yeteri kadar h\u0131zl\u0131 kald\u0131r\u0131lmad\u0131\u011f\u0131 i\u00e7in \u0130stanbul Sulh Ceza hakimliklerinden \u00fc\u00e7 farkl\u0131 eri\u015fim engelleme karar\u0131 al\u0131nd\u0131. Topyek\u00fbn eri\u015fime engellemeyle Suru\u00e7 katliam\u0131ndan sonraki payla\u015f\u0131mlar nedeniyle de kar\u015f\u0131la\u015ft\u0131k.<\/p>\n<p>Son olarak, Bilal Erdo\u011fan ve Recep Tayyip Erdo\u011fan taraf\u0131ndan Fuat Avni\u2019yle ilgili yap\u0131lan ba\u015fvuruda, ba\u015fvurucular birka\u00e7 tweet\u2019ten de\u011fil, <strong>\u2018B\u00fct\u00fcn hesaptan ki\u015filik haklar\u0131m\u0131z ihlal ediliyor\u2019<\/strong> denilerek hesab\u0131n kapat\u0131lmas\u0131n\u0131 talep etmi\u015fler. 6 Ekim 2015 tarihinde de \u0130stanbul 7. Sulh Ceza Hakimli\u011fi, \u00f6ncelikle Fuat Avni hesab\u0131n\u0131n eri\u015fime engellenmesine karar vermi\u015f. Fakat, e\u011fer bu hesaba eri\u015fim Twitter taraf\u0131ndan engellenmez veya teknik olarak bu engelleme T\u00fcrkiye\u2019deki \u0130nternet Servis Sa\u011flay\u0131c\u0131lar\u0131 arac\u0131l\u0131\u011f\u0131yla yap\u0131lamazsa, hakimlik, 5651 say\u0131l\u0131 kanunun madde 9\/4\u2019\u00fcne dayanarak <strong>\u2018http:\/\/www.twitter.com adl\u0131 siteye t\u00fcmden ER\u0130\u015e\u0130M\u0130N ENGELLENMES\u0130NE\u2019<\/strong> karar vermi\u015f. Bu karar\u0131n da d\u00f6rt saat i\u00e7inde uygulanmas\u0131 gerekirken aradan \u00fc\u00e7 g\u00fcn ge\u00e7ti ve karar Twitter taraf\u0131ndan uygulanmad\u0131. Biz de d\u00fcn Twitter\u2019a T\u00fcrkiye\u2019den eri\u015fim engellenmesin diye Kerem Alt\u0131parmak ile beraber karara itiraz ettik. Bu tip itirazlar\u0131 yapmaya \u00e7al\u0131\u015f\u0131rken binbir t\u00fcrl\u00fc g\u00fc\u00e7l\u00fckle kar\u015f\u0131la\u015f\u0131yoruz. Mahkeme kararlar\u0131n\u0131 vermiyorlar. Anayasa Mahkemesi kararlar\u0131na ayk\u0131r\u0131 bir \u015fekilde hala, <strong>\u201cSiz taraf de\u011filsiniz\u201d<\/strong> diyen hakimlikler var.<\/p>\n<p><strong>Eri\u015fim yasaklar\u0131 konusunda a\u00e7\u0131lan davalara vatanda\u015f olarak herkes taraf olabilir, de\u011fil mi?<\/strong><\/p>\n<p>Elbette. \u0130fade \u00f6zg\u00fcrl\u00fc\u011f\u00fc sadece haber vermeyi de\u011fil, haber almay\u0131 da kaps\u0131yor. Anayasa\u2019n\u0131n 22. maddesinde haberle\u015fme \u00f6zg\u00fcrl\u00fc\u011f\u00fc diye bir \u015fey var.<\/p>\n<p><strong>Peki Twitter, mahkeme kararlar\u0131n\u0131 neye g\u00f6re uyguluyor ya da uygulam\u0131yor?<\/strong><\/p>\n<p>Twitter, T\u00fcrkiye\u2019deki s\u00fcre\u00e7ten korktu. D\u00fcnyada en \u00e7ok kullan\u0131c\u0131s\u0131 olan \u00fclkelerden biri. Ge\u00e7en sene k\u0131sa s\u00fcre de olsa engellenince korktular. T\u00fcrkiye\u2019nin ciddi bir pazar oldu\u011funu biliyorlar. Mesela Facebook \u00f6n\u00fcne gelen kararlar\u0131 uyguluyor. \u2018<strong>Facebook kapat\u0131lacak\u2019<\/strong>\u00a0diye haber duymuyorsun \u00e7\u00fcnk\u00fc daha iyi ili\u015fki i\u00e7indeler. Twitter ile Ankara\u2019ya geldiklerinde g\u00f6r\u00fc\u015ft\u00fck bir sefer. Fikrimi sorduklar\u0131nda, <strong>\u201cKararlar\u0131 sizi ba\u011flamaz, uygulamay\u0131n. Kaybeden taraf T\u00fcrkiye olur\u201d<\/strong> dedim.<\/p>\n<p><strong>Spek\u00fclasyon sebebi olan bir durumu sormak istiyorum: Fuat Avni hesab\u0131n\u0131 y\u00f6neten ki\u015fi ya da ki\u015filerin bulunmamas\u0131 genellikle inand\u0131r\u0131c\u0131 gelmiyor. Bu inan\u0131\u015fta ger\u00e7eklik pay\u0131 var m\u0131?<\/strong><\/p>\n<p>Ger\u00e7ekten bulam\u0131yor olabilirler. Sosyal medya \u015firketleri, teknik bilgileri genel olarak payla\u015fm\u0131yor. Hesab\u0131 kullanan ki\u015filerin tespiti i\u00e7in IP numaralar\u0131 gibi baz\u0131 teknik bilgilere ihtiya\u00e7 var. O IP numaralar\u0131 bizimkilerin elinde yok. Olsa dahi bulamayabilirler, o da ayr\u0131 konu. Sen evinde oturup kullan\u0131rsan bulurlar tabii. Ancak tahminim o \u015fekilde kullanm\u0131yorlar. B\u00f6yle anonim bir hesap yapacaksan her t\u00fcrl\u00fc \u00f6nlemi al\u0131yor olman laz\u0131m.<\/p>\n<p><strong>K\u00fcrt haber sitelerine y\u0131llard\u0131r eri\u015fim yasa\u011f\u0131 var. S\u00f6z konusu yasaklar\u0131n yasalara uygunlu\u011fu nedir?<\/strong><\/p>\n<p>Yasaklar\u0131n \u00e7\u0131k\u0131\u015f noktas\u0131, yani 8\/A maddesi Anayasa\u2019ya ayk\u0131r\u0131. 7 Haziran sonras\u0131 bu yasaklar art\u0131k siber sava\u015f seviyesine geldi. D\u0130HA hakk\u0131nda yakla\u015f\u0131k 20 farkl\u0131 eri\u015fim engelleme karar\u0131 verildi. Benim bildi\u011fim yakla\u015f\u0131k 35 farkl\u0131 8\/A karar\u0131 var. BestaNu\u00e7e, Azadiya Welat, J\u0130NHA, ANF engelli. Sendika.org bile engelli. Adreslerini de\u011fi\u015ftirdik\u00e7e tekrar tekrar karar al\u0131yorlar. Gerek\u00e7e olarak, <strong>\u2018ki\u015filerin can ve mal g\u00fcvenli\u011finin korunmas\u0131\u2019<\/strong>, <strong>\u2018milli g\u00fcvenlik\u2019<\/strong> diyorlar. Son d\u00f6nem kararlarda bir de \u2018<strong>ter\u00f6r\u00fc \u00f6ven\u2019<\/strong> ifadesini eklemi\u015fler. Bu ifade kanunda yok, dolay\u0131s\u0131yla hukuka ayk\u0131r\u0131.<\/p>\n<p><strong>G\u00fcncel Hukuk dergisi i\u00e7in Kerem Alt\u0131parmak ile kaleme ald\u0131\u011f\u0131n\u0131z yaz\u0131da, ilgili Avrupa \u0130nsan Haklar\u0131 Mahkemesi (A\u0130HM) kararlar\u0131 incelendi\u011finde cumhurba\u015fkan\u0131na hakaret su\u00e7unu d\u00fczenleyen <a href=\"http:\/\/www.turkhukuksitesi.com\/mevzuat.php?mid=5248\" target=\"_blank\">T\u00fcrk Ceza Kanunu\u2019nun 299. Maddesi<\/a>\u2018nin Avrupa \u0130nsan Haklar\u0131 S\u00f6zle\u015fmesi\u2019ne ayk\u0131r\u0131 oldu\u011funu ifade ediyorsunuz. A\u00e7\u0131lan davalar ileride T\u00fcrkiye\u2019nin ba\u015f\u0131n\u0131 nas\u0131l yakar?<\/strong><\/p>\n<p>T\u00fcrk Ceza Kanunu\u2019nda sadece bir ki\u015fiyle ilgili bu \u00f6zel madde asl\u0131nda \u00e7ok fazla kullan\u0131lan bir madde de\u011fildi. A\u0130HM,<strong> \u2018Hakaret su\u00e7u olabilir ama ki\u015fiye \u00f6zel su\u00e7 olamaz\u2019<\/strong> diyor. <strong>\u2018<a href=\"https:\/\/www.tbmm.gov.tr\/develop\/owa\/anayasa.uc?p1=90\" target=\"_blank\">Anayasa\u2019n\u0131n 90\u2019\u0131nc\u0131 Maddesi <\/a>uyar\u0131nca cumhurba\u015fkan\u0131na hakaret su\u00e7unu d\u00fczenleyen TCK Madde 299 esas al\u0131namaz ve uygulanamaz\u2019<\/strong> tezini d\u00fc\u015f\u00fcnd\u00fck ve \u015fimdi biz<strong> \u2018Buradan cezaland\u0131rma yapamazs\u0131n\u0131z\u2019<\/strong> tezini kabul ettirmeye \u00e7al\u0131\u015f\u0131yoruz. Kolay olmayacak tabii. A\u0130HM\u2019in ifade \u00f6zg\u00fcrl\u00fc\u011f\u00fcyle ilgili ihlal istatistiklerine bakt\u0131\u011f\u0131n\u0131z zaman T\u00fcrkiye lider. En \u00e7ok ihlal karar\u0131 T\u00fcrkiye\u2019yle ilgili verilmi\u015f. Bu, uzun y\u0131llar da devam edecek. S\u00fcre\u00e7 zaten \u00e7ok yava\u015f ilerliyor. 10 sene sonra bu d\u00f6nem oraya yans\u0131m\u0131\u015f olacak.<\/p>\n<p><strong>Tivibu\u2019nun BUG\u00dcN TV, Samanyolu Haber ve Mehtap TV kanallar\u0131n\u0131 platformundan \u00e7\u0131karmas\u0131ndan sonra Digit\u00fcrk de ayn\u0131 ad\u0131m\u0131 att\u0131. Digit\u00fcrk taraf\u0131ndan yap\u0131lan a\u00e7\u0131klamada, \u2018Anayasal D\u00fczene Kar\u015f\u0131 \u0130\u015flenen Su\u00e7lar Soru\u015fturma B\u00fcrosu taraf\u0131ndan yap\u0131lan soru\u015fturmayla ilgili \u015firketimize resmi yaz\u0131 tebli\u011f edilmi\u015ftir\u2019\u00a0denildi. Bu yaz\u0131n\u0131n hukuki kar\u015f\u0131l\u0131\u011f\u0131 var m\u0131?<\/strong><\/p>\n<p>Savc\u0131n\u0131n b\u00f6yle bir karar alma yetkisi yok. Bu kanallarla ilgili bir soru\u015fturma olabilir ama karar ancak bir mahkeme taraf\u0131ndan verilebilir veya RT\u00dcK\u2019\u00fcn yetki alan\u0131na giren bir durum varsa o karar verir. Konu hakk\u0131nda bilgimiz Digit\u00fcrk\u2019\u00fcn a\u00e7\u0131klamas\u0131yla s\u0131n\u0131rl\u0131 oldu\u011fu i\u00e7in yorum yapmak zor, fakat siyasi niteli\u011fi oldu\u011fu kesin Digit\u00fcrk karar\u0131n\u0131n.<\/p>\n<p>Ayr\u0131ca, b\u00f6yle bir talep varsa Digit\u00fcrk platform olarak neden bu karara itiraz etmiyor? Diren\u00e7 nerede? Hak, hukuk aramak nerede? Digit\u00fcrk\u2019\u00fcn de kayb\u0131 var. Bu kanallar Digit\u00fcrk\u2019te yer almak i\u00e7in d\u00fcnyan\u0131n paras\u0131n\u0131 vermiyorlar m\u0131? Digit\u00fcrk\u2019te olmak Twitter\u2019da hesap a\u00e7mak gibi bir \u015fey de\u011fil ki. Telif haklar\u0131 var, s\u00f6zle\u015fmeler var.<\/p>\n<p>RT\u00dcK\u2019\u00fcn elinde olan baz\u0131 yetkileri herhangi bir savc\u0131 re\u2019sen kullanamaz. Yay\u0131n durdurmadan da \u00f6te bir \u015fey, platformdan at\u0131yorlar, att\u0131r\u0131yorlar. T\u00fcrkiye\u2019de bas\u0131n\u0131n ve gazetecilerin daha a\u011f\u0131r bir bask\u0131 ve m\u00fcdahale alt\u0131nda oldu\u011fu bir d\u00f6nem herhalde olmam\u0131\u015ft\u0131r.<\/p>\n<\/div>\n","protected":false},"excerpt":{"rendered":"<p>http:\/\/www.diken.com.tr\/prof-yaman-akdeniz-internet-yasasi-bilal-erdogan-gibi-buyuk-cocuklar-icin-degistirildi\/ 09\/10\/2015 15:26 BURCU KARAKA\u015e Bilgi \u00dcniversitesi Hukuk Fak\u00fcltesi \u00f6\u011fretim \u00fcyesi Yaman Akdeniz, internet yasaklar\u0131yla m\u00fccadele denilince akla gelen iki akademisyenden biri. Prof. Dr. Akdeniz\u2019le her ge\u00e7en g\u00fcn art\u0131\u015f g\u00f6steren sans\u00fcr vakalar\u0131 ve \u2018Cumhurba\u015fkan\u0131\u2019na hakaret\u2019 davalar\u0131n\u0131 konu\u015ftuk\u2026 Ard\u0131 ard\u0131nda gelen eri\u015fim yasaklar\u0131n\u0131n ana kayna\u011f\u0131 nedir? Eri\u015fim engellemelerin ba\u015flang\u0131\u00e7 noktas\u0131\u00a05651 Say\u0131l\u0131 \u0130nternet Ortam\u0131nda Yap\u0131lan Yay\u0131nlar\u0131n D\u00fczenlenmesi ve Bu Yay\u0131nlar Yoluyla \u0130\u015flenen&#8230;<\/p>\n","protected":false},"author":1,"featured_media":1571,"comment_status":"open","ping_status":"open","sticky":false,"template":"","format":"standard","meta":{"jetpack_post_was_ever_published":false,"_jetpack_newsletter_access":"","_jetpack_dont_email_post_to_subs":false,"_jetpack_newsletter_tier_id":0,"_jetpack_memberships_contains_paywalled_content":false,"_jetpack_memberships_contains_paid_content":false,"footnotes":"","jetpack_publicize_message":"","jetpack_publicize_feature_enabled":true,"jetpack_social_post_already_shared":true,"jetpack_social_options":{"image_generator_settings":{"template":"highway","default_image_id":0,"font":"","enabled":false},"version":2}},"categories":[22,3,78],"tags":[],"class_list":["post-1570","post","type-post","status-publish","format-standard","has-post-thumbnail","hentry","category-5651-nolu-kanun","category-sansur","category-yaman-akdeniz"],"jetpack_publicize_connections":[],"jetpack_featured_media_url":"https:\/\/i0.wp.com\/privacy.cyber-rights.org.tr\/wp-content\/uploads\/2016\/05\/YA_Diken.jpg?fit=740%2C555&ssl=1","jetpack_sharing_enabled":true,"jetpack_shortlink":"https:\/\/wp.me\/p7wjA8-pk","jetpack-related-posts":[],"_links":{"self":[{"href":"https:\/\/privacy.cyber-rights.org.tr\/index.php?rest_route=\/wp\/v2\/posts\/1570","targetHints":{"allow":["GET"]}}],"collection":[{"href":"https:\/\/privacy.cyber-rights.org.tr\/index.php?rest_route=\/wp\/v2\/posts"}],"about":[{"href":"https:\/\/privacy.cyber-rights.org.tr\/index.php?rest_route=\/wp\/v2\/types\/post"}],"author":[{"embeddable":true,"href":"https:\/\/privacy.cyber-rights.org.tr\/index.php?rest_route=\/wp\/v2\/users\/1"}],"replies":[{"embeddable":true,"href":"https:\/\/privacy.cyber-rights.org.tr\/index.php?rest_route=%2Fwp%2Fv2%2Fcomments&post=1570"}],"version-history":[{"count":1,"href":"https:\/\/privacy.cyber-rights.org.tr\/index.php?rest_route=\/wp\/v2\/posts\/1570\/revisions"}],"predecessor-version":[{"id":1572,"href":"https:\/\/privacy.cyber-rights.org.tr\/index.php?rest_route=\/wp\/v2\/posts\/1570\/revisions\/1572"}],"wp:featuredmedia":[{"embeddable":true,"href":"https:\/\/privacy.cyber-rights.org.tr\/index.php?rest_route=\/wp\/v2\/media\/1571"}],"wp:attachment":[{"href":"https:\/\/privacy.cyber-rights.org.tr\/index.php?rest_route=%2Fwp%2Fv2%2Fmedia&parent=1570"}],"wp:term":[{"taxonomy":"category","embeddable":true,"href":"https:\/\/privacy.cyber-rights.org.tr\/index.php?rest_route=%2Fwp%2Fv2%2Fcategories&post=1570"},{"taxonomy":"post_tag","embeddable":true,"href":"https:\/\/privacy.cyber-rights.org.tr\/index.php?rest_route=%2Fwp%2Fv2%2Ftags&post=1570"}],"curies":[{"name":"wp","href":"https:\/\/api.w.org\/{rel}","templated":true}]}}