{"id":1578,"date":"2016-04-05T00:51:04","date_gmt":"2016-04-04T21:51:04","guid":{"rendered":"http:\/\/privacy.cyber-rights.org.tr\/?p=1578"},"modified":"2016-05-26T00:48:11","modified_gmt":"2016-05-25T21:48:11","slug":"youtubeu-actiran-iki-akademisyene-global-ifade-ozgurlugu-odulu","status":"publish","type":"post","link":"https:\/\/privacy.cyber-rights.org.tr\/?p=1578","title":{"rendered":"YouTube\u2019u a\u00e7t\u0131ran iki akademisyene Global \u0130fade \u00d6zg\u00fcrl\u00fc\u011f\u00fc \u00f6d\u00fcl\u00fc"},"content":{"rendered":"<header class=\"entry-header\">\n<p class=\"entry-meta\"><time class=\"entry-time\" datetime=\"2016-04-05T16:15:19+00:00\">05\/04\/2016 &#8211; Foto\u011fraf: Twitter@cyberrights<\/time><time class=\"entry-time\" datetime=\"2016-04-05T16:15:19+00:00\"><\/time><\/p>\n<\/header>\n<div class=\"entry-content\">\n<p>Columbia \u00dcniversitesi\u2019nin Global \u0130fade \u00d6zg\u00fcrl\u00fc\u011f\u00fc \u00f6d\u00fcl\u00fcne lay\u0131k g\u00f6r\u00fclen akademisyenler Kerem Alt\u0131parmak ve Yaman Akdeniz, \u00f6d\u00fcl\u00fc\u00a0<strong>\u2018Bar\u0131\u015f \u0130\u00e7in Akademisyenler\u2019<\/strong>e ithaf etti.<\/p>\n<div id=\"attachment_273101\" class=\"wp-caption aligncenter\">\n<p class=\"wp-caption-text\"><a href=\"http:\/\/www.diken.com.tr\/youtubeu-actiran-iki-akademisyene-global-ifade-ozgurlugu-odulu\/\">http:\/\/www.diken.com.tr\/youtubeu-actiran-iki-akademisyene-global-ifade-ozgurlugu-odulu\/<\/a><\/p>\n<\/div>\n<p>\u0130stanbul Bilgi \u00dcniversitesi \u00f6\u011fretim \u00fcyesi Prof. Dr. Yaman Akdeniz, Ankara \u00dcniversitesi \u00f6\u011fretim \u00fcyesi Yrd. Do\u00e7. Dr. Kerem Alt\u0131parmak ve avukat Serkan Cengiz, YouTube\u2019a eri\u015fimin engellemesi karar\u0131na kar\u015f\u0131 Ankara 1. Sulh Ceza Mahkemesi\u2019ne yapt\u0131klar\u0131 itiraz\u0131n reddedilmesinin ard\u0131ndan davay\u0131 Avrupa \u0130nsan Haklar\u0131 Mahkemesi\u2019ne ta\u015f\u0131malar\u0131 ve Aral\u0131k 2015 ba\u015f\u0131nda karar\u0131n <a href=\"http:\/\/www.diken.com.tr\/aihm-turkiyenin-youtubeu-kapatma-karari-ifade-ozgurlugu-ihlali\/\" target=\"_blank\">ba\u015fvurucular\u0131n lehine olumlu sonu\u00e7lanmas\u0131 sebebiyle<\/a> 2016 Columbia K\u00fcresel \u0130fade \u00d6zg\u00fcrl\u00fc\u011f\u00fc \u00d6d\u00fclleri\u2019nde <strong>\u2018Yasal Hizmetlerde M\u00fckemmellik Alan\u0131\u2019na <\/strong>lay\u0131k\u00a0g\u00f6r\u00fclm\u00fc\u015ft\u00fc.<\/p>\n<p><a href=\"http:\/\/bianet.org\/bianet\/insan-haklari\/173041-columbia-universitesi-ifade-ozgurlugu-odulu-turkiyeli-akademisyenlere\" target=\"_blank\">Bianet\u2019in haberine g\u00f6re, <\/a>\u00fc\u00e7 hukuk\u00e7u \u00f6d\u00fcllerini Columbia \u00dcniversitesi Low Memorial K\u00fct\u00fcphanesi\u2019nde d\u00fcn ak\u015fam d\u00fczenlenen bir t\u00f6renle ald\u0131. \u00d6d\u00fcl t\u00f6renine Akdeniz ve Alt\u0131parmak kat\u0131ld\u0131.<\/p>\n<h4>Erdo\u011fan\u2019a te\u015fekk\u00fcr ettiler<\/h4>\n<p>Columbia \u00dcniversitesi \u00f6d\u00fcl\u00fc <strong>\u2018T\u00fcrkiye taraf\u0131ndan eri\u015fime kapat\u0131lan Youtube ile ilgili yapt\u0131klar\u0131 ba\u015fvurular sonucunda yasa\u011f\u0131n kald\u0131r\u0131lmas\u0131\u2019<\/strong> ba\u015far\u0131s\u0131ndan dolay\u0131 bu isimlere verdi\u011fini a\u00e7\u0131klad\u0131.<\/p>\n<p>Akdeniz ve Alt\u0131parmak, yasakla kendilerine \u00f6d\u00fcl\u00fc kazanma f\u0131rsat\u0131n\u0131 sa\u011flad\u0131\u011f\u0131 i\u00e7in Cumhurba\u015fkan\u0131 Recep Tayyip Erdo\u011fan\u2019a te\u015fekk\u00fcr ederek, \u00f6d\u00fcllerini tutuklu bulunan <strong>\u2018Bar\u0131\u015f \u0130\u00e7in Akademisyenler\u2019e <\/strong>ithaf etti.<\/p>\n<p><strong>\u00d6d\u00fcl hakk\u0131nda<\/strong><\/p>\n<p>Columbia K\u00fcresel \u0130fade \u00d6zg\u00fcrl\u00fc\u011f\u00fc \u00d6d\u00fclleri, uluslararas\u0131 hukuk normlar\u0131n\u0131 te\u015fvik ederek ifade \u00f6zg\u00fcrl\u00fc\u011f\u00fcn\u00fc g\u00fc\u00e7lendiren yarg\u0131 kararlar\u0131n\u0131 ve d\u00fcnya \u00e7ap\u0131ndaki hukuki temsillerin \u00f6nemini vurgulamak amac\u0131yla ge\u00e7en y\u0131l Columbia \u00dcniversitesi Ba\u015fkan\u0131 Lee C. Bollinger\u2019in giri\u015fimiyle ba\u015flat\u0131lm\u0131\u015ft\u0131.<\/p>\n<\/div>\n","protected":false},"excerpt":{"rendered":"<p>05\/04\/2016 &#8211; Foto\u011fraf: Twitter@cyberrights Columbia \u00dcniversitesi\u2019nin Global \u0130fade \u00d6zg\u00fcrl\u00fc\u011f\u00fc \u00f6d\u00fcl\u00fcne lay\u0131k g\u00f6r\u00fclen akademisyenler Kerem Alt\u0131parmak ve Yaman Akdeniz, \u00f6d\u00fcl\u00fc\u00a0\u2018Bar\u0131\u015f \u0130\u00e7in Akademisyenler\u2019e ithaf etti. http:\/\/www.diken.com.tr\/youtubeu-actiran-iki-akademisyene-global-ifade-ozgurlugu-odulu\/ \u0130stanbul Bilgi \u00dcniversitesi \u00f6\u011fretim \u00fcyesi Prof. Dr. Yaman Akdeniz, Ankara \u00dcniversitesi \u00f6\u011fretim \u00fcyesi Yrd. Do\u00e7. Dr. Kerem Alt\u0131parmak ve avukat Serkan Cengiz, YouTube\u2019a eri\u015fimin engellemesi karar\u0131na kar\u015f\u0131 Ankara 1. Sulh Ceza Mahkemesi\u2019ne yapt\u0131klar\u0131 itiraz\u0131n reddedilmesinin ard\u0131ndan&#8230;<\/p>\n","protected":false},"author":1,"featured_media":1579,"comment_status":"open","ping_status":"open","sticky":false,"template":"","format":"standard","meta":{"jetpack_post_was_ever_published":false,"_jetpack_newsletter_access":"","_jetpack_dont_email_post_to_subs":false,"_jetpack_newsletter_tier_id":0,"_jetpack_memberships_contains_paywalled_content":false,"_jetpack_memberships_contains_paid_content":false,"footnotes":"","jetpack_publicize_message":"","jetpack_publicize_feature_enabled":true,"jetpack_social_post_already_shared":true,"jetpack_social_options":{"image_generator_settings":{"template":"highway","default_image_id":0,"font":"","enabled":false},"version":2}},"categories":[115,142,78,4],"tags":[],"class_list":["post-1578","post","type-post","status-publish","format-standard","has-post-thumbnail","hentry","category-aihm","category-kerem-altiparmak","category-yaman-akdeniz","category-youtube"],"jetpack_publicize_connections":[],"jetpack_featured_media_url":"https:\/\/i0.wp.com\/privacy.cyber-rights.org.tr\/wp-content\/uploads\/2016\/05\/YAKA_Columbia.jpg?fit=740%2C416&ssl=1","jetpack_sharing_enabled":true,"jetpack_shortlink":"https:\/\/wp.me\/p7wjA8-ps","jetpack-related-posts":[],"_links":{"self":[{"href":"https:\/\/privacy.cyber-rights.org.tr\/index.php?rest_route=\/wp\/v2\/posts\/1578","targetHints":{"allow":["GET"]}}],"collection":[{"href":"https:\/\/privacy.cyber-rights.org.tr\/index.php?rest_route=\/wp\/v2\/posts"}],"about":[{"href":"https:\/\/privacy.cyber-rights.org.tr\/index.php?rest_route=\/wp\/v2\/types\/post"}],"author":[{"embeddable":true,"href":"https:\/\/privacy.cyber-rights.org.tr\/index.php?rest_route=\/wp\/v2\/users\/1"}],"replies":[{"embeddable":true,"href":"https:\/\/privacy.cyber-rights.org.tr\/index.php?rest_route=%2Fwp%2Fv2%2Fcomments&post=1578"}],"version-history":[{"count":1,"href":"https:\/\/privacy.cyber-rights.org.tr\/index.php?rest_route=\/wp\/v2\/posts\/1578\/revisions"}],"predecessor-version":[{"id":1580,"href":"https:\/\/privacy.cyber-rights.org.tr\/index.php?rest_route=\/wp\/v2\/posts\/1578\/revisions\/1580"}],"wp:featuredmedia":[{"embeddable":true,"href":"https:\/\/privacy.cyber-rights.org.tr\/index.php?rest_route=\/wp\/v2\/media\/1579"}],"wp:attachment":[{"href":"https:\/\/privacy.cyber-rights.org.tr\/index.php?rest_route=%2Fwp%2Fv2%2Fmedia&parent=1578"}],"wp:term":[{"taxonomy":"category","embeddable":true,"href":"https:\/\/privacy.cyber-rights.org.tr\/index.php?rest_route=%2Fwp%2Fv2%2Fcategories&post=1578"},{"taxonomy":"post_tag","embeddable":true,"href":"https:\/\/privacy.cyber-rights.org.tr\/index.php?rest_route=%2Fwp%2Fv2%2Ftags&post=1578"}],"curies":[{"name":"wp","href":"https:\/\/api.w.org\/{rel}","templated":true}]}}