{"id":158,"date":"2008-10-15T00:07:21","date_gmt":"2008-10-14T21:07:21","guid":{"rendered":"http:\/\/privacy.cyber-rights.org.tr\/?p=158"},"modified":"2008-10-15T00:07:23","modified_gmt":"2008-10-14T21:07:23","slug":"pamuk-youtubemu-istiyorum-dedi","status":"publish","type":"post","link":"https:\/\/privacy.cyber-rights.org.tr\/?p=158","title":{"rendered":"Pamuk &#8220;youtube&#8217;mu istiyorum&#8221; dedi!"},"content":{"rendered":"<p><a href=\"http:\/\/www.hurhaber.com\/news_detail.php?id=150684\">Pamuk &#8220;youtube&#8217;mu istiyorum&#8221; dedi! &#8211; H\u00dcRHABER &#8211; Haber , Spor Haber, Yerel Haber, Siyaset Haberleri<\/a>: &#8220;Pamuk &#8216;youtube&#8217;mu istiyorum&#8217; dedi!<br \/>\n14 Ekim 2008 Sal\u0131 19:38<\/p>\n<p>Frankfurt Kitap Fuar\u0131&#8217;nda konu\u015fan Nobel \u00d6d\u00fcll\u00fc yazar Orhan Pamuk yapt\u0131\u011f\u0131 konu\u015fmada TCK&#8217;n\u0131n 301. maddesi ve youtube&#8217;n yasaklanmas\u0131n\u0131 ele\u015ftirdi.<\/p>\n<p>H\u00dcRHABER\/ Frankfurt Kitap Fuar\u0131&#8217;nda konu\u015fan Orhan Pamuk \u015fu ifadelere yer verdi:<\/p>\n<p>Kitaplar\u0131 yakmak, onlar\u0131 ihanet etti\u011fini s\u00f6yleyip yurt d\u0131\u015f\u0131na yollatmak \u00fclkenin k\u00fclt\u00fcr\u00fcn\u00fc zenginle\u015ftirmedi tam tersine fakirle\u015ftirdi. Devletin yazar ve kitap cezaland\u0131rma al\u0131\u015fkanl\u0131\u011f\u0131 hala devam ediyor. 301 y\u00fcz\u00fcnden y\u00fczlerce yazar ve gazeteci \u015fu anda yarg\u0131lan\u0131yor. Bir\u00e7ok roman\u0131mda youtube&#8217;den yapm\u0131\u015ft\u0131m. \u015eimdi yapamam. \u00c7\u00fcnk\u00fc T\u00fcrkiye&#8217;de youtube yasak.<\/p>\n<p>Biz sanat\u00e7\u0131lar k\u00fclt\u00fcr\u00fcm\u00fcz\u00fcn d\u00fcnyaca tan\u0131t\u0131lmas\u0131ndan \u00f6t\u00fcr\u00fc bu bask\u0131y\u0131 anlayam\u0131yoruz. Bug\u00fcn T\u00fcrkiye&#8217;de her zamankinden daha \u00e7ok kitap yay\u0131nlan\u0131yor. Bu tuhaf, zengin, ola\u011fan\u00fcst\u00fc tarihin k\u00fclt\u00fcr\u00fcn se\u00e7kin yazarlar\u0131, de\u011ferli yazarlar\u0131 Frankfurt&#8217;talar. Art\u0131k T\u00fcrkiye&#8217;nin yazarlar\u0131 kendilerini ilgin\u00e7 bir yazar yapacak &#8216;i\u00e7 seslerini&#8217; bulduklar\u0131 vakit kimse karamsarl\u0131\u011fa karamsarl\u0131\u011fa kap\u0131lmas\u0131n. 2008 Kitap Fuar\u0131 herkese umut ve mutluluk versin&#8230;&#8221;<\/p>\n<p>(Via <a href=\"\"><\/a>.)<\/p>\n","protected":false},"excerpt":{"rendered":"<p>Pamuk &#8220;youtube&#8217;mu istiyorum&#8221; dedi! &#8211; H\u00dcRHABER &#8211; Haber , Spor Haber, Yerel Haber, Siyaset Haberleri: &#8220;Pamuk &#8216;youtube&#8217;mu istiyorum&#8217; dedi! 14 Ekim 2008 Sal\u0131 19:38 Frankfurt Kitap Fuar\u0131&#8217;nda konu\u015fan Nobel \u00d6d\u00fcll\u00fc yazar Orhan Pamuk yapt\u0131\u011f\u0131 konu\u015fmada TCK&#8217;n\u0131n 301. maddesi ve youtube&#8217;n yasaklanmas\u0131n\u0131 ele\u015ftirdi. H\u00dcRHABER\/ Frankfurt Kitap Fuar\u0131&#8217;nda konu\u015fan Orhan Pamuk \u015fu ifadelere yer verdi: Kitaplar\u0131 yakmak, onlar\u0131 ihanet etti\u011fini s\u00f6yleyip yurt&#8230;<\/p>\n","protected":false},"author":1,"featured_media":0,"comment_status":"open","ping_status":"closed","sticky":false,"template":"","format":"standard","meta":{"jetpack_post_was_ever_published":false,"_jetpack_newsletter_access":"","_jetpack_dont_email_post_to_subs":false,"_jetpack_newsletter_tier_id":0,"_jetpack_memberships_contains_paywalled_content":false,"_jetpack_memberships_contains_paid_content":false,"footnotes":"","jetpack_publicize_message":"","jetpack_publicize_feature_enabled":true,"jetpack_social_post_already_shared":false,"jetpack_social_options":{"image_generator_settings":{"template":"highway","default_image_id":0,"font":"","enabled":false},"version":2}},"categories":[5,21,3],"tags":[],"class_list":["post-158","post","type-post","status-publish","format-standard","hentry","category-dusunce-ozgurlugu","category-erisim-engelleme","category-sansur"],"jetpack_publicize_connections":[],"jetpack_featured_media_url":"","jetpack_sharing_enabled":true,"jetpack_shortlink":"https:\/\/wp.me\/p7wjA8-2y","jetpack-related-posts":[],"_links":{"self":[{"href":"https:\/\/privacy.cyber-rights.org.tr\/index.php?rest_route=\/wp\/v2\/posts\/158","targetHints":{"allow":["GET"]}}],"collection":[{"href":"https:\/\/privacy.cyber-rights.org.tr\/index.php?rest_route=\/wp\/v2\/posts"}],"about":[{"href":"https:\/\/privacy.cyber-rights.org.tr\/index.php?rest_route=\/wp\/v2\/types\/post"}],"author":[{"embeddable":true,"href":"https:\/\/privacy.cyber-rights.org.tr\/index.php?rest_route=\/wp\/v2\/users\/1"}],"replies":[{"embeddable":true,"href":"https:\/\/privacy.cyber-rights.org.tr\/index.php?rest_route=%2Fwp%2Fv2%2Fcomments&post=158"}],"version-history":[{"count":0,"href":"https:\/\/privacy.cyber-rights.org.tr\/index.php?rest_route=\/wp\/v2\/posts\/158\/revisions"}],"wp:attachment":[{"href":"https:\/\/privacy.cyber-rights.org.tr\/index.php?rest_route=%2Fwp%2Fv2%2Fmedia&parent=158"}],"wp:term":[{"taxonomy":"category","embeddable":true,"href":"https:\/\/privacy.cyber-rights.org.tr\/index.php?rest_route=%2Fwp%2Fv2%2Fcategories&post=158"},{"taxonomy":"post_tag","embeddable":true,"href":"https:\/\/privacy.cyber-rights.org.tr\/index.php?rest_route=%2Fwp%2Fv2%2Ftags&post=158"}],"curies":[{"name":"wp","href":"https:\/\/api.w.org\/{rel}","templated":true}]}}