{"id":159,"date":"2008-10-15T20:38:18","date_gmt":"2008-10-15T17:38:18","guid":{"rendered":"http:\/\/privacy.cyber-rights.org.tr\/?p=159"},"modified":"2008-10-15T20:39:27","modified_gmt":"2008-10-15T17:39:27","slug":"vatan-gazetesi-sansurlendi-boyle-rezalet-yalnizca-turkiyede-olur","status":"publish","type":"post","link":"https:\/\/privacy.cyber-rights.org.tr\/?p=159","title":{"rendered":"Vatan Gazetes\u0131 sans\u00fcrlendi: B\u00f6yle rezalet Yaln\u0131zca T\u00fcrkiye&#8217;de olur!"},"content":{"rendered":"<p><a href=\"http:\/\/haber.vatanim.com.tr\/haberdetay.asp?detay=_VATANa_Adnan_Oktar_sansuru_203783_1&#038;Newsid=203783\">B\u00d6YLE REZALET YALNIZCA T\u00dcRK\u0130YE&#8217;DE OLUR!<\/a>: &#8220;Bug\u00fcn \u00f6\u011fle saatlerinden itibaren Telekom \u00fczerinden <a href=\"http:\/\/www.gazetevatan.com\/\">http:\/\/www.gazetevatan.com\/<\/a>&#8216;a ula\u015fanlar, &#8216;Bu siteye eri\u015fim mahkeme karar\u0131 ile engellenmi\u015ftir&#8217; yaz\u0131s\u0131yla kar\u015f\u0131la\u015ft\u0131lar.<\/p>\n<p><a href=\"http:\/\/www.gazetevatan.com\/\"><\/p>\n<div style=\"text-align:center;\"><img data-recalc-dims=\"1\" loading=\"lazy\" decoding=\"async\" src=\"https:\/\/i0.wp.com\/cyberlaw.org.uk\/wp-content\/uploads\/2008\/10\/vatan-sansur.jpg?resize=473%2C302\" alt=\"vatan_sansur.jpg\" border=\"0\" width=\"473\" height=\"302\" \/><\/div>\n<p><\/a><\/p>\n<div style=\"text-align:center;\"><img data-recalc-dims=\"1\" loading=\"lazy\" decoding=\"async\" src=\"https:\/\/i0.wp.com\/cyberlaw.org.uk\/wp-content\/uploads\/2008\/10\/vatan-sansur2.jpg?resize=320%2C160\" alt=\"vatan_sansur2.jpg\" border=\"0\" width=\"320\" height=\"160\" \/><\/div>\n<p>Bu engelin nedeni kamuoyunda &#8216;Adnan Hoca&#8217; olarak bilinen Adnan Oktar&#8217;\u0131n, &#8216;cemaati&#8217; hakk\u0131nda sitemizde yay\u0131nlanan bir haber \u00fczerine gelen okur yorumlar\u0131 hakk\u0131nda ald\u0131rd\u0131\u011f\u0131 bir mahkeme karar\u0131d\u0131r.<\/p>\n<p>Herhangi bir tebligat bile yap\u0131lmadan bir okur yorumundan yola \u00e7\u0131karak t\u00fcm sitenin kapat\u0131lmas\u0131na ili\u015fkin hukuki m\u00fccadelemiz s\u00fcr\u00fcyor.<\/p>\n<p>Yar\u0131n geni\u015f bir a\u00e7\u0131klamayla okurlar\u0131m\u0131z\u0131 bilgilendirece\u011fiz.<\/p>\n<p>Her g\u00fcn 1.5 milyondan fazla ziyaret alan, T\u00fcrkiye&#8217;nin en b\u00fcy\u00fck 3 gazete sitesinden biri olan gazetevatan.com&#8217;un<br \/>\nb\u00f6yle bir nedenle kapat\u0131lmas\u0131n\u0131n takdirini kamuoyuna b\u0131rak\u0131yoruz.<\/p>\n<p>Bu tip &#8216;zavall\u0131&#8217; giri\u015fimler, elbette VATAN&#8217;\u0131n g\u00fcc\u00fcn\u00fc daha da art\u0131rmaktan ba\u015fka bir i\u015fe yaramayacakt\u0131r.<\/p>\n<p>Binlerce mail ve telefonla tepkilerini dile getiren de\u011ferli okurlar\u0131m\u0131za ve meslekta\u015flar\u0131m\u0131za \u015f\u00fckranlar\u0131m\u0131z\u0131 sunuyoruz.<\/p>\n<p>AYRINTILI A\u00c7IKLAMA YARIN VATAN&#8217;da<br \/>\nve vatanim.com.tr&#8217;de.<\/p>\n<p>SON B\u0130R YILDA 1112 S\u0130TE KAPATILDI<\/p>\n<p>T\u00fcrkiye son 1 y\u0131ld\u0131r internet yay\u0131nc\u0131l\u0131\u011f\u0131nda inan\u0131lmaz sans\u00fcrlere \u015fahit oluyor. Mahkemeler birbiri ard\u0131na kapatma kararlar\u0131 veriyor. .\u00dclkemizde aralar\u0131nda Youtube&#8217;un da bulundu\u011fu 1112 internet sitesine eri\u015fim yasak. Bu d\u00fcnya \u00e7ap\u0131nda bir rekor&#8230;.<\/p>\n<p>ADNAN HOCA VAKASI!<\/p>\n<p>Adnan Hoca olarak bilinen Adnan Oktar, internete tam manas\u0131yla sava\u015f a\u00e7t\u0131. Adnan Hoca daha \u00f6nce de \u2018google.groups.com\u2019, \u2018geocities.com\u2019, \u2018wordpress.com\u2019, \u2018ek\u015fis\u00f6zl\u00fck\u2019, \u2018ateizm.org\u2019, \u2018antoloji.com\u2019 gibi internet sitelerine eri\u015fimi yasaklatm\u0131\u015ft\u0131. &#8220;<\/p>\n<p>(Via <a href=\"\"><\/a>.)<\/p>\n","protected":false},"excerpt":{"rendered":"<p>B\u00d6YLE REZALET YALNIZCA T\u00dcRK\u0130YE&#8217;DE OLUR!: &#8220;Bug\u00fcn \u00f6\u011fle saatlerinden itibaren Telekom \u00fczerinden http:\/\/www.gazetevatan.com\/&#8216;a ula\u015fanlar, &#8216;Bu siteye eri\u015fim mahkeme karar\u0131 ile engellenmi\u015ftir&#8217; yaz\u0131s\u0131yla kar\u015f\u0131la\u015ft\u0131lar. Bu engelin nedeni kamuoyunda &#8216;Adnan Hoca&#8217; olarak bilinen Adnan Oktar&#8217;\u0131n, &#8216;cemaati&#8217; hakk\u0131nda sitemizde yay\u0131nlanan bir haber \u00fczerine gelen okur yorumlar\u0131 hakk\u0131nda ald\u0131rd\u0131\u011f\u0131 bir mahkeme karar\u0131d\u0131r. Herhangi bir tebligat bile yap\u0131lmadan bir okur yorumundan yola \u00e7\u0131karak t\u00fcm sitenin kapat\u0131lmas\u0131na&#8230;<\/p>\n","protected":false},"author":1,"featured_media":0,"comment_status":"open","ping_status":"closed","sticky":false,"template":"","format":"standard","meta":{"jetpack_post_was_ever_published":false,"_jetpack_newsletter_access":"","_jetpack_dont_email_post_to_subs":false,"_jetpack_newsletter_tier_id":0,"_jetpack_memberships_contains_paywalled_content":false,"_jetpack_memberships_contains_paid_content":false,"footnotes":"","jetpack_publicize_message":"","jetpack_publicize_feature_enabled":true,"jetpack_social_post_already_shared":false,"jetpack_social_options":{"image_generator_settings":{"template":"highway","default_image_id":0,"font":"","enabled":false},"version":2}},"categories":[21,28,3],"tags":[],"class_list":["post-159","post","type-post","status-publish","format-standard","hentry","category-erisim-engelleme","category-hakaret","category-sansur"],"jetpack_publicize_connections":[],"jetpack_featured_media_url":"","jetpack_sharing_enabled":true,"jetpack_shortlink":"https:\/\/wp.me\/p7wjA8-2z","jetpack-related-posts":[],"_links":{"self":[{"href":"https:\/\/privacy.cyber-rights.org.tr\/index.php?rest_route=\/wp\/v2\/posts\/159","targetHints":{"allow":["GET"]}}],"collection":[{"href":"https:\/\/privacy.cyber-rights.org.tr\/index.php?rest_route=\/wp\/v2\/posts"}],"about":[{"href":"https:\/\/privacy.cyber-rights.org.tr\/index.php?rest_route=\/wp\/v2\/types\/post"}],"author":[{"embeddable":true,"href":"https:\/\/privacy.cyber-rights.org.tr\/index.php?rest_route=\/wp\/v2\/users\/1"}],"replies":[{"embeddable":true,"href":"https:\/\/privacy.cyber-rights.org.tr\/index.php?rest_route=%2Fwp%2Fv2%2Fcomments&post=159"}],"version-history":[{"count":0,"href":"https:\/\/privacy.cyber-rights.org.tr\/index.php?rest_route=\/wp\/v2\/posts\/159\/revisions"}],"wp:attachment":[{"href":"https:\/\/privacy.cyber-rights.org.tr\/index.php?rest_route=%2Fwp%2Fv2%2Fmedia&parent=159"}],"wp:term":[{"taxonomy":"category","embeddable":true,"href":"https:\/\/privacy.cyber-rights.org.tr\/index.php?rest_route=%2Fwp%2Fv2%2Fcategories&post=159"},{"taxonomy":"post_tag","embeddable":true,"href":"https:\/\/privacy.cyber-rights.org.tr\/index.php?rest_route=%2Fwp%2Fv2%2Ftags&post=159"}],"curies":[{"name":"wp","href":"https:\/\/api.w.org\/{rel}","templated":true}]}}