{"id":1596,"date":"2016-05-18T12:25:01","date_gmt":"2016-05-18T09:25:01","guid":{"rendered":"http:\/\/privacy.cyber-rights.org.tr\/?p=1596"},"modified":"2016-05-26T12:33:38","modified_gmt":"2016-05-26T09:33:38","slug":"yolsuzluk-sorusturmasina-yayin-yasagini-aihme-tasidik","status":"publish","type":"post","link":"https:\/\/privacy.cyber-rights.org.tr\/?p=1596","title":{"rendered":"Yolsuzluk Soru\u015fturmas\u0131na Yay\u0131n Yasa\u011f\u0131n\u0131 A\u0130HM&#8217;e ta\u015f\u0131d\u0131k"},"content":{"rendered":"<div class=\"desc\">\n<div class=\"article\">\n<p>27 Kas\u0131m 2014 tarihinde Ankara 7. Sulh Ceza Hakimli\u011fi taraf\u0131ndan Yolsuzluk Meclis Soru\u015fturmas\u0131 ile ilgili geni\u015f bir &#8220;yay\u0131n yasa\u011f\u0131&#8221; karar\u0131 verilmi\u015f ve \u0130nternet yaz\u0131\u015fmalar\u0131 dahil b\u00fct\u00fcn haberler sans\u00fcrlenmi\u015fti. Bu karara Yaman Akdeniz, Kerem Alt\u0131parmak ve Banu G\u00fcven taraf\u0131ndan itiraz edilmi\u015fti. \u0130tiraz\u0131m\u0131z reddedilince de Anayasa Mahkemesi&#8217;ne bireysel ba\u015fvuru yapm\u0131\u015ft\u0131k.<\/p>\n<p>Anayasa Mahkemesi Genel Kurulu 10 Aral\u0131k 2014 tarih ve 2014\/18803 say\u0131l\u0131 karar\u0131 ile Anayasa ve A\u0130HS\u2019e ayk\u0131r\u0131l\u0131k iddialar\u0131m\u0131z\u0131 \u201cki\u015fi y\u00f6n\u00fcnden yetkisizlik\u201d nedeniyle \u00e7ok tart\u0131\u015fmal\u0131 bir karar ve oylama ile 9-7 oy \u00e7oklu\u011fuyla kabul edilemez bulmu\u015ftu.<\/p>\n<p>Biz de A\u011fustos 2015 ba\u015f\u0131nda konuyu A\u0130HM&#8217;e ta\u015f\u0131m\u0131\u015f ve T\u00fcrkiye&#8217;ye kar\u015f\u0131 bir ba\u015fvuru yapm\u0131\u015ft\u0131k. A\u0130HM de iddialar\u0131m\u0131z\u0131 ve ba\u015fvurumuzu \u00e7ok ciddi bulmu\u015f ki h\u0131zl\u0131 bir de\u011ferlendirme ile \u00f6ncelik vermi\u015f ve ba\u015fvurumuzu incelemeye ald\u0131\u011f\u0131n\u0131 26 Nisan 2016 tarihinde duyurdu.<\/p>\n<p>A\u0130HM&#8217;in Frans\u0131zca olarak yay\u0131nlad\u0131\u011f\u0131 ba\u015fvuru \u00f6zeti ve T\u00fcrkiye H\u00fck\u00fcmetine sordu\u011fu sorulara <a href=\"http:\/\/hudoc.echr.coe.int\/eng?i=001-163138\" target=\"_blank\">\u015fu adresten<\/a> ula\u015f\u0131labilir. Bu ba\u015fvurunun karara ba\u011flanmas\u0131 2017&#8217;i bulur fakat baz\u0131 \u00f6nemli hususlar\u0131n alt\u0131n\u0131 \u00e7izmek de fayda var:<\/p>\n<p>1. A\u0130HM, ba\u015fvuruyu \u00f6zetlerken 17-25 Aral\u0131k 2015 soru\u015fturmalar\u0131n\u0131 ve akabindeki Meclis Soru\u015fturmas\u0131 ve yay\u0131n yasa\u011f\u0131n\u0131, dolay\u0131s\u0131yla olaylar\u0131 gayet g\u00fczel \u00f6zetlemi\u015f.<\/p>\n<p>2. Yay\u0131n yasa\u011f\u0131n\u0131n parantez i\u00e7inde T\u00fcrk\u00e7e ifadelerle &#8220;t\u00fcm yaz\u0131l\u0131, g\u00f6rsel medya ve \u0130nternet ortam\u0131nda yap\u0131lan yay\u0131nlar hakk\u0131nda yay\u0131n yasa\u01e7\u0131&#8221; \u015feklinde u\u00e7suz bucaks\u0131z haline de dikkat \u00e7ekmi\u015f.<\/p>\n<p>3. A\u0130HM, ayr\u0131ca Anayasa Mahkemesi&#8217;nin 9-7 oylamas\u0131 ve oylama ile ilgili bizim de Anayasa Mahkemesi&#8217;ne tekrardan itiraz\u0131m\u0131z\u0131 gerektiren problemlere dikkat \u00e7ekmi\u015f. Daha da a\u00e7\u0131klamak gerekirse baz\u0131 hakimlerin \u00e7o\u011funlukla oy kullanmas\u0131na ra\u011fmen baz\u0131 ba\u015fvurucular a\u00e7\u0131s\u0131ndan neden farkl\u0131 g\u00f6r\u00fc\u015f verdikleri meselesi \u015fimdi A\u0130HM&#8217;deki yarg\u0131\u00e7lar taraf\u0131ndan de\u011ferlendirilecek.<\/p>\n<p>4. A\u0130HM ayr\u0131ca hukuki s\u00fcreci \u00f6zetlerken ba\u015fvuruculardan Yaman Akdeniz ve Kerem Alt\u0131parmak&#8217;\u0131n daha \u00f6nce iki defa Twitter ve YouTube ba\u015fvurular\u0131 ile Anayasa Mahkemesi \u00f6n\u00fcnde &#8220;kullan\u0131c\u0131 s\u0131fatl\u0131&#8221; ba\u015fvurular\u0131n\u0131n kabul edildi\u011fine A\u0130HM&#8217;in Cengiz, Akdeniz ve Alt\u0131parmak karar\u0131na at\u0131f yaparak vurgu yapm\u0131\u015f.<\/p>\n<p>5. A\u0130HM bu a\u015famada hem 10. madde (ifade \u00f6zg\u00fcrl\u00fc\u011f\u00fc) hem de 6. madde (adil yarg\u0131lanma) a\u00e7\u0131s\u0131ndan ba\u015fvuruyu de\u011ferlendiriyor. H\u00fck\u00fcmetten gelecek cevaba kar\u015f\u0131l\u0131k biz de cevaplar\u0131m\u0131z\u0131 ve g\u00f6r\u00fc\u015flerimizi A\u0130HM&#8217;e sunaca\u011f\u0131z.<\/p>\n<p>Sonu\u00e7 olarak ba\u015fvuru hem Yolsuzluk Soru\u015fturmas\u0131n\u0131n sans\u00fcrlenmesi, hem genel olarak z\u0131rt p\u0131rt verilen &#8220;yay\u0131n yasaklar\u0131&#8221;n\u0131n de\u011ferlendirilmesi hem de Anayasa Mahkemesi&#8217;nin gelece\u011fi ve inand\u0131r\u0131c\u0131l\u0131\u011f\u0131 a\u00e7\u0131s\u0131ndan \u00e7ok \u00f6nemli bir ba\u015fvuru olarak de\u011ferlendirilecek. Bizler de bu tip stratejik ba\u015fvurularla tarihe not d\u00fc\u015fmeye devam edece\u011fiz.<\/p>\n<p>Kamuoyuna duyurulur. 18 May\u0131s, 2016.<\/p>\n<\/div>\n<\/div>\n","protected":false},"excerpt":{"rendered":"<p>27 Kas\u0131m 2014 tarihinde Ankara 7. Sulh Ceza Hakimli\u011fi taraf\u0131ndan Yolsuzluk Meclis Soru\u015fturmas\u0131 ile ilgili geni\u015f bir &#8220;yay\u0131n yasa\u011f\u0131&#8221; karar\u0131 verilmi\u015f ve \u0130nternet yaz\u0131\u015fmalar\u0131 dahil b\u00fct\u00fcn haberler sans\u00fcrlenmi\u015fti. Bu karara Yaman Akdeniz, Kerem Alt\u0131parmak ve Banu G\u00fcven taraf\u0131ndan itiraz edilmi\u015fti. \u0130tiraz\u0131m\u0131z reddedilince de Anayasa Mahkemesi&#8217;ne bireysel ba\u015fvuru yapm\u0131\u015ft\u0131k. Anayasa Mahkemesi Genel Kurulu 10 Aral\u0131k 2014 tarih ve 2014\/18803 say\u0131l\u0131 karar\u0131&#8230;<\/p>\n","protected":false},"author":1,"featured_media":1598,"comment_status":"open","ping_status":"open","sticky":false,"template":"","format":"standard","meta":{"jetpack_post_was_ever_published":false,"_jetpack_newsletter_access":"","_jetpack_dont_email_post_to_subs":false,"_jetpack_newsletter_tier_id":0,"_jetpack_memberships_contains_paywalled_content":false,"_jetpack_memberships_contains_paid_content":false,"footnotes":"","jetpack_publicize_message":"","jetpack_publicize_feature_enabled":true,"jetpack_social_post_already_shared":true,"jetpack_social_options":{"image_generator_settings":{"template":"highway","default_image_id":0,"font":"","enabled":false},"version":2}},"categories":[115,191,206,190,142,3,54,67,78,205],"tags":[],"class_list":["post-1596","post","type-post","status-publish","format-standard","has-post-thumbnail","hentry","category-aihm","category-anayasa-mahkemesi","category-banu-guven","category-ifade-ozgurlugu","category-kerem-altiparmak","category-sansur","category-strasbourg-mahkemesi","category-turkiye","category-yaman-akdeniz","category-yolsuzluk-yayin-yasagi"],"jetpack_publicize_connections":[],"jetpack_featured_media_url":"https:\/\/i0.wp.com\/privacy.cyber-rights.org.tr\/wp-content\/uploads\/2016\/05\/yolsuzluk.jpg?fit=510%2C330&ssl=1","jetpack_sharing_enabled":true,"jetpack_shortlink":"https:\/\/wp.me\/p7wjA8-pK","jetpack-related-posts":[],"_links":{"self":[{"href":"https:\/\/privacy.cyber-rights.org.tr\/index.php?rest_route=\/wp\/v2\/posts\/1596","targetHints":{"allow":["GET"]}}],"collection":[{"href":"https:\/\/privacy.cyber-rights.org.tr\/index.php?rest_route=\/wp\/v2\/posts"}],"about":[{"href":"https:\/\/privacy.cyber-rights.org.tr\/index.php?rest_route=\/wp\/v2\/types\/post"}],"author":[{"embeddable":true,"href":"https:\/\/privacy.cyber-rights.org.tr\/index.php?rest_route=\/wp\/v2\/users\/1"}],"replies":[{"embeddable":true,"href":"https:\/\/privacy.cyber-rights.org.tr\/index.php?rest_route=%2Fwp%2Fv2%2Fcomments&post=1596"}],"version-history":[{"count":2,"href":"https:\/\/privacy.cyber-rights.org.tr\/index.php?rest_route=\/wp\/v2\/posts\/1596\/revisions"}],"predecessor-version":[{"id":1599,"href":"https:\/\/privacy.cyber-rights.org.tr\/index.php?rest_route=\/wp\/v2\/posts\/1596\/revisions\/1599"}],"wp:featuredmedia":[{"embeddable":true,"href":"https:\/\/privacy.cyber-rights.org.tr\/index.php?rest_route=\/wp\/v2\/media\/1598"}],"wp:attachment":[{"href":"https:\/\/privacy.cyber-rights.org.tr\/index.php?rest_route=%2Fwp%2Fv2%2Fmedia&parent=1596"}],"wp:term":[{"taxonomy":"category","embeddable":true,"href":"https:\/\/privacy.cyber-rights.org.tr\/index.php?rest_route=%2Fwp%2Fv2%2Fcategories&post=1596"},{"taxonomy":"post_tag","embeddable":true,"href":"https:\/\/privacy.cyber-rights.org.tr\/index.php?rest_route=%2Fwp%2Fv2%2Ftags&post=1596"}],"curies":[{"name":"wp","href":"https:\/\/api.w.org\/{rel}","templated":true}]}}