{"id":16,"date":"2008-06-02T16:42:34","date_gmt":"2008-06-02T13:42:34","guid":{"rendered":"http:\/\/privacy.cyber-rights.org.tr\/?p=16"},"modified":"2008-06-02T16:42:36","modified_gmt":"2008-06-02T13:42:36","slug":"izleme-dinleme-fisleme-devam-ediyor-mu","status":"publish","type":"post","link":"https:\/\/privacy.cyber-rights.org.tr\/?p=16","title":{"rendered":"&#8220;\u0130zleme, dinleme, fi\u015fleme devam ediyor mu?"},"content":{"rendered":"<p><a href=\"http:\/\/www.cnnturk.com\/haber_detay.asp?haberID=465897&#038;PID=318\">&#8220;\u0130zleme, dinleme, fi\u015fleme devam ediyor mu?<\/a>: &#8220;CHP \u0130zmir Milletvekili Ahmet Ersin, \u0130\u00e7i\u015fleri Bakan\u0131 Be\u015fir Atalay&#8217;a, &#8216;Ter\u00f6r \u00f6rg\u00fctlerini takip bahanesiyle t\u00fcm vatanda\u015flar\u0131 kapsayan genel izleme, dinleme ve fi\u015fleme operasyonu halen devam ediyor mu?&#8217; diye sordu.&#8221;<\/p>\n<p>(Via <a href=\"http:\/\/www.cnnturk.com\/Servisler\/rss\/index.asp\">CNN T\u00dcRK<\/a>.)<\/p>\n","protected":false},"excerpt":{"rendered":"<p>&#8220;\u0130zleme, dinleme, fi\u015fleme devam ediyor mu?: &#8220;CHP \u0130zmir Milletvekili Ahmet Ersin, \u0130\u00e7i\u015fleri Bakan\u0131 Be\u015fir Atalay&#8217;a, &#8216;Ter\u00f6r \u00f6rg\u00fctlerini takip bahanesiyle t\u00fcm vatanda\u015flar\u0131 kapsayan genel izleme, dinleme ve fi\u015fleme operasyonu halen devam ediyor mu?&#8217; diye sordu.&#8221; (Via CNN T\u00dcRK.)<\/p>\n","protected":false},"author":1,"featured_media":0,"comment_status":"open","ping_status":"closed","sticky":false,"template":"","format":"standard","meta":{"jetpack_post_was_ever_published":false,"_jetpack_newsletter_access":"","_jetpack_dont_email_post_to_subs":false,"_jetpack_newsletter_tier_id":0,"_jetpack_memberships_contains_paywalled_content":false,"_jetpack_memberships_contains_paid_content":false,"footnotes":"","jetpack_publicize_message":"","jetpack_publicize_feature_enabled":true,"jetpack_social_post_already_shared":false,"jetpack_social_options":{"image_generator_settings":{"template":"highway","default_image_id":0,"font":"","enabled":false},"version":2}},"categories":[15,10,14],"tags":[],"class_list":["post-16","post","type-post","status-publish","format-standard","hentry","category-gizli-dinleme","category-mahremiyet","category-telekulak"],"jetpack_publicize_connections":[],"jetpack_featured_media_url":"","jetpack_sharing_enabled":true,"jetpack_shortlink":"https:\/\/wp.me\/p7wjA8-g","jetpack-related-posts":[],"_links":{"self":[{"href":"https:\/\/privacy.cyber-rights.org.tr\/index.php?rest_route=\/wp\/v2\/posts\/16","targetHints":{"allow":["GET"]}}],"collection":[{"href":"https:\/\/privacy.cyber-rights.org.tr\/index.php?rest_route=\/wp\/v2\/posts"}],"about":[{"href":"https:\/\/privacy.cyber-rights.org.tr\/index.php?rest_route=\/wp\/v2\/types\/post"}],"author":[{"embeddable":true,"href":"https:\/\/privacy.cyber-rights.org.tr\/index.php?rest_route=\/wp\/v2\/users\/1"}],"replies":[{"embeddable":true,"href":"https:\/\/privacy.cyber-rights.org.tr\/index.php?rest_route=%2Fwp%2Fv2%2Fcomments&post=16"}],"version-history":[{"count":0,"href":"https:\/\/privacy.cyber-rights.org.tr\/index.php?rest_route=\/wp\/v2\/posts\/16\/revisions"}],"wp:attachment":[{"href":"https:\/\/privacy.cyber-rights.org.tr\/index.php?rest_route=%2Fwp%2Fv2%2Fmedia&parent=16"}],"wp:term":[{"taxonomy":"category","embeddable":true,"href":"https:\/\/privacy.cyber-rights.org.tr\/index.php?rest_route=%2Fwp%2Fv2%2Fcategories&post=16"},{"taxonomy":"post_tag","embeddable":true,"href":"https:\/\/privacy.cyber-rights.org.tr\/index.php?rest_route=%2Fwp%2Fv2%2Ftags&post=16"}],"curies":[{"name":"wp","href":"https:\/\/api.w.org\/{rel}","templated":true}]}}