{"id":161,"date":"2008-10-16T12:41:23","date_gmt":"2008-10-16T09:41:23","guid":{"rendered":"http:\/\/privacy.cyber-rights.org.tr\/?p=161"},"modified":"2008-10-16T12:44:53","modified_gmt":"2008-10-16T09:44:53","slug":"bu-kanun-bir-an-once-uygulanmali","status":"publish","type":"post","link":"https:\/\/privacy.cyber-rights.org.tr\/?p=161","title":{"rendered":"Bu kanun bir an \u00f6nce uygulanmal\u0131!"},"content":{"rendered":"<p><a href=\"http:\/\/haber.vatanim.com.tr\/haberdetay.asp?Newsid=203828\">Bu kanun bir an \u00f6nce uygulanmal\u0131!<\/a>: &#8221; Bu kanun bir an \u00f6nce uygulanmal\u0131!<\/p>\n<p>Gazetelerde yay\u0131nlanan haber ya da yorumlarda \u2018ki\u015filik haklar\u0131na ayk\u0131r\u0131\u2019 bir ifade bulundu\u011funda, bu konuda \u015fikayet\u00e7i olanlar\u0131n izleyece\u011fi yol gayet a\u00e7\u0131k. Yasaya g\u00f6re, sulh ceza mahkemesine ba\u015fvurularak \u2018Cevap ve D\u00fczeltme (Tekzip)\u2019 metninin yay\u0131nlanmas\u0131 isteniyor. Mahkeme bu metni kabul etti\u011finde, gazetenin bir \u00fcst mahkemeye itiraz hakk\u0131 var. Karar kesinle\u015fti\u011finde, tebli\u011finden itibaren gazete bunu yay\u0131nl\u0131yor.Yay\u0131nlamazsa a\u011f\u0131r para cezalar\u0131 s\u00f6z konusu.<\/p>\n<p><a href=\"http:\/\/haber.vatanim.com.tr\/haberdetay.asp?Newsid=203828\"><\/p>\n<div style=\"text-align:center;\"><img data-recalc-dims=\"1\" loading=\"lazy\" decoding=\"async\" src=\"https:\/\/i0.wp.com\/cyberlaw.org.uk\/wp-content\/uploads\/2008\/10\/vatan-sansur3.jpg?resize=473%2C302\" alt=\"vatan_sansur3.jpg.jpg\" border=\"0\" width=\"473\" height=\"302\" \/><\/div>\n<p><\/a><\/p>\n<p>Hayat\u0131m\u0131za sonradan giren ve her g\u00fcn milyonlarca ki\u015finin bilgiye ula\u015fmak i\u00e7in kulland\u0131\u011f\u0131 haber portallar\u0131 ise bu konuda yeni bir yasaya kavu\u015ftu. 23 May\u0131s 2007\u2019de y\u00fcr\u00fcrl\u00fc\u011fe giren 5651 say\u0131l\u0131 \u2018\u0130nternet \u00dczerinden Yap\u0131lan Yay\u0131nlar\u0131n D\u00fczenlenmesi\u2019 ile ilgili yasa, benzer yollarla yap\u0131lan ba\u015fvuruyla, \u2019hakaret i\u00e7eren\u2019 yaz\u0131lar\u0131n \u00e7\u0131kar\u0131lmas\u0131n\u0131 ve d\u00fczeltmenin yay\u0131nlanmas\u0131n\u0131 \u00f6ng\u00f6r\u00fcyor. Ancak, Silivri\u2019de al\u0131nan son karar, bu hakk\u0131n nas\u0131l k\u00f6t\u00fcye kullan\u0131ld\u0131\u011f\u0131n\u0131 g\u00f6steriyor. \u00c7\u00fcnk\u00fc, Medeni Kanunu\u2019nun ba\u015fka bir maddesi ile Sulh Ceza Mahkemesi yerine Asliye Hukuk Hakimli\u011fi\u2019ne ba\u015fvuran Oktar\u2019\u0131n vekilleri, eski yasaya g\u00f6re karar ald\u0131r\u0131yor. \u00dcstelik, kendileriyle ilgili haber ya da yorumun \u00e7\u0131kar\u0131lmas\u0131 i\u00e7in de\u011fil g\u00fcnde 10 milyon ki\u015finin yararland\u0131\u011f\u0131 bir web sitesinin t\u00fcm\u00fcyle karart\u0131lmas\u0131 i\u00e7in bu yol se\u00e7iliyor. Adalet Bakanl\u0131\u011f\u0131, hakimlere verdi\u011fi e\u011fitimlerde bu konuya \u00f6zellikle dikkat \u00e7ekerken, uygulaman\u0131n \u0131srarla s\u00fcrd\u00fcr\u00fclmesi ileti\u015fim \u00f6zg\u00fcrl\u00fc\u011f\u00fcne b\u00fcy\u00fck darbeler vuruyor.&#8221;<\/p>\n<p>(Via <a href=\"\"><\/a>.)<\/p>\n","protected":false},"excerpt":{"rendered":"<p>Bu kanun bir an \u00f6nce uygulanmal\u0131!: &#8221; Bu kanun bir an \u00f6nce uygulanmal\u0131! Gazetelerde yay\u0131nlanan haber ya da yorumlarda \u2018ki\u015filik haklar\u0131na ayk\u0131r\u0131\u2019 bir ifade bulundu\u011funda, bu konuda \u015fikayet\u00e7i olanlar\u0131n izleyece\u011fi yol gayet a\u00e7\u0131k. Yasaya g\u00f6re, sulh ceza mahkemesine ba\u015fvurularak \u2018Cevap ve D\u00fczeltme (Tekzip)\u2019 metninin yay\u0131nlanmas\u0131 isteniyor. Mahkeme bu metni kabul etti\u011finde, gazetenin bir \u00fcst mahkemeye itiraz hakk\u0131 var. Karar kesinle\u015fti\u011finde,&#8230;<\/p>\n","protected":false},"author":1,"featured_media":0,"comment_status":"open","ping_status":"closed","sticky":false,"template":"","format":"standard","meta":{"jetpack_post_was_ever_published":false,"_jetpack_newsletter_access":"","_jetpack_dont_email_post_to_subs":false,"_jetpack_newsletter_tier_id":0,"_jetpack_memberships_contains_paywalled_content":false,"_jetpack_memberships_contains_paid_content":false,"footnotes":"","jetpack_publicize_message":"","jetpack_publicize_feature_enabled":true,"jetpack_social_post_already_shared":false,"jetpack_social_options":{"image_generator_settings":{"template":"highway","default_image_id":0,"font":"","enabled":false},"version":2}},"categories":[22,34,5,21,3],"tags":[],"class_list":["post-161","post","type-post","status-publish","format-standard","hentry","category-5651-nolu-kanun","category-adnan-hoca","category-dusunce-ozgurlugu","category-erisim-engelleme","category-sansur"],"jetpack_publicize_connections":[],"jetpack_featured_media_url":"","jetpack_sharing_enabled":true,"jetpack_shortlink":"https:\/\/wp.me\/p7wjA8-2B","jetpack-related-posts":[],"_links":{"self":[{"href":"https:\/\/privacy.cyber-rights.org.tr\/index.php?rest_route=\/wp\/v2\/posts\/161","targetHints":{"allow":["GET"]}}],"collection":[{"href":"https:\/\/privacy.cyber-rights.org.tr\/index.php?rest_route=\/wp\/v2\/posts"}],"about":[{"href":"https:\/\/privacy.cyber-rights.org.tr\/index.php?rest_route=\/wp\/v2\/types\/post"}],"author":[{"embeddable":true,"href":"https:\/\/privacy.cyber-rights.org.tr\/index.php?rest_route=\/wp\/v2\/users\/1"}],"replies":[{"embeddable":true,"href":"https:\/\/privacy.cyber-rights.org.tr\/index.php?rest_route=%2Fwp%2Fv2%2Fcomments&post=161"}],"version-history":[{"count":0,"href":"https:\/\/privacy.cyber-rights.org.tr\/index.php?rest_route=\/wp\/v2\/posts\/161\/revisions"}],"wp:attachment":[{"href":"https:\/\/privacy.cyber-rights.org.tr\/index.php?rest_route=%2Fwp%2Fv2%2Fmedia&parent=161"}],"wp:term":[{"taxonomy":"category","embeddable":true,"href":"https:\/\/privacy.cyber-rights.org.tr\/index.php?rest_route=%2Fwp%2Fv2%2Fcategories&post=161"},{"taxonomy":"post_tag","embeddable":true,"href":"https:\/\/privacy.cyber-rights.org.tr\/index.php?rest_route=%2Fwp%2Fv2%2Ftags&post=161"}],"curies":[{"name":"wp","href":"https:\/\/api.w.org\/{rel}","templated":true}]}}