{"id":162,"date":"2008-10-16T12:44:24","date_gmt":"2008-10-16T09:44:24","guid":{"rendered":"http:\/\/privacy.cyber-rights.org.tr\/?p=162"},"modified":"2008-10-16T12:44:26","modified_gmt":"2008-10-16T09:44:26","slug":"vatan-haber-degil-okur-yorumu-yuzunden-engellendik","status":"publish","type":"post","link":"https:\/\/privacy.cyber-rights.org.tr\/?p=162","title":{"rendered":"Vatan: Haber de\u011fil okur yorumu y\u00fcz\u00fcnden engellendik"},"content":{"rendered":"<p><a href=\"http:\/\/haber.vatanim.com.tr\/haberdetay.asp?Newsid=203827\">Haber de\u011fil okur yorumu y\u00fcz\u00fcnden engellendik<\/a>: &#8221; Haber de\u011fil okur yorumu y\u00fcz\u00fcnden engellendik<\/p>\n<p><a href=\"http:\/\/haber.vatanim.com.tr\/haberdetay.asp?Newsid=203827\"><\/p>\n<div style=\"text-align:center;\"><img data-recalc-dims=\"1\" loading=\"lazy\" decoding=\"async\" src=\"https:\/\/i0.wp.com\/cyberlaw.org.uk\/wp-content\/uploads\/2008\/10\/vatan-sansur3.jpg?resize=473%2C302\" alt=\"vatan_sansur3.jpg.jpg\" border=\"0\" width=\"473\" height=\"302\" \/><\/div>\n<p><\/a><\/p>\n<p>S\u0130L\u0130VR\u0130 1. Asliye Hukuk Mahkemesi eri\u015fimin engellenmesi karar\u0131n\u0131, Adnan Oktar\u2019a ili\u015fkin \u2018gazetevatan.com\u2019 sitesinde bug\u00fcne kadar yer alan okuyucu yorumlar\u0131 nedeniyle verdi. Adnan Oktar\u2019\u0131n avukatlar\u0131 taraf\u0131ndan mahkemeye sunulan dilek\u00e7ede, gazetevatan.com sitesinde yay\u0131nlanan herhangi bir haber i\u00e7eri\u011finden s\u00f6z edilmiyor. Sitede yay\u0131nlanan herhangi bir haberde Oktar\u2019\u0131n ki\u015filik haklar\u0131na hakaret yok. Oktar\u2019\u0131n avukatlar\u0131 sitedeki haberi okuyarak yorum yapmak isteyen vatanda\u015flar\u0131n ifadelerini, sanki gazetevatan.com sitesinin yay\u0131n\u0131 gibi g\u00f6stererek t\u00fcm sitenin yasaklanmas\u0131 istedi. Silivri 1. Asliye Hukuk Mahkemesi ise, bu yay\u0131nlar\u0131n sitenin yay\u0131n\u0131 m\u0131 yoksa okur yorumu mu oldu\u011funu incelemeden siteye eri\u015fim yasa\u011f\u0131 koydu. 8 Ekim 2008\u2019de verilen karar d\u00fcn uygulamaya ge\u00e7irildi.&#8221;<\/p>\n","protected":false},"excerpt":{"rendered":"<p>Haber de\u011fil okur yorumu y\u00fcz\u00fcnden engellendik: &#8221; Haber de\u011fil okur yorumu y\u00fcz\u00fcnden engellendik S\u0130L\u0130VR\u0130 1. Asliye Hukuk Mahkemesi eri\u015fimin engellenmesi karar\u0131n\u0131, Adnan Oktar\u2019a ili\u015fkin \u2018gazetevatan.com\u2019 sitesinde bug\u00fcne kadar yer alan okuyucu yorumlar\u0131 nedeniyle verdi. Adnan Oktar\u2019\u0131n avukatlar\u0131 taraf\u0131ndan mahkemeye sunulan dilek\u00e7ede, gazetevatan.com sitesinde yay\u0131nlanan herhangi bir haber i\u00e7eri\u011finden s\u00f6z edilmiyor. Sitede yay\u0131nlanan herhangi bir haberde Oktar\u2019\u0131n ki\u015filik haklar\u0131na hakaret yok&#8230;.<\/p>\n","protected":false},"author":1,"featured_media":0,"comment_status":"open","ping_status":"closed","sticky":false,"template":"","format":"standard","meta":{"jetpack_post_was_ever_published":false,"_jetpack_newsletter_access":"","_jetpack_dont_email_post_to_subs":false,"_jetpack_newsletter_tier_id":0,"_jetpack_memberships_contains_paywalled_content":false,"_jetpack_memberships_contains_paid_content":false,"footnotes":"","jetpack_publicize_message":"","jetpack_publicize_feature_enabled":true,"jetpack_social_post_already_shared":false,"jetpack_social_options":{"image_generator_settings":{"template":"highway","default_image_id":0,"font":"","enabled":false},"version":2}},"categories":[22,34,21,28,3],"tags":[],"class_list":["post-162","post","type-post","status-publish","format-standard","hentry","category-5651-nolu-kanun","category-adnan-hoca","category-erisim-engelleme","category-hakaret","category-sansur"],"jetpack_publicize_connections":[],"jetpack_featured_media_url":"","jetpack_sharing_enabled":true,"jetpack_shortlink":"https:\/\/wp.me\/p7wjA8-2C","jetpack-related-posts":[],"_links":{"self":[{"href":"https:\/\/privacy.cyber-rights.org.tr\/index.php?rest_route=\/wp\/v2\/posts\/162","targetHints":{"allow":["GET"]}}],"collection":[{"href":"https:\/\/privacy.cyber-rights.org.tr\/index.php?rest_route=\/wp\/v2\/posts"}],"about":[{"href":"https:\/\/privacy.cyber-rights.org.tr\/index.php?rest_route=\/wp\/v2\/types\/post"}],"author":[{"embeddable":true,"href":"https:\/\/privacy.cyber-rights.org.tr\/index.php?rest_route=\/wp\/v2\/users\/1"}],"replies":[{"embeddable":true,"href":"https:\/\/privacy.cyber-rights.org.tr\/index.php?rest_route=%2Fwp%2Fv2%2Fcomments&post=162"}],"version-history":[{"count":0,"href":"https:\/\/privacy.cyber-rights.org.tr\/index.php?rest_route=\/wp\/v2\/posts\/162\/revisions"}],"wp:attachment":[{"href":"https:\/\/privacy.cyber-rights.org.tr\/index.php?rest_route=%2Fwp%2Fv2%2Fmedia&parent=162"}],"wp:term":[{"taxonomy":"category","embeddable":true,"href":"https:\/\/privacy.cyber-rights.org.tr\/index.php?rest_route=%2Fwp%2Fv2%2Fcategories&post=162"},{"taxonomy":"post_tag","embeddable":true,"href":"https:\/\/privacy.cyber-rights.org.tr\/index.php?rest_route=%2Fwp%2Fv2%2Ftags&post=162"}],"curies":[{"name":"wp","href":"https:\/\/api.w.org\/{rel}","templated":true}]}}