{"id":163,"date":"2008-10-16T19:05:49","date_gmt":"2008-10-16T16:05:49","guid":{"rendered":"http:\/\/privacy.cyber-rights.org.tr\/?p=163"},"modified":"2008-10-16T19:05:52","modified_gmt":"2008-10-16T16:05:52","slug":"adnan-oktar-adalet-dagitiyor-bugun-sira-gazetevatancomun","status":"publish","type":"post","link":"https:\/\/privacy.cyber-rights.org.tr\/?p=163","title":{"rendered":"Adnan Oktar Adalet Da\u011f\u0131t\u0131yor: Bug\u00fcn S\u0131ra gazetevatan.com&#8217;un"},"content":{"rendered":"<p><a href=\"http:\/\/ww.bianet.org\/bianet\/kategori\/bianet\/110257\/adnan-oktar-adalet-dagitiyor-bugun-sira-gazetevatan-comun?from=rss\">Adnan Oktar Adalet Da\u011f\u0131t\u0131yor: Bug\u00fcn S\u0131ra gazetevatan.com&#8217;un<\/a>: &#8220;Vatan gazetesinin \u0130nternet sitesinde kendisiyle ilgili yay\u0131mlanan okur yorumlar\u0131n\u0131 Silivri 1. Asliye Mahkemesi&#8217;ne \u015fikayet eden Adnan Oktar gazetevatan.com&#8217;u ge\u00e7ici bir s\u00fcreli\u011fine eri\u015fime kapatt\u0131rd\u0131. gazetevatan.com Oktar&#8217;\u0131n eri\u015fime kapatt\u0131rd\u0131\u011f\u0131 61. site.&#8221;<\/p>\n<p>(Via <a href=\"http:\/\/www.bianet.org\">Son Bianet Haberleri<\/a>.)<\/p>\n<p><!--more--><br \/>\n&#8220;Bu siteye eri\u015fim mahkeme karar\u0131 ile engellenmi\u015ftir.\u201d<\/p>\n<p>D\u00fcn Gazete Vatan\u2019\u0131n \u0130nternet sitesine girenler bu uyar\u0131yla kar\u015f\u0131la\u015ft\u0131lar. Site, kamuoyunda &#8220;Adnan Hoca&#8221; olarak tan\u0131nan &#8220;Harun Yahya&#8221; mahlasl\u0131 Adnan Oktar\u2019\u0131n \u015fikayeti \u00fczerine Silivri 1. Asliye Hukuk Mahkemesi taraf\u0131ndan ge\u00e7ici bir s\u00fcreyle kapat\u0131ld\u0131.<\/p>\n<p>Mahkeme, siteye eri\u015fimin engellenme karar\u0131n\u0131 sitede Oktar\u2019la ilgili yay\u0131mlanan okur yorumlar\u0131 nedeniyle verdi. Oktar\u2019\u0131n avukatlar\u0131 taraf\u0131ndan mahkemeye sunulan dilek\u00e7ede, gazetevatan.com sitesinde yay\u0131nlanan herhangi bir haber i\u00e7eri\u011finden s\u00f6z edilmiyor.<\/p>\n<p>gazetevatan.com\u2019dan konuyla ilgili yap\u0131lan a\u00e7\u0131klamada \u015f\u00f6yle denildi: <\/p>\n<p>    \u201cBu engelin nedeni kamuoyunda &#8216;Adnan Hoca&#8217; olarak bilinen Adnan Oktar&#8217;\u0131n, &#8216;cemaati&#8217; hakk\u0131nda sitemizde yay\u0131nlanan haberler \u00fczerine ald\u0131rd\u0131\u011f\u0131 bir mahkeme karar\u0131d\u0131r. Konuya ili\u015fkin hukuki m\u00fccadelemiz s\u00fcr\u00fcyor.\u201d<\/p>\n<p>Oktar 61 sitenin eri\u015fimini engelletti<br \/>\ngazetevatan.com Oktar taraf\u0131ndan eri\u015fimi engellenene ilk site de\u011fil. Oktar&#8217;\u0131n \u015fikayetlerini de\u011ferlendiren mahkemeler, Nisan 2007&#8217;den bu yana eksisozluk.com, superpoligon.com ve wordpress.com sitelerine de yasak getirmi\u015fti.<\/p>\n<p>\u015ei\u015fli 2. Asliye Hukuk Mahkemesi, ayn\u0131 gerek\u00e7eyle evrimci yazar Prof. Richard Dawkins&#8217;in richarddawkins.net adresli sitesini de tedbiren eri\u015fime kapatm\u0131\u015ft\u0131.<\/p>\n<p>Ayr\u0131ca 18 Eyl\u00fcl&#8217;de de Gebze 1. Asliye Hukuk Mahkemesi, 4 Eyl\u00fcl 1990&#8217;da u\u011frad\u0131\u011f\u0131 bir silahl\u0131 sald\u0131r\u0131 sonucu ya\u015fam\u0131n\u0131 yitiren yazar Turhan Dursun ad\u0131na a\u00e7\u0131lan turandursun.com sitesine de yasak koydu. Ancak karar\u0131n kimin giri\u015fimiyle al\u0131nd\u0131\u011f\u0131 bilinmiyor.<br \/>\nSon bir y\u0131lda 1112 site engellendi<\/p>\n<p>youtube.com, dailymotion.com, eksisozluk.com, googlegroups.com, egitimsen.org.tr, geocities.com, wordpress.com, turandursun.com, devrimciler.org ve di\u011ferleri.<\/p>\n<p>T\u00fcrkiye\u2019de son bir y\u0131lda \u00e7e\u015fitli nedenlerle 1112 site eri\u015fime engellendi. Bu sitelerden 861\u2019i res\u2019en (\u015fik\u00e2yet olmadan Telekom\u00fcnikasyon Kurumu karar\u0131yla) 251\u2019i yarg\u0131 karar\u0131yla sans\u00fcrlenen sitelerin gerek\u00e7eleri \u00e7e\u015fitlilik g\u00f6steriyor. Bunlardan 415\u2019i \u2018\u00c7ocuklar\u0131n cinsel istismar\u0131\u2019, 390\u2019\u0131 \u2018M\u00fcstehcenlik\u2019, 79\u2019u \u2018Kumar oynanmas\u0131 i\u00e7in yer ve imk\u00e2n sa\u011flama\u2019, 51\u2019i \u2018Atat\u00fcrk aleyhine i\u015flenen su\u00e7lar\u2019, 25\u2019i \u2018bahis ve kumar\u2019, 12\u2019si ise \u2018Fuhu\u015f\u2019 gerek\u00e7esiyle eri\u015fime engellendi.<\/p>\n<p>May\u0131s 2007&#8217;de ortak bir bildiri yay\u0131mlayan T\u00fcrkiye&#8217;deki bili\u015fim konusunda uzmanla\u015fm\u0131\u015f 20 sivil toplum kurulu\u015fu, 4 May\u0131s 2007&#8217;de kabul edilen 5651 Say\u0131l\u0131 Yasan\u0131n ifade \u00f6zg\u00fcrl\u00fc\u011f\u00fc anlam\u0131nda \u00e7ok\u00e7a sak\u0131nca i\u00e7erdi\u011fini, yasan\u0131n b\u00fcrokratik bir yap\u0131ya yarg\u0131s\u0131z sans\u00fcr yetkisi verdi\u011fini duyurmu\u015flard\u0131.<\/p>\n<p>Bilgisayar Yaz\u0131l\u0131m Meslek Birli\u011fi (B\u0130YESAM), Bili\u015fim Muhabirleri Derne\u011fi (BMD), Linux Kullan\u0131c\u0131lar\u0131 Derne\u011fi (LKD), T\u00fcrkiye Bili\u015fim Vakf\u0131 (TBV) ve T\u00fcbider Bili\u015fim Sekt\u00f6r\u00fc Derne\u011fi&#8217;nin (T\u00dcB\u0130DER) de imzas\u0131n\u0131 ta\u015f\u0131yan ortak bildiride, ifade \u00f6zg\u00fcrl\u00fc\u011f\u00fcn\u00fc korumas\u0131n\u0131 istediler; b\u00fcrokratik bir yap\u0131ya yarg\u0131s\u0131z sans\u00fcr yetkisi verdi\u011fini a\u00e7\u0131klad\u0131lar.(B\u00c7) <\/p>\n","protected":false},"excerpt":{"rendered":"<p>Adnan Oktar Adalet Da\u011f\u0131t\u0131yor: Bug\u00fcn S\u0131ra gazetevatan.com&#8217;un: &#8220;Vatan gazetesinin \u0130nternet sitesinde kendisiyle ilgili yay\u0131mlanan okur yorumlar\u0131n\u0131 Silivri 1. Asliye Mahkemesi&#8217;ne \u015fikayet eden Adnan Oktar gazetevatan.com&#8217;u ge\u00e7ici bir s\u00fcreli\u011fine eri\u015fime kapatt\u0131rd\u0131. gazetevatan.com Oktar&#8217;\u0131n eri\u015fime kapatt\u0131rd\u0131\u011f\u0131 61. site.&#8221; (Via Son Bianet Haberleri.)<\/p>\n","protected":false},"author":1,"featured_media":0,"comment_status":"open","ping_status":"closed","sticky":false,"template":"","format":"standard","meta":{"jetpack_post_was_ever_published":false,"_jetpack_newsletter_access":"","_jetpack_dont_email_post_to_subs":false,"_jetpack_newsletter_tier_id":0,"_jetpack_memberships_contains_paywalled_content":false,"_jetpack_memberships_contains_paid_content":false,"footnotes":"","jetpack_publicize_message":"","jetpack_publicize_feature_enabled":true,"jetpack_social_post_already_shared":false,"jetpack_social_options":{"image_generator_settings":{"template":"highway","default_image_id":0,"font":"","enabled":false},"version":2}},"categories":[34,5,21,28],"tags":[],"class_list":["post-163","post","type-post","status-publish","format-standard","hentry","category-adnan-hoca","category-dusunce-ozgurlugu","category-erisim-engelleme","category-hakaret"],"jetpack_publicize_connections":[],"jetpack_featured_media_url":"","jetpack_sharing_enabled":true,"jetpack_shortlink":"https:\/\/wp.me\/p7wjA8-2D","jetpack-related-posts":[],"_links":{"self":[{"href":"https:\/\/privacy.cyber-rights.org.tr\/index.php?rest_route=\/wp\/v2\/posts\/163","targetHints":{"allow":["GET"]}}],"collection":[{"href":"https:\/\/privacy.cyber-rights.org.tr\/index.php?rest_route=\/wp\/v2\/posts"}],"about":[{"href":"https:\/\/privacy.cyber-rights.org.tr\/index.php?rest_route=\/wp\/v2\/types\/post"}],"author":[{"embeddable":true,"href":"https:\/\/privacy.cyber-rights.org.tr\/index.php?rest_route=\/wp\/v2\/users\/1"}],"replies":[{"embeddable":true,"href":"https:\/\/privacy.cyber-rights.org.tr\/index.php?rest_route=%2Fwp%2Fv2%2Fcomments&post=163"}],"version-history":[{"count":0,"href":"https:\/\/privacy.cyber-rights.org.tr\/index.php?rest_route=\/wp\/v2\/posts\/163\/revisions"}],"wp:attachment":[{"href":"https:\/\/privacy.cyber-rights.org.tr\/index.php?rest_route=%2Fwp%2Fv2%2Fmedia&parent=163"}],"wp:term":[{"taxonomy":"category","embeddable":true,"href":"https:\/\/privacy.cyber-rights.org.tr\/index.php?rest_route=%2Fwp%2Fv2%2Fcategories&post=163"},{"taxonomy":"post_tag","embeddable":true,"href":"https:\/\/privacy.cyber-rights.org.tr\/index.php?rest_route=%2Fwp%2Fv2%2Ftags&post=163"}],"curies":[{"name":"wp","href":"https:\/\/api.w.org\/{rel}","templated":true}]}}