{"id":1630,"date":"2016-07-08T15:02:17","date_gmt":"2016-07-08T12:02:17","guid":{"rendered":"http:\/\/privacy.cyber-rights.org.tr\/?p=1630"},"modified":"2016-07-08T15:02:17","modified_gmt":"2016-07-08T12:02:17","slug":"baris-icin-akademisyenler-yok-yuksek-disiplin-kurulu-danistay-8-daire-karari-ile-yetkisiz-kalmistir","status":"publish","type":"post","link":"https:\/\/privacy.cyber-rights.org.tr\/?p=1630","title":{"rendered":"Bar\u0131\u015f i\u00e7in Akademisyenler: Y\u00d6K Y\u00fcksek Disiplin Kurulu Dan\u0131\u015ftay 8. Daire Karar\u0131 ile Yetkisiz Kalm\u0131\u015ft\u0131r"},"content":{"rendered":"<p>Bilindi\u011fi gibi Y\u00fcksek\u00f6\u011fretim Kurulu Y\u00fcksek Disiplin Kurulu, Bar\u0131\u015f \u0130\u00e7in Akademisyenler metnine imza atan farkl\u0131 \u00fcniversitelerden 35 \u00f6\u011fretim \u00fcyesinin \u201ckamu g\u00f6revinden \u00e7\u0131kar\u0131lmas\u0131\u201dna ili\u015fkin talepleri 20 Temmuz 2016 tarihinde karara ba\u011flayacak. Hemen bu karar \u00f6ncesinde, Dan\u0131\u015ftay 8. Dairesi 09.03.2016 tarih ve E. 2016\/1221 say\u0131l\u0131 kararla Y\u00fcksek\u00f6\u011fretim Genel Kurulu\u2019nun 12.11.2015 g\u00fcn ve 2015.14.486 say\u0131l\u0131 karar\u0131n\u0131n y\u00fcr\u00fctmesini durdurdu\u011fu i\u00e7in <strong>Y\u00fcksek Disiplin Kurulu\u2019nun bu alanda bir yetkisi kalmam\u0131\u015f olup<\/strong>, alabilece\u011fi tek karar <strong>yetkisinin bulunmad\u0131\u011f\u0131 gerek\u00e7esiyle kamu g\u00f6revinden \u00e7\u0131karma taleplerinin reddedilmesi olmal\u0131d\u0131r<\/strong>.<\/p>\n<p>\u0130\u015fin aciliyetine binaen <a href=\"http:\/\/cyber-rights.org.tr\/docs\/Disiplin_Gorus_3_KAYA.pdf\">ekli hukuki g\u00f6r\u00fc\u015f\u00fcn haz\u0131rlanmas\u0131 ve kamuoyunun bilgisine sunulmas\u0131<\/a> zorunlu hale gelmi\u015ftir.<\/p>\n<p><strong>Kerem Alt\u0131parmak &amp; Yaman Akdeniz<\/strong><\/p>\n<p><strong>8 Temmuz 2016<\/strong><\/p>\n<p><strong>PDF Rapor<\/strong>: <a href=\"http:\/\/cyber-rights.org.tr\/docs\/Disiplin_Gorus_3_KAYA.pdf\">http:\/\/cyber-rights.org.tr\/docs\/Disiplin_Gorus_3_KAYA.pdf <\/a><\/p>\n<p><strong>Dan\u0131\u015ftay 8. Daire karar\u0131<\/strong>: <a href=\"http:\/\/cyber-rights.org.tr\/docs\/Danistay_8_karari.pdf\">http:\/\/cyber-rights.org.tr\/docs\/Danistay_8_karari.pdf<\/a><\/p>\n","protected":false},"excerpt":{"rendered":"<p>Bilindi\u011fi gibi Y\u00fcksek\u00f6\u011fretim Kurulu Y\u00fcksek Disiplin Kurulu, Bar\u0131\u015f \u0130\u00e7in Akademisyenler metnine imza atan farkl\u0131 \u00fcniversitelerden 35 \u00f6\u011fretim \u00fcyesinin \u201ckamu g\u00f6revinden \u00e7\u0131kar\u0131lmas\u0131\u201dna ili\u015fkin talepleri 20 Temmuz 2016 tarihinde karara ba\u011flayacak. Hemen bu karar \u00f6ncesinde, Dan\u0131\u015ftay 8. Dairesi 09.03.2016 tarih ve E. 2016\/1221 say\u0131l\u0131 kararla Y\u00fcksek\u00f6\u011fretim Genel Kurulu\u2019nun 12.11.2015 g\u00fcn ve 2015.14.486 say\u0131l\u0131 karar\u0131n\u0131n y\u00fcr\u00fctmesini durdurdu\u011fu i\u00e7in Y\u00fcksek Disiplin Kurulu\u2019nun bu alanda&#8230;<\/p>\n","protected":false},"author":1,"featured_media":1631,"comment_status":"open","ping_status":"open","sticky":false,"template":"","format":"standard","meta":{"jetpack_post_was_ever_published":false,"_jetpack_newsletter_access":"","_jetpack_dont_email_post_to_subs":false,"_jetpack_newsletter_tier_id":0,"_jetpack_memberships_contains_paywalled_content":false,"_jetpack_memberships_contains_paid_content":false,"footnotes":"","jetpack_publicize_message":"","jetpack_publicize_feature_enabled":true,"jetpack_social_post_already_shared":true,"jetpack_social_options":{"image_generator_settings":{"template":"highway","default_image_id":0,"font":"","enabled":false},"version":2}},"categories":[211,142,78],"tags":[],"class_list":["post-1630","post","type-post","status-publish","format-standard","has-post-thumbnail","hentry","category-baris-icin-akademisyenler","category-kerem-altiparmak","category-yaman-akdeniz"],"jetpack_publicize_connections":[],"jetpack_featured_media_url":"https:\/\/i0.wp.com\/privacy.cyber-rights.org.tr\/wp-content\/uploads\/2016\/07\/BAK.png?fit=1300%2C652&ssl=1","jetpack_sharing_enabled":true,"jetpack_shortlink":"https:\/\/wp.me\/p7wjA8-qi","jetpack-related-posts":[],"_links":{"self":[{"href":"https:\/\/privacy.cyber-rights.org.tr\/index.php?rest_route=\/wp\/v2\/posts\/1630","targetHints":{"allow":["GET"]}}],"collection":[{"href":"https:\/\/privacy.cyber-rights.org.tr\/index.php?rest_route=\/wp\/v2\/posts"}],"about":[{"href":"https:\/\/privacy.cyber-rights.org.tr\/index.php?rest_route=\/wp\/v2\/types\/post"}],"author":[{"embeddable":true,"href":"https:\/\/privacy.cyber-rights.org.tr\/index.php?rest_route=\/wp\/v2\/users\/1"}],"replies":[{"embeddable":true,"href":"https:\/\/privacy.cyber-rights.org.tr\/index.php?rest_route=%2Fwp%2Fv2%2Fcomments&post=1630"}],"version-history":[{"count":1,"href":"https:\/\/privacy.cyber-rights.org.tr\/index.php?rest_route=\/wp\/v2\/posts\/1630\/revisions"}],"predecessor-version":[{"id":1632,"href":"https:\/\/privacy.cyber-rights.org.tr\/index.php?rest_route=\/wp\/v2\/posts\/1630\/revisions\/1632"}],"wp:featuredmedia":[{"embeddable":true,"href":"https:\/\/privacy.cyber-rights.org.tr\/index.php?rest_route=\/wp\/v2\/media\/1631"}],"wp:attachment":[{"href":"https:\/\/privacy.cyber-rights.org.tr\/index.php?rest_route=%2Fwp%2Fv2%2Fmedia&parent=1630"}],"wp:term":[{"taxonomy":"category","embeddable":true,"href":"https:\/\/privacy.cyber-rights.org.tr\/index.php?rest_route=%2Fwp%2Fv2%2Fcategories&post=1630"},{"taxonomy":"post_tag","embeddable":true,"href":"https:\/\/privacy.cyber-rights.org.tr\/index.php?rest_route=%2Fwp%2Fv2%2Ftags&post=1630"}],"curies":[{"name":"wp","href":"https:\/\/api.w.org\/{rel}","templated":true}]}}