{"id":164,"date":"2008-10-16T19:12:34","date_gmt":"2008-10-16T16:12:34","guid":{"rendered":"http:\/\/privacy.cyber-rights.org.tr\/?p=164"},"modified":"2008-10-16T19:12:36","modified_gmt":"2008-10-16T16:12:36","slug":"telekulak-raporu-kabul-edildi-mynet-haber","status":"publish","type":"post","link":"https:\/\/privacy.cyber-rights.org.tr\/?p=164","title":{"rendered":"Telekulak raporu kabul edildi &#8211; Mynet Haber"},"content":{"rendered":"<p><a href=\"http:\/\/haber.mynet.com\/detay\/flash\/Telekulak-raporu-kabul-edildi\/16Ekim2008\/N180731\">Telekulak raporu kabul edildi &#8211; Mynet Haber<\/a>: &#8220;Telekulak raporu kabul edildi<br \/>\nANKARA (ANKA) -Meclis \u0130nsan Haklar\u0131n\u0131 \u0130nceleme Komisyonu&#8217;nda, Telekulak alt komisyonunun raporu CHP ve MHP&#8217;nin muhalefet \u015ferhiyle kabul edildi.<\/p>\n<p>Komisyonun MHP&#8217;li \u00fcyesi Mehmet Ekici ve CHP&#8217;li \u00fcyesi Ahmet Ersin, muhalefet \u015ferhlerinde, alt komisyon raporunda yer alan toplumdaki yayg\u0131n dinlenme kanaatinin \u2018magazinsel&#8217; nedenlere dayand\u0131r\u0131labilece\u011fine y\u00f6nelik ifadelere itiraz ederek bu ifadenin rapordan \u00e7\u0131kar\u0131lmas\u0131n\u0131 istediler. Meclis \u0130nsan Haklar\u0131n\u0131 \u0130nceleme Komisyonu, kamuoyunda Telekulak alt komisyonu olarak bilinen \u2018\u0130leti\u015fimin tespiti, dinlenmesi, kayda al\u0131nmas\u0131 ve haberle\u015fme \u00f6zg\u00fcrl\u00fc\u011f\u00fcn\u00fcn ihlali iddialar\u0131&#8217;n\u0131 ara\u015ft\u0131rmak \u00fczere kurulan alt komisyonun raporunu g\u00f6r\u00fc\u015ft\u00fc.<\/p>\n<p>Komisyonda CHP ve MHP&#8217;li \u00fcyeler rapora itiraz ederken raporda yer alan \u2018Toplumumuzda ki\u015filerin yasad\u0131\u015f\u0131 dinlendi\u011fine dair yayg\u0131n bir kanaat bulunmaktad\u0131r. Bu durum sadece \u00fcst d\u00fczey b\u00fcrokrat ve siyaset\u00e7ilerin dinlenmesine y\u00f6nelik de\u011fil, normal vatanda\u015flar\u0131n bile dinlendi\u011fine dair yayg\u0131n bir kanaattir. B\u00f6yle bir dinleme ne teknik a\u00e7\u0131dan ne de ekonomik a\u00e7\u0131dan m\u00fcmk\u00fcn de\u011fildir. Buna ra\u011fmen bu \u015fekilde bir g\u00f6r\u00fc\u015f\u00fcn yayg\u0131n olarak kabul g\u00f6rm\u00fc\u015f olmas\u0131 magazinsel nedenlere dayand\u0131r\u0131labilir.\u2019 \u0130fadelerinin de \u00e7\u0131kart\u0131lmas\u0131n\u0131 istediler.<\/p>\n<p>Komisyonda, muhalefetin raporda redaksiyon talebi kabul g\u00f6rmedi. Toplant\u0131da CHP \u0130zmir Milletvekili Ahmet Ersin alt komisyon raporunu, \u2018apar topar haz\u0131rland\u0131, rapor alt komisyona iade edilmeli. \u00c7al\u0131\u015fmalar s\u00fcrd\u00fcr\u00fclmeli\u2019 s\u00f6zleriyle ele\u015ftirildi. Komisyon Ba\u015fkan\u0131 Zafer \u00dcsk\u00fcl ise toplant\u0131n\u0131n ard\u0131ndan yapt\u0131\u011f\u0131 a\u00e7\u0131klamada, Telekulak alt komisyonu raporunun 2 \u00fcyenin kar\u015f\u0131 oy yaz\u0131lar\u0131yla kabul edildi\u011fini bildirdi.<\/p>\n<p>-MHP: &#8216;ESK\u0130YE D\u00d6N\u00dcLMEL\u0130&#8217;-<\/p>\n<p>Komisyonun MHP&#8217;li \u00fcyesi Mehmet Ekici, muhalefet \u015ferhinde, daha \u00f6nce y\u00fcr\u00fcrl\u00fckte bulunan sistemde su\u00e7lar\u0131n takibi a\u00e7\u0131s\u0131ndan gerekli olan hallerde M\u0130T, Emniyet veya Jandarma gibi kolluk makamlar\u0131n\u0131n kendi teknik imkan ve vas\u0131talar\u0131 ile dinleme yapabilme yetkisinin kald\u0131r\u0131ld\u0131\u011f\u0131 ve yetkinin \u2018Tekel&#8217; olarak sadece Ula\u015ft\u0131rma Bakanl\u0131\u011f\u0131&#8217;na ba\u011fl\u0131 Telekom\u00fcnikasyon \u0130leti\u015fim Ba\u015fkanl\u0131\u011f\u0131&#8217;na verildi\u011fini hat\u0131rlatt\u0131. Muhalefet \u015ferhinde, \u2018devletin kurumsall\u0131\u011f\u0131n\u0131n ortadan kalkmas\u0131na, iktidarlar\u0131n siyasal y\u00f6nlendirmesine a\u00e7\u0131k bir kurum haline gelmesine, yetkilerini siyasi ya da ki\u015fisel ama\u00e7larla kullanmalar\u0131n\u0131 engelleyecek bir mekanizman\u0131n olmamas\u0131, Ula\u015ft\u0131rma Bakanl\u0131\u011f\u0131 veya Ba\u015fbakanl\u0131k denetimine tabi olmas\u0131na ra\u011fmen Telekom\u00fcnikasyon \u0130leti\u015fim Ba\u015fkanl\u0131\u011f\u0131&#8217;n\u0131n denetlendi\u011fine dair \u015f\u00fcphelerin bulundu\u011fu&#8217;na dikkat \u00e7ekilerek, \u2018t\u00fcm bu belirtilen sak\u0131ncalar nedeniyle ve \u00f6zellikle de devlet kurumsall\u0131\u011f\u0131 kald\u0131r\u0131larak siyasi parti sultas\u0131na yol a\u00e7makta oldu\u011fu a\u00e7\u0131k olmas\u0131 nedeniyle \u00f6zel hayat\u0131n gizlili\u011fine m\u00fcdahale ile ilgili hukuksal sistem a\u00e7\u0131s\u0131ndan acilen Telekom\u00fcnikasyon \u0130leti\u015fim Ba\u015fkanl\u0131\u011f\u0131 uygulamas\u0131na son verilmeli, g\u00fcvenlikle ilgili her kurumun kendi teknik sistemine sahip oldu\u011fu eski y\u00f6nteme d\u00f6n\u00fclmeli ya da siyasi iktidar\u0131n olas\u0131 siyasi bask\u0131lar\u0131na direnebilecek ba\u011f\u0131ms\u0131z bir kurum haline getirilebilmelidir\u2019 denildi. Muhalefet \u015ferhinde ayr\u0131ca raporda yer alan ve toplumdaki yayg\u0131n dinlenme kanaatinin \u2018magazinsel&#8217; oldu\u011funa y\u00f6nelik ifadelere de kar\u015f\u0131 \u00e7\u0131k\u0131larak bu ifadenin rapor metninden \u00e7\u0131kar\u0131lmas\u0131 istendi.<\/p>\n<p>-CHP: SORUNUN \u00dcST\u00dc \u00d6RT\u00dcLD\u00dc-<\/p>\n<p>CHP&#8217;li Ersin de rapora y\u00f6nelik muhalefet \u015ferhinde, Ula\u015ft\u0131rma Bakanl\u0131\u011f\u0131&#8217;na ba\u011fl\u0131 Telekom\u00fcnikasyon \u0130leti\u015fim Ba\u015fkanl\u0131\u011f\u0131&#8217;n\u0131n sa\u011fl\u0131kl\u0131 denetlendi\u011finin ku\u015fkulu oldu\u011funu ve Kurumun iktidarlar\u0131n bask\u0131lar\u0131na muhatap olmaktan \u00e7\u0131kar\u0131lmas\u0131 ve kamuoyuna g\u00fcven veren bir yap\u0131ya kavu\u015fturulmas\u0131 gerekti\u011fine dikkat \u00e7ekti. Muhalefet \u015ferhinde \u2018Alt komisyon, konuyla ilgili yeterli ara\u015ft\u0131rmay\u0131 yapmadan \u00e7al\u0131\u015fmalar\u0131n\u0131 sonland\u0131rm\u0131\u015ft\u0131r. Dolay\u0131s\u0131yla haz\u0131rlanan rapor, soruna \u00e7\u00f6z\u00fcm \u00fcretmek ve yasad\u0131\u015f\u0131 dinlemeleri ve sorumlular\u0131n\u0131 tespit etmek yerine, yasak savar bi\u00e7iminde olmu\u015ftur. Komisyon g\u00f6revi ve misyonu gere\u011fi, siyasi sonu\u00e7lar\u0131n ne olaca\u011f\u0131na ald\u0131r\u0131\u015f etmeden demokrasiye ve insan haklar\u0131na ayk\u0131r\u0131 bu \u00f6nemli sorunu ve sorumlular\u0131n\u0131 tespit etmek ve kamuoyunu rahatlatmak yerine, \u00f6nce uzunca bir s\u00fcre toplanamayarak ve sonra da \u00e7al\u0131\u015fmalar\u0131n\u0131 k\u0131sa keserek, dolay\u0131s\u0131yla son derecede eksik ara\u015ft\u0131rma yaparak, tedirginli\u011fi art\u0131rm\u0131\u015f, sorunun \u00fcst\u00fcn\u00fc \u00f6rtmeye \u00e7al\u0131\u015fm\u0131\u015ft\u0131r\u2019 ifadelerine yer verildi.<\/p>\n<p>Muhalefet \u015ferhinde raporda yer alan \u2018magazinsel&#8217; ifadesine kar\u015f\u0131 \u00e7\u0131k\u0131larak, \u2018Toplumda, ki\u015filerin yasad\u0131\u015f\u0131 dinlendiklerine ili\u015fkin yayg\u0131n kanaat ve bunun \u00f6rneklerinin de varl\u0131\u011f\u0131na ra\u011fmen, bu endi\u015feleri magazinsel nedenlere dayand\u0131rmak, sorunun kavranmam\u0131\u015f oldu\u011funu g\u00f6sterir. Yasad\u0131\u015f\u0131 ortam ve telefon dinlemelerinin varl\u0131\u011f\u0131n\u0131 say\u0131n \u0130\u00e7i\u015fleri ve Ula\u015ft\u0131rma Bakanlar\u0131 da kabul etmektedirler.\u2019denildi. &#8220;<\/p>\n<p>(Via <a href=\"\"><\/a>.)<\/p>\n","protected":false},"excerpt":{"rendered":"<p>Telekulak raporu kabul edildi &#8211; Mynet Haber: &#8220;Telekulak raporu kabul edildi ANKARA (ANKA) -Meclis \u0130nsan Haklar\u0131n\u0131 \u0130nceleme Komisyonu&#8217;nda, Telekulak alt komisyonunun raporu CHP ve MHP&#8217;nin muhalefet \u015ferhiyle kabul edildi. Komisyonun MHP&#8217;li \u00fcyesi Mehmet Ekici ve CHP&#8217;li \u00fcyesi Ahmet Ersin, muhalefet \u015ferhlerinde, alt komisyon raporunda yer alan toplumdaki yayg\u0131n dinlenme kanaatinin \u2018magazinsel&#8217; nedenlere dayand\u0131r\u0131labilece\u011fine y\u00f6nelik ifadelere itiraz ederek bu ifadenin rapordan&#8230;<\/p>\n","protected":false},"author":1,"featured_media":0,"comment_status":"open","ping_status":"closed","sticky":false,"template":"","format":"standard","meta":{"jetpack_post_was_ever_published":false,"_jetpack_newsletter_access":"","_jetpack_dont_email_post_to_subs":false,"_jetpack_newsletter_tier_id":0,"_jetpack_memberships_contains_paywalled_content":false,"_jetpack_memberships_contains_paid_content":false,"footnotes":"","jetpack_publicize_message":"","jetpack_publicize_feature_enabled":true,"jetpack_social_post_already_shared":false,"jetpack_social_options":{"image_generator_settings":{"template":"highway","default_image_id":0,"font":"","enabled":false},"version":2}},"categories":[15,14],"tags":[],"class_list":["post-164","post","type-post","status-publish","format-standard","hentry","category-gizli-dinleme","category-telekulak"],"jetpack_publicize_connections":[],"jetpack_featured_media_url":"","jetpack_sharing_enabled":true,"jetpack_shortlink":"https:\/\/wp.me\/p7wjA8-2E","jetpack-related-posts":[],"_links":{"self":[{"href":"https:\/\/privacy.cyber-rights.org.tr\/index.php?rest_route=\/wp\/v2\/posts\/164","targetHints":{"allow":["GET"]}}],"collection":[{"href":"https:\/\/privacy.cyber-rights.org.tr\/index.php?rest_route=\/wp\/v2\/posts"}],"about":[{"href":"https:\/\/privacy.cyber-rights.org.tr\/index.php?rest_route=\/wp\/v2\/types\/post"}],"author":[{"embeddable":true,"href":"https:\/\/privacy.cyber-rights.org.tr\/index.php?rest_route=\/wp\/v2\/users\/1"}],"replies":[{"embeddable":true,"href":"https:\/\/privacy.cyber-rights.org.tr\/index.php?rest_route=%2Fwp%2Fv2%2Fcomments&post=164"}],"version-history":[{"count":0,"href":"https:\/\/privacy.cyber-rights.org.tr\/index.php?rest_route=\/wp\/v2\/posts\/164\/revisions"}],"wp:attachment":[{"href":"https:\/\/privacy.cyber-rights.org.tr\/index.php?rest_route=%2Fwp%2Fv2%2Fmedia&parent=164"}],"wp:term":[{"taxonomy":"category","embeddable":true,"href":"https:\/\/privacy.cyber-rights.org.tr\/index.php?rest_route=%2Fwp%2Fv2%2Fcategories&post=164"},{"taxonomy":"post_tag","embeddable":true,"href":"https:\/\/privacy.cyber-rights.org.tr\/index.php?rest_route=%2Fwp%2Fv2%2Ftags&post=164"}],"curies":[{"name":"wp","href":"https:\/\/api.w.org\/{rel}","templated":true}]}}