{"id":1642,"date":"2017-03-01T10:01:31","date_gmt":"2017-03-01T07:01:31","guid":{"rendered":"http:\/\/privacy.cyber-rights.org.tr\/?p=1642"},"modified":"2017-03-01T10:16:46","modified_gmt":"2017-03-01T07:16:46","slug":"baris-icin-akademisyenler-olaganustu-zamanlarda-akademiyi-savunmak","status":"publish","type":"post","link":"https:\/\/privacy.cyber-rights.org.tr\/?p=1642","title":{"rendered":"Bar\u0131\u015f \u0130\u00e7in Akademisyenler: Ola\u011fan\u00fcst\u00fc Zamanlarda Akademiyi Savunmak"},"content":{"rendered":"<p><a href=\"http:\/\/www.iletisim.com.tr\/kitap\/baris-icin-akademisyenler\/9402\"><img data-recalc-dims=\"1\" loading=\"lazy\" decoding=\"async\" data-attachment-id=\"1641\" data-permalink=\"https:\/\/privacy.cyber-rights.org.tr\/?attachment_id=1641\" data-orig-file=\"https:\/\/i0.wp.com\/privacy.cyber-rights.org.tr\/wp-content\/uploads\/2017\/03\/BAK_Kitap_Banner.jpg?fit=1838%2C682&amp;ssl=1\" data-orig-size=\"1838,682\" data-comments-opened=\"1\" data-image-meta=\"{&quot;aperture&quot;:&quot;0&quot;,&quot;credit&quot;:&quot;&quot;,&quot;camera&quot;:&quot;&quot;,&quot;caption&quot;:&quot;&quot;,&quot;created_timestamp&quot;:&quot;0&quot;,&quot;copyright&quot;:&quot;&quot;,&quot;focal_length&quot;:&quot;0&quot;,&quot;iso&quot;:&quot;0&quot;,&quot;shutter_speed&quot;:&quot;0&quot;,&quot;title&quot;:&quot;&quot;,&quot;orientation&quot;:&quot;0&quot;}\" data-image-title=\"BAK_Kitap_Banner\" data-image-description=\"\" data-image-caption=\"\" data-medium-file=\"https:\/\/i0.wp.com\/privacy.cyber-rights.org.tr\/wp-content\/uploads\/2017\/03\/BAK_Kitap_Banner.jpg?fit=300%2C111&amp;ssl=1\" data-large-file=\"https:\/\/i0.wp.com\/privacy.cyber-rights.org.tr\/wp-content\/uploads\/2017\/03\/BAK_Kitap_Banner.jpg?fit=1024%2C380&amp;ssl=1\" class=\"aligncenter wp-image-1641 size-medium\" src=\"https:\/\/i0.wp.com\/privacy.cyber-rights.org.tr\/wp-content\/uploads\/2017\/03\/BAK_Kitap_Banner-300x111.jpg?resize=300%2C111\" alt=\"Bar\u0131\u015f \u0130\u00e7in Akademisyenler: Ola\u011fan\u00fcst\u00fc Zamanlarda Akademiyi Savunmak\" width=\"300\" height=\"111\" srcset=\"https:\/\/i0.wp.com\/privacy.cyber-rights.org.tr\/wp-content\/uploads\/2017\/03\/BAK_Kitap_Banner.jpg?resize=300%2C111&amp;ssl=1 300w, https:\/\/i0.wp.com\/privacy.cyber-rights.org.tr\/wp-content\/uploads\/2017\/03\/BAK_Kitap_Banner.jpg?resize=768%2C285&amp;ssl=1 768w, https:\/\/i0.wp.com\/privacy.cyber-rights.org.tr\/wp-content\/uploads\/2017\/03\/BAK_Kitap_Banner.jpg?resize=1024%2C380&amp;ssl=1 1024w, https:\/\/i0.wp.com\/privacy.cyber-rights.org.tr\/wp-content\/uploads\/2017\/03\/BAK_Kitap_Banner.jpg?w=1838&amp;ssl=1 1838w\" sizes=\"auto, (max-width: 300px) 100vw, 300px\" \/><\/a><\/p>\n<p>\u0130nsan Haklar\u0131 Ortak Platformu, y\u0131llard\u0131r akademi ve sivil toplum ortakl\u0131\u011f\u0131yla insan haklar\u0131n\u0131n savunulmas\u0131 ve geli\u015ftirilmesinin \u00f6nemini dikkate alarak, T\u00fcrkiye\u2019nin \u00f6nde gelen akademisyenleriyle ortak \u00e7al\u0131\u015fmalar y\u00fcr\u00fctm\u00fc\u015ft\u00fc. Bu \u00e7al\u0131\u015fmalarda Platformun etkinliklerine en \u00e7ok katk\u0131 sunan akademisyenlerden Kerem Alt\u0131parmak ve Yaman Akdeniz bu kez akademiyi ve akademik \u00f6zg\u00fcrl\u00fc\u011f\u00fc savunan bir \u00e7al\u0131\u015fmaya \u0130HOP\u2019un destekleriyle imza att\u0131lar.<\/p>\n<p>Alt\u0131parmak ve Akdeniz taraf\u0131ndan kaleme al\u0131nan \u201c<a href=\"http:\/\/www.iletisim.com.tr\/kitap\/baris-icin-akademisyenler\/9402\"><strong><em>Bar\u0131\u015f i\u00e7in Akademisyenler: Ola\u011fan\u00fcst\u00fc Zamanlarda Akademiyi Savunmak<\/em><\/strong><\/a>\u201d isimli kitap \u0130leti\u015fim Yay\u0131nlar\u0131 taraf\u0131ndan \u015eubat 2017de yay\u0131mland\u0131. Kitap, Ocak 2016da imzaya a\u00e7\u0131lan ve toplamda 2212 akademisyen taraf\u0131ndan imzalanan \u201cBu Su\u00e7a Ortak Olmayaca\u011f\u0131z\u201d bildirgesine y\u00f6nelik y\u00fcr\u00fct\u00fclen adli ve idari s\u00fcre\u00e7leri inceliyor. Ba\u015ftan sona a\u011f\u0131r hukuka ayk\u0131r\u0131l\u0131klar i\u00e7eren s\u00fcrecin, g\u00f6revinin gere\u011fini yapt\u0131\u011f\u0131n\u0131 s\u00f6yleyen \u00dcniversite ve Y\u00d6K yetkililerinin hem akademik d\u00fcnyay\u0131 hem de genel kamuoyunu nas\u0131l yan\u0131ltt\u0131\u011f\u0131n\u0131 da a\u00e7\u0131kl\u0131kla g\u00f6zler \u00f6n\u00fcne seriyor.<\/p>\n<p>Kitap; BAK \u0130mzac\u0131lar\u0131na y\u00f6nelik idari soru\u015fturma s\u00fcrecini, OHAL KHKleri ile ihra\u00e7lar\u0131 ve Ceza Soru\u015fturmalar\u0131 ve Kovu\u015fturmalar\u0131n\u0131 \u00fc\u00e7 ayr\u0131 ba\u015fl\u0131k alt\u0131nda inceliyor. Bu s\u00fcre\u00e7lerin tamam\u0131n\u0131n hem ulusal hem de uluslararas\u0131 mevzuata ayk\u0131r\u0131l\u0131klar\u0131n\u0131 ayr\u0131nt\u0131lar\u0131 ile irdeliyor. Yazarlar\u0131n saptad\u0131\u011f\u0131 gibi bu s\u00fcre\u00e7lerin hi\u00e7birinde ger\u00e7ek anlamda bir savunma al\u0131nmad\u0131\u011f\u0131 gibi akademisyenlerin hangi su\u00e7la itham edildi\u011fi bile belirlenemiyor.<\/p>\n<p>Kitap her ne kadar merkezine \u201c<strong>Bu Su\u00e7a Ortak Olmayaca\u011f\u0131z\u201d<\/strong> metnini merkezine al\u0131yorsa da, \u00f6zellikle OHAL KHKleriyle ihraca ili\u015fkin 2. b\u00f6l\u00fcm\u00fc ve ifade \u00f6zg\u00fcrl\u00fc\u011f\u00fcne ili\u015fkin 3. b\u00f6l\u00fcm\u00fc \u00e7ok daha geni\u015f kitleleri etkileyen sorunlara da cevap ta\u015f\u0131maktad\u0131r. Yazarlar 2. b\u00f6l\u00fcmde, ihra\u00e7 s\u00fcrecindeki usul\u00fcn adil yarg\u0131lanma ve \u00f6zel hayat\u0131n korunmas\u0131 haklar\u0131na ayk\u0131r\u0131 bir \u015fekilde y\u00fcr\u00fct\u00fclmesinin Avrupa \u0130nsan Haklar\u0131 S\u00f6zle\u015fmesini ihlal etti\u011fini ve i\u00e7 hukukta bunu giderecek bir yol da olmad\u0131\u011f\u0131 i\u00e7in bunun Avrupa \u0130nsan Haklar\u0131 Mahkemesine do\u011frudan ba\u015fvuru imkan\u0131n\u0131n yolunu a\u00e7t\u0131\u011f\u0131n\u0131 A\u0130HM i\u00e7tihad\u0131n\u0131 dikkate alarak tart\u0131\u015f\u0131yorlar.<\/p>\n<p>Kitab\u0131n 3. b\u00f6l\u00fcm\u00fcndeki ifade \u00f6zg\u00fcrl\u00fc\u011f\u00fc analizi ise T\u00fcrkiye\u2019de \u00e7ok yayg\u0131n uygulamas\u0131 olan Ter\u00f6rle M\u00fccadele Yasas\u0131n\u0131n 7. maddesi, T\u00fcrk Ceza Kanununun 301. maddesi ve \u015fiddetle ifade \u00f6zg\u00fcrl\u00fc\u011f\u00fc ili\u015fkisi ba\u011flam\u0131nda uygulanan t\u00fcm idari ve cezai yapt\u0131r\u0131mlar\u0131n insan haklar\u0131 hukuku \u00f6l\u00e7\u00fctleri a\u00e7\u0131s\u0131ndan de\u011ferlendirilmesine ili\u015fkin bir test geli\u015ftiriyor. A\u0130HM i\u00e7tihad\u0131 ve kar\u015f\u0131la\u015ft\u0131rmal\u0131 hukuk kaynaklar\u0131na dayanan bu test, sadece \u201cBu Su\u00e7a Ortak Olmayaca\u011f\u0131z\u201d metninin de\u011fil, T\u00fcrkiye\u2019de bu kapsamda y\u00fcr\u00fct\u00fclen idari ve adli soru\u015fturmalar\u0131n hemen hepsinin asl\u0131nda hukuka ayk\u0131r\u0131 oldu\u011funu ortaya koyuyor. Bu y\u00f6n\u00fcyle kitap, sadece akademisyenleri de\u011fil ama ifade \u00f6zg\u00fcrl\u00fc\u011f\u00fc m\u00fccadelesiyle ilgilenen herkesi yak\u0131ndan ilgilendiriyor.<\/p>\n","protected":false},"excerpt":{"rendered":"<p>\u0130nsan Haklar\u0131 Ortak Platformu, y\u0131llard\u0131r akademi ve sivil toplum ortakl\u0131\u011f\u0131yla insan haklar\u0131n\u0131n savunulmas\u0131 ve geli\u015ftirilmesinin \u00f6nemini dikkate alarak, T\u00fcrkiye\u2019nin \u00f6nde gelen akademisyenleriyle ortak \u00e7al\u0131\u015fmalar y\u00fcr\u00fctm\u00fc\u015ft\u00fc. Bu \u00e7al\u0131\u015fmalarda Platformun etkinliklerine en \u00e7ok katk\u0131 sunan akademisyenlerden Kerem Alt\u0131parmak ve Yaman Akdeniz bu kez akademiyi ve akademik \u00f6zg\u00fcrl\u00fc\u011f\u00fc savunan bir \u00e7al\u0131\u015fmaya \u0130HOP\u2019un destekleriyle imza att\u0131lar. Alt\u0131parmak ve Akdeniz taraf\u0131ndan kaleme al\u0131nan \u201cBar\u0131\u015f i\u00e7in&#8230;<\/p>\n","protected":false},"author":1,"featured_media":1645,"comment_status":"open","ping_status":"open","sticky":false,"template":"","format":"standard","meta":{"jetpack_post_was_ever_published":false,"_jetpack_newsletter_access":"","_jetpack_dont_email_post_to_subs":true,"_jetpack_newsletter_tier_id":0,"_jetpack_memberships_contains_paywalled_content":false,"_jetpack_memberships_contains_paid_content":false,"footnotes":"","jetpack_publicize_message":"","jetpack_publicize_feature_enabled":true,"jetpack_social_post_already_shared":true,"jetpack_social_options":{"image_generator_settings":{"template":"highway","default_image_id":0,"font":"","enabled":false},"version":2}},"categories":[211,5,190,219,142,218,217,78],"tags":[214,216,215,213,212],"class_list":["post-1642","post","type-post","status-publish","format-standard","has-post-thumbnail","hentry","category-baris-icin-akademisyenler","category-dusunce-ozgurlugu","category-ifade-ozgurlugu","category-kamudan-ihrac","category-kerem-altiparmak","category-khk","category-olaganustu-hal","category-yaman-akdeniz","tag-baris-icin-akademisyenler","tag-bu-suca-ortak-olmayacagiz","tag-ifade-ozgurlugu","tag-kerem-altiparmak","tag-yaman-akdeniz"],"jetpack_publicize_connections":[],"jetpack_featured_media_url":"https:\/\/i0.wp.com\/privacy.cyber-rights.org.tr\/wp-content\/uploads\/2017\/03\/BAK-Son.png?fit=1132%2C628&ssl=1","jetpack_sharing_enabled":true,"jetpack_shortlink":"https:\/\/wp.me\/p7wjA8-qu","jetpack-related-posts":[],"_links":{"self":[{"href":"https:\/\/privacy.cyber-rights.org.tr\/index.php?rest_route=\/wp\/v2\/posts\/1642","targetHints":{"allow":["GET"]}}],"collection":[{"href":"https:\/\/privacy.cyber-rights.org.tr\/index.php?rest_route=\/wp\/v2\/posts"}],"about":[{"href":"https:\/\/privacy.cyber-rights.org.tr\/index.php?rest_route=\/wp\/v2\/types\/post"}],"author":[{"embeddable":true,"href":"https:\/\/privacy.cyber-rights.org.tr\/index.php?rest_route=\/wp\/v2\/users\/1"}],"replies":[{"embeddable":true,"href":"https:\/\/privacy.cyber-rights.org.tr\/index.php?rest_route=%2Fwp%2Fv2%2Fcomments&post=1642"}],"version-history":[{"count":3,"href":"https:\/\/privacy.cyber-rights.org.tr\/index.php?rest_route=\/wp\/v2\/posts\/1642\/revisions"}],"predecessor-version":[{"id":1646,"href":"https:\/\/privacy.cyber-rights.org.tr\/index.php?rest_route=\/wp\/v2\/posts\/1642\/revisions\/1646"}],"wp:featuredmedia":[{"embeddable":true,"href":"https:\/\/privacy.cyber-rights.org.tr\/index.php?rest_route=\/wp\/v2\/media\/1645"}],"wp:attachment":[{"href":"https:\/\/privacy.cyber-rights.org.tr\/index.php?rest_route=%2Fwp%2Fv2%2Fmedia&parent=1642"}],"wp:term":[{"taxonomy":"category","embeddable":true,"href":"https:\/\/privacy.cyber-rights.org.tr\/index.php?rest_route=%2Fwp%2Fv2%2Fcategories&post=1642"},{"taxonomy":"post_tag","embeddable":true,"href":"https:\/\/privacy.cyber-rights.org.tr\/index.php?rest_route=%2Fwp%2Fv2%2Ftags&post=1642"}],"curies":[{"name":"wp","href":"https:\/\/api.w.org\/{rel}","templated":true}]}}