{"id":165,"date":"2008-10-16T19:14:22","date_gmt":"2008-10-16T16:14:22","guid":{"rendered":"http:\/\/privacy.cyber-rights.org.tr\/?p=165"},"modified":"2008-10-16T19:14:24","modified_gmt":"2008-10-16T16:14:24","slug":"adnan-oktar-site-kapatilmasin-haber-kaldirilsin-cnnturk-2008","status":"publish","type":"post","link":"https:\/\/privacy.cyber-rights.org.tr\/?p=165","title":{"rendered":"Adnan Oktar: &#8220;Site kapat\u0131lmas\u0131n, haber kald\u0131r\u0131ls\u0131n&#8221; &#8211; CNNT\u00fcrk 2008"},"content":{"rendered":"<p><a href=\"http:\/\/www.cnnturk.com\/HaberDetay\/turkiye\/2\/site_kapatilmasin_haber_kaldirilsin\/497146\/0\">&#8220;Site kapat\u0131lmas\u0131n, haber kald\u0131r\u0131ls\u0131n&#8221; &#8211; CNNT\u00fcrk 2008<\/a>: &#8220;&#8216;Site kapat\u0131lmas\u0131n, haber kald\u0131r\u0131ls\u0131n&#8217;<\/p>\n<p>Vatan gazetesinin internet sitesinin eri\u015fimini mahkeme karar\u0131yla bir s\u00fcreli\u011fine engellemesiyle g\u00fcndeme gelen Adnan Oktar, yasaklar\u0131n kesinlikle kar\u015f\u0131s\u0131nda oldu\u011funu belirtti. Oktar, &#8216;Site kapat\u0131lmas\u0131n, haber kald\u0131r\u0131ls\u0131n&#8217; dedi.<\/p>\n<p>Adnan Oktar, bug\u00fcn bir bas\u0131n toplant\u0131s\u0131 d\u00fczenleyerek sorular\u0131 yan\u0131tlad\u0131.<\/p>\n<p>Fikir \u00f6zg\u00fcrl\u00fc\u011f\u00fcnden yana oldu\u011funu, yasaklar\u0131n kesinlikle kar\u015f\u0131s\u0131nda oldu\u011funu s\u00f6yleyen Oktar, ancak 20 g\u00fcn \u00f6ncesinden hakk\u0131nda \u00e7\u0131kan hakaret i\u00e7erikli yorumlar i\u00e7in uyard\u0131klar\u0131 halde, s\u00f6z konusu internet sitesinin y\u00f6neticilerinin gere\u011fini yapmad\u0131klar\u0131n\u0131 \u00f6ne s\u00fcrd\u00fc.<\/p>\n<p>Bas\u0131n toplant\u0131s\u0131na kat\u0131lan, \u0130nternet Medyas\u0131 Derne\u011fi Ba\u015fkan\u0131 Hadi \u00d6z\u0131\u015f\u0131k, Adnan Oktar&#8217;a bir dizi \u00f6nerilerde bulundu.<\/p>\n<p>Su\u00e7 te\u015fkil eden bir\u015fey varsa, Oktar&#8217;\u0131n elbette mahkemeye gitme hakk\u0131 oldu\u011funu s\u00f6yleyen \u00d6z\u0131\u015f\u0131k, ancak bunun siteyi kapatt\u0131rma iste\u011fiyle de\u011fil, s\u00f6z konusu haberin yay\u0131ndan kald\u0131r\u0131lmas\u0131 iste\u011fiyle yap\u0131lmas\u0131 gerekti\u011fini s\u00f6yledi.<\/p>\n<p>Mevcut bas\u0131n yasas\u0131n\u0131n \u0130nternet siteleri i\u00e7in de uyguland\u0131\u011f\u0131n\u0131 hat\u0131rlatan \u00d6z\u0131\u015f\u0131k, kanunen yap\u0131lmas\u0131 gerekenin mahkeme karar\u0131yla T\u00fcrktelekom&#8217;a m\u00fcracat ederek sitenin kapat\u0131lmas\u0131ndan \u00e7ok, mahkeme karar\u0131yla ilgili siteye hosting deste\u011fi sa\u011flayan \u015firkete gidilmesi ve s\u00f6z konusu haberin kald\u0131r\u0131lmas\u0131n\u0131 \u00f6nerdi. \u00d6z\u0131\u015f\u0131k ayr\u0131ca mahkeme karar\u0131na gerek\u00e7e olan okuyucu yorumlar\u0131n\u0131n da site y\u00f6neticilerini ba\u011flamad\u0131\u011f\u0131n\u0131, bunun da yorumcular\u0131n IP numaralar\u0131n\u0131n mahkeme karar\u0131yla istenmesiyle a\u015f\u0131labilecek bir sorun oldu\u011funu s\u00f6yledi.<\/p>\n<p>\u00d6nerileri dinleyen Oktar, sitenin kapat\u0131lmas\u0131 yerine haberin kapat\u0131lmas\u0131 \u00f6nerisinin mant\u0131kl\u0131 oldu\u011funu s\u00f6yleyerek, &#8216;Ben bunu inceleyece\u011fim&#8217; dedi.<\/p>\n<p>Hep ayn\u0131 mahkemelerden dava a\u00e7t\u0131klar\u0131 y\u00f6n\u00fcndeki ele\u015ftirileri de yan\u0131tlayan Oktar, bu s\u00f6ylentilere imkan vermemek i\u00e7in \u00f6zellikle ba\u015fka ba\u015fka mahkemelerde dava a\u00e7t\u0131klar\u0131n\u0131 \u00f6ne s\u00fcrd\u00fc.<\/p>\n<p>Ba\u015fbu\u011f&#8217;a destek \u00e7\u0131kt\u0131<\/p>\n<p>Toplant\u0131 boyunca karde\u015flikten, bar\u0131\u015ftan yana oldu\u011funu s\u0131k s\u0131k hat\u0131rlatan Oktar, bir gazetecinin Genelkurmay Ba\u015fkan\u0131 Orgeneral \u0130lker Ba\u015fbu\u011f&#8217;un &#8216;taraf\u0131n\u0131z\u0131 belirleyen&#8217; s\u00f6zlerini hat\u0131rlatmas\u0131 \u00fczerine , &#8216;Ben bu tart\u0131\u015fmada Ordu&#8217;yu son derece hakl\u0131 buluyorum&#8217; dedi.<\/p>\n<p>Oktar, B\u00fct\u00fcn g\u00fcc\u00fcm\u00fczle ordumuzu desteklemeliyiz, ordumuza muazzam bir y\u00fcklenme var. Ordumuza destek vermeliyiz&#8217; \u015feklinde konu\u015ftu.&#8221;<\/p>\n<p>(Via <a href=\"\"><\/a>.)<\/p>\n","protected":false},"excerpt":{"rendered":"<p>&#8220;Site kapat\u0131lmas\u0131n, haber kald\u0131r\u0131ls\u0131n&#8221; &#8211; CNNT\u00fcrk 2008: &#8220;&#8216;Site kapat\u0131lmas\u0131n, haber kald\u0131r\u0131ls\u0131n&#8217; Vatan gazetesinin internet sitesinin eri\u015fimini mahkeme karar\u0131yla bir s\u00fcreli\u011fine engellemesiyle g\u00fcndeme gelen Adnan Oktar, yasaklar\u0131n kesinlikle kar\u015f\u0131s\u0131nda oldu\u011funu belirtti. Oktar, &#8216;Site kapat\u0131lmas\u0131n, haber kald\u0131r\u0131ls\u0131n&#8217; dedi. Adnan Oktar, bug\u00fcn bir bas\u0131n toplant\u0131s\u0131 d\u00fczenleyerek sorular\u0131 yan\u0131tlad\u0131. Fikir \u00f6zg\u00fcrl\u00fc\u011f\u00fcnden yana oldu\u011funu, yasaklar\u0131n kesinlikle kar\u015f\u0131s\u0131nda oldu\u011funu s\u00f6yleyen Oktar, ancak 20 g\u00fcn \u00f6ncesinden hakk\u0131nda&#8230;<\/p>\n","protected":false},"author":1,"featured_media":0,"comment_status":"open","ping_status":"closed","sticky":false,"template":"","format":"standard","meta":{"jetpack_post_was_ever_published":false,"_jetpack_newsletter_access":"","_jetpack_dont_email_post_to_subs":false,"_jetpack_newsletter_tier_id":0,"_jetpack_memberships_contains_paywalled_content":false,"_jetpack_memberships_contains_paid_content":false,"footnotes":"","jetpack_publicize_message":"","jetpack_publicize_feature_enabled":true,"jetpack_social_post_already_shared":false,"jetpack_social_options":{"image_generator_settings":{"template":"highway","default_image_id":0,"font":"","enabled":false},"version":2}},"categories":[34,5,21,3],"tags":[],"class_list":["post-165","post","type-post","status-publish","format-standard","hentry","category-adnan-hoca","category-dusunce-ozgurlugu","category-erisim-engelleme","category-sansur"],"jetpack_publicize_connections":[],"jetpack_featured_media_url":"","jetpack_sharing_enabled":true,"jetpack_shortlink":"https:\/\/wp.me\/p7wjA8-2F","jetpack-related-posts":[],"_links":{"self":[{"href":"https:\/\/privacy.cyber-rights.org.tr\/index.php?rest_route=\/wp\/v2\/posts\/165","targetHints":{"allow":["GET"]}}],"collection":[{"href":"https:\/\/privacy.cyber-rights.org.tr\/index.php?rest_route=\/wp\/v2\/posts"}],"about":[{"href":"https:\/\/privacy.cyber-rights.org.tr\/index.php?rest_route=\/wp\/v2\/types\/post"}],"author":[{"embeddable":true,"href":"https:\/\/privacy.cyber-rights.org.tr\/index.php?rest_route=\/wp\/v2\/users\/1"}],"replies":[{"embeddable":true,"href":"https:\/\/privacy.cyber-rights.org.tr\/index.php?rest_route=%2Fwp%2Fv2%2Fcomments&post=165"}],"version-history":[{"count":0,"href":"https:\/\/privacy.cyber-rights.org.tr\/index.php?rest_route=\/wp\/v2\/posts\/165\/revisions"}],"wp:attachment":[{"href":"https:\/\/privacy.cyber-rights.org.tr\/index.php?rest_route=%2Fwp%2Fv2%2Fmedia&parent=165"}],"wp:term":[{"taxonomy":"category","embeddable":true,"href":"https:\/\/privacy.cyber-rights.org.tr\/index.php?rest_route=%2Fwp%2Fv2%2Fcategories&post=165"},{"taxonomy":"post_tag","embeddable":true,"href":"https:\/\/privacy.cyber-rights.org.tr\/index.php?rest_route=%2Fwp%2Fv2%2Ftags&post=165"}],"curies":[{"name":"wp","href":"https:\/\/api.w.org\/{rel}","templated":true}]}}