{"id":1682,"date":"2018-05-18T14:37:56","date_gmt":"2018-05-18T11:37:56","guid":{"rendered":"http:\/\/privacy.cyber-rights.org.tr\/?p=1682"},"modified":"2018-05-18T14:40:18","modified_gmt":"2018-05-18T11:40:18","slug":"roboski-aihm-basvurusu-metni-ve-basin-aciklamasi","status":"publish","type":"post","link":"https:\/\/privacy.cyber-rights.org.tr\/?p=1682","title":{"rendered":"Roboski A\u0130HM Ba\u015fvurusu Metni ve Bas\u0131n A\u00e7\u0131klamas\u0131"},"content":{"rendered":"<p>17 May\u0131s 2018 tarihinde A\u0130HM taraf\u0131ndan Roboski katliam\u0131 ile ilgili Selahattin Encu\/T\u00fcrkiye (no. 49976\/16) ve di\u011fer 275 ba\u015fvuru kabul edilemezlik karar\u0131 ile reddedildi. <a href=\"http:\/\/privacy.cyber-rights.org.tr\/wp-content\/uploads\/2018\/05\/ENCU-AND-OTHERS-v.-TURKEY.docx\">Encu\/T\u00fcrkiye karar metnine Frans\u0131zca<\/a> olarak eri\u015fmek m\u00fcmk\u00fcn.<\/p>\n<p>Karar\u0131n yay\u0131mlanmas\u0131 sonras\u0131nda <strong>kabul edilemezlik karar\u0131yla iki farkl\u0131 g\u00f6r\u00fc\u015f\u00fcn \u00f6n plana \u00e7\u0131kt\u0131\u011f\u0131 g\u00f6r\u00fcl\u00fcyor<\/strong>. Bir g\u00f6r\u00fc\u015f, A\u0130HM&#8217;in do\u011fru karar verdi\u011fi, sorumlulu\u011funun AYM&#8217;ye belgeyi s\u00fcresinde sunmayan avukatta oldu\u011funu s\u00f6yl\u00fcyor. \u0130kinci g\u00f6r\u00fc\u015f ise her ne olursa olsun A\u0130HM&#8217;in bu davaya bakmas\u0131 gerekti\u011fini ileri s\u00fcr\u00fcyor.<\/p>\n<p>\u00d6ncelikle ifade edelim, <strong>AYM ba\u015fvurusunu biz yapm\u0131\u015f de\u011filiz<\/strong>. O nedenle oradaki eksikli\u011fi a\u00e7\u0131klama hak ve \u00f6devi bize ait de\u011fil. Bununla birlikte, <strong>yapt\u0131\u011f\u0131m\u0131z ba\u015fvuruda A\u0130HM\u2019in neden bu eksikli\u011fi ret sebebi saymad\u0131\u011f\u0131n\u0131 ayr\u0131nt\u0131lar\u0131 ile a\u00e7\u0131klad\u0131k<\/strong>. Bu a\u00e7\u0131klamalar\u0131n mevcut tart\u0131\u015fmaya da \u0131\u015f\u0131k tutaca\u011f\u0131n\u0131 d\u00fc\u015f\u00fcn\u00fcyoruz. <strong>Ne yaz\u0131k ki A\u0130HM karar\u0131nda bu arg\u00fcmanlardan tek sat\u0131r bile bahsedilmiyor<\/strong>. Ulusal mahkemelerin gerek\u00e7esiz karar verdi\u011finde adil yarg\u0131lanma hakk\u0131n\u0131 ihlal etti\u011fini s\u00f6yleyen A\u0130HM&#8217;in <strong>bir ba\u015fvurunun ana arg\u00fcman\u0131n\u0131 hi\u00e7 tart\u0131\u015fmamas\u0131n\u0131n ba\u015fl\u0131 ba\u015f\u0131na bir adalete eri\u015fim hakk\u0131 sorunu oldu\u011funu vurgulamak gerekiyor<\/strong>.<\/p>\n<p>Gerek i\u00e7 hukuk yollar\u0131n\u0131n t\u00fcketilmedi\u011fine dair tart\u0131\u015fman\u0131n neden A\u0130HM taraf\u0131ndan yanl\u0131\u015f de\u011ferlendirildi\u011fini g\u00f6stermek, <strong>gerekse katliam\u0131n arkas\u0131ndaki hukuki arka plan\u0131 g\u00f6stermek a\u00e7\u0131s\u0131ndan yapt\u0131\u011f\u0131m\u0131z ba\u015fvurunun uzun halini payla\u015fman\u0131n yerinde olaca\u011f\u0131n\u0131 d\u00fc\u015f\u00fcnd\u00fck<\/strong>.<\/p>\n<p>Umuyoruz bu metin <strong>bir yandan Roboski katliam\u0131n\u0131n unutulmamas\u0131na bir yandan da d\u00fcnden beri s\u00fcren avukat ve A\u0130HM sorumlulu\u011fu<\/strong> konular\u0131na \u0131\u015f\u0131k tutar.<\/p>\n<p>Bu d\u00fc\u015f\u00fcnceyle kararla birlikte Roboski A\u0130HM ba\u015fvurusunun metninin de beraber de\u011ferlendirmesi gerekti\u011fini d\u00fc\u015f\u00fcnd\u00fc\u011f\u00fcm\u00fcz i\u00e7in <a href=\"http:\/\/privacy.cyber-rights.org.tr\/wp-content\/uploads\/2018\/05\/Roboski_AIHM_Basvurusu.pdf\">ba\u015fvuru metnini de\u00a0T\u00fcrk\u00e7e olarak kamuoyu<\/a> ile payla\u015f\u0131yoruz.<\/p>\n<p><strong>Kerem Alt\u0131parmak &amp; Yaman Akdeniz<\/strong><\/p>\n<p>18 May\u0131s, 2018<\/p>\n<p><strong>Roboski A\u0130HM Ba\u015fvurusu:<\/strong><\/p>\n<p><a href=\"http:\/\/privacy.cyber-rights.org.tr\/wp-content\/uploads\/2018\/05\/Roboski_AIHM_Basvurusu.pdf\">http:\/\/privacy.cyber-rights.org.tr\/wp-content\/uploads\/2018\/05\/Roboski_AIHM_Basvurusu.pdf<\/a><\/p>\n<p>&nbsp;<\/p>\n","protected":false},"excerpt":{"rendered":"<p>17 May\u0131s 2018 tarihinde A\u0130HM taraf\u0131ndan Roboski katliam\u0131 ile ilgili Selahattin Encu\/T\u00fcrkiye (no. 49976\/16) ve di\u011fer 275 ba\u015fvuru kabul edilemezlik karar\u0131 ile reddedildi. Encu\/T\u00fcrkiye karar metnine Frans\u0131zca olarak eri\u015fmek m\u00fcmk\u00fcn. Karar\u0131n yay\u0131mlanmas\u0131 sonras\u0131nda kabul edilemezlik karar\u0131yla iki farkl\u0131 g\u00f6r\u00fc\u015f\u00fcn \u00f6n plana \u00e7\u0131kt\u0131\u011f\u0131 g\u00f6r\u00fcl\u00fcyor. Bir g\u00f6r\u00fc\u015f, A\u0130HM&#8217;in do\u011fru karar verdi\u011fi, sorumlulu\u011funun AYM&#8217;ye belgeyi s\u00fcresinde sunmayan avukatta oldu\u011funu s\u00f6yl\u00fcyor. \u0130kinci g\u00f6r\u00fc\u015f ise&#8230;<\/p>\n","protected":false},"author":1,"featured_media":1690,"comment_status":"open","ping_status":"open","sticky":false,"template":"","format":"standard","meta":{"jetpack_post_was_ever_published":false,"_jetpack_newsletter_access":"","_jetpack_dont_email_post_to_subs":false,"_jetpack_newsletter_tier_id":0,"_jetpack_memberships_contains_paywalled_content":false,"_jetpack_memberships_contains_paid_content":false,"footnotes":"","jetpack_publicize_message":"","jetpack_publicize_feature_enabled":true,"jetpack_social_post_already_shared":true,"jetpack_social_options":{"image_generator_settings":{"template":"highway","default_image_id":0,"font":"","enabled":false},"version":2}},"categories":[115,224],"tags":[],"class_list":["post-1682","post","type-post","status-publish","format-standard","has-post-thumbnail","hentry","category-aihm","category-roboski"],"jetpack_publicize_connections":[],"jetpack_featured_media_url":"https:\/\/i0.wp.com\/privacy.cyber-rights.org.tr\/wp-content\/uploads\/2018\/05\/roboski.jpg?fit=620%2C344&ssl=1","jetpack_sharing_enabled":true,"jetpack_shortlink":"https:\/\/wp.me\/p7wjA8-r8","jetpack-related-posts":[],"_links":{"self":[{"href":"https:\/\/privacy.cyber-rights.org.tr\/index.php?rest_route=\/wp\/v2\/posts\/1682","targetHints":{"allow":["GET"]}}],"collection":[{"href":"https:\/\/privacy.cyber-rights.org.tr\/index.php?rest_route=\/wp\/v2\/posts"}],"about":[{"href":"https:\/\/privacy.cyber-rights.org.tr\/index.php?rest_route=\/wp\/v2\/types\/post"}],"author":[{"embeddable":true,"href":"https:\/\/privacy.cyber-rights.org.tr\/index.php?rest_route=\/wp\/v2\/users\/1"}],"replies":[{"embeddable":true,"href":"https:\/\/privacy.cyber-rights.org.tr\/index.php?rest_route=%2Fwp%2Fv2%2Fcomments&post=1682"}],"version-history":[{"count":4,"href":"https:\/\/privacy.cyber-rights.org.tr\/index.php?rest_route=\/wp\/v2\/posts\/1682\/revisions"}],"predecessor-version":[{"id":1689,"href":"https:\/\/privacy.cyber-rights.org.tr\/index.php?rest_route=\/wp\/v2\/posts\/1682\/revisions\/1689"}],"wp:featuredmedia":[{"embeddable":true,"href":"https:\/\/privacy.cyber-rights.org.tr\/index.php?rest_route=\/wp\/v2\/media\/1690"}],"wp:attachment":[{"href":"https:\/\/privacy.cyber-rights.org.tr\/index.php?rest_route=%2Fwp%2Fv2%2Fmedia&parent=1682"}],"wp:term":[{"taxonomy":"category","embeddable":true,"href":"https:\/\/privacy.cyber-rights.org.tr\/index.php?rest_route=%2Fwp%2Fv2%2Fcategories&post=1682"},{"taxonomy":"post_tag","embeddable":true,"href":"https:\/\/privacy.cyber-rights.org.tr\/index.php?rest_route=%2Fwp%2Fv2%2Ftags&post=1682"}],"curies":[{"name":"wp","href":"https:\/\/api.w.org\/{rel}","templated":true}]}}