{"id":169,"date":"2008-10-17T11:16:24","date_gmt":"2008-10-17T08:16:24","guid":{"rendered":"http:\/\/privacy.cyber-rights.org.tr\/?p=169"},"modified":"2008-10-17T11:16:28","modified_gmt":"2008-10-17T08:16:28","slug":"vatan-bir-internet-yayincisi-bu-haberi-nasil-gormez","status":"publish","type":"post","link":"https:\/\/privacy.cyber-rights.org.tr\/?p=169","title":{"rendered":"Vatan: Bir internet yay\u0131nc\u0131s\u0131 bu haberi nas\u0131l g\u00f6rmez!"},"content":{"rendered":"<p><a href=\"http:\/\/www9.vatanim.com.tr\/haberdetay.asp?detay=Bir_internet_yayincisi_bu_haberi_nasil_gormez_204046_1&#038;tarih=17.10.2008&#038;Newsid=204046&#038;Categoryid=1\">Bir internet yay\u0131nc\u0131s\u0131 bu haberi nas\u0131l g\u00f6rmez!<\/a>: &#8221; Bir internet yay\u0131nc\u0131s\u0131 bu haberi nas\u0131l g\u00f6rmez!<\/p>\n<p>gazetevatan.com&#8217;un ak\u0131l d\u0131\u015f\u0131, hukuk d\u0131\u015f\u0131 bir kararla kapat\u0131lmas\u0131 hem T\u00fcrkiye&#8217;de hem d\u00fcnyada tepki g\u00f6rd\u00fc.<\/p>\n<p>Okurlar\u0131m\u0131z binlerce mail ve telefonla tepkilerini bildirdiler.<\/p>\n<p>D\u00fcnyaca \u00fcnl\u00fc haber ajas\u0131 Reuters haberi duyurmakla kalmad\u0131. &#8216;Vatan Gazetesi&#8217;nin internet sitesinin kapat\u0131lma karar\u0131 T\u00fcrkiye&#8217;de d\u00fc\u015f\u00fcnce \u00f6zg\u00fcrl\u00fc\u011f\u00fc kayg\u0131lar\u0131n\u0131 yeniden art\u0131rd\u0131&#8217; diyerek durumu ele\u015ftirdi.<\/p>\n<p><a href=\"http:\/\/www9.vatanim.com.tr\/haberdetay.asp?detay=Bir_internet_yayincisi_bu_haberi_nasil_gormez_204046_1&amp;tarih=17.10.2008&amp;Newsid=204046&amp;Categoryid=1\"><\/p>\n<div style=\"text-align:center;\"><img data-recalc-dims=\"1\" loading=\"lazy\" decoding=\"async\" src=\"https:\/\/i0.wp.com\/cyberlaw.org.uk\/wp-content\/uploads\/2008\/10\/171020081049436862865-2.jpg?resize=320%2C100\" alt=\"171020081049436862865_2.jpg\" border=\"0\" width=\"320\" height=\"100\" \/><\/div>\n<p><\/a><\/p>\n<p>CNNT\u00fcrk ve Radikal, gazetevatan.com&#8217;un kapat\u0131lma haberini okurlar\u0131na duyururken &#8216;T\u00fcrkiye&#8217;de internet habercili\u011finin ba\u015f\u0131ndaki b\u00fcy\u00fck tehlikeye&#8217; vurgu yaparak yay\u0131nc\u0131l\u0131k sorumluluklar\u0131n\u0131 yerine getirdiler.<\/p>\n<p>Destekleri i\u00e7in hem okurlar\u0131m\u0131za hem de meslekta\u015flar\u0131m\u0131za bir kere daha te\u015fekk\u00fcr ediyoruz.<\/p>\n<p>Ancak bu vesileyle anlam veremedi\u011fimiz bir durumu da okurlar\u0131m\u0131zla payla\u015fmadan edemeyece\u011fiz. Baz\u0131 rakip haber siteleri ne yaz\u0131k ki bu haberi hi\u00e7 g\u00f6rmedi.<\/p>\n<p>\u00dclkemizde internet yay\u0131nc\u0131l\u0131\u011f\u0131 alan\u0131ndaki hukuksal altyap\u0131 eksikliklerden kaynaklanan bu sans\u00fcr, bug\u00fcn bize yar\u0131n sizedir.<br \/>\nYoutube&#8217;un kapat\u0131lmas\u0131 haberse, bunu hepimiz sayfalar\u0131m\u0131za ta\u015f\u0131d\u0131ysak, T\u00fcrkiye&#8217;nin en b\u00fcy\u00fck haber portallar\u0131ndan gazetevatan.com&#8217;un kapat\u0131lmas\u0131 da haberdir sevgili meslekta\u015flar\u0131m\u0131z!<\/p>\n<p>&#8216; Aman reklamlar\u0131 olmas\u0131n&#8217; diye g\u00f6rmediyseniz ay\u0131pt\u0131r. Durumun vahametini kavrayamad\u0131\u011f\u0131n\u0131z i\u00e7in g\u00f6rmediyseniz daha b\u00fcy\u00fck ay\u0131pt\u0131r.<\/p>\n<p>\u0130nternet yay\u0131nc\u0131l\u0131\u011f\u0131 da t\u0131pk\u0131 yaz\u0131l\u0131 bas\u0131n gibi, m\u00fckemmel de\u011fil. Eksiklerimiz ve kusurlar\u0131m\u0131z var. Ama daha adil ve iyi olmaya \u00e7al\u0131\u015f\u0131yoruz&#8230;<\/p>\n<p>Gazeteler tekzip ald\u0131klar\u0131 bir haber y\u00fcz\u00fcnden matbaadan toplat\u0131l\u0131p yak\u0131lm\u0131yor \u015f\u00fck\u00fcr ki!<\/p>\n<p>Ama biz yak\u0131l\u0131yoruz! Zaten sak\u0131ncal\u0131 bulup sildi\u011fimiz bir okuyucu yorumu y\u00fcz\u00fcnden yasal tebli\u011f bile yap\u0131lmadan KAPATILIYORUZ!!!<\/p>\n<p>\u0130nternet habercili\u011fi yap\u0131yorsak, yay\u0131nc\u0131 olarak sorumlulu\u011fumuz internet medyas\u0131n\u0131n ba\u015f\u0131ndaki sans\u00fcr belas\u0131n\u0131, okurun haber alma hakk\u0131n\u0131 engelleyen b\u00fcy\u00fck hukuksuzlu\u011fu duyurmak, dahas\u0131 \u00fclkemiz bu ay\u0131b\u0131 ya\u015famaktan nas\u0131l kurtulur buna kafa yormakt\u0131r.<\/p>\n<p>&#8216;\u0130nternetime dokunma!&#8217; i\u00e7i bo\u015f bir slogan de\u011fildir! D\u00fc\u015f\u00fcnce \u00f6zg\u00fcrl\u00fc\u011f\u00fc, haber alma \u00f6zg\u00fcrl\u00fc\u011f\u00fc, demokrasi gibi kavramlar\u0131n 21. y\u00fczy\u0131ldaki ifadesidir&#8230;..<\/p>\n<p>Buna sahip \u00e7\u0131kmazsak NEYE SAH\u0130P \u00c7IKACA\u011eIZ?<\/p>\n<p>AYL\u0130N DURUO\u011eLU<\/p>\n<p>gazetevatan.com Yay\u0131n M\u00fcd\u00fcr\u00fc &#8220;<\/p>\n<p>(Via <a href=\"\"><\/a>.)<\/p>\n","protected":false},"excerpt":{"rendered":"<p>Bir internet yay\u0131nc\u0131s\u0131 bu haberi nas\u0131l g\u00f6rmez!: &#8221; Bir internet yay\u0131nc\u0131s\u0131 bu haberi nas\u0131l g\u00f6rmez! gazetevatan.com&#8217;un ak\u0131l d\u0131\u015f\u0131, hukuk d\u0131\u015f\u0131 bir kararla kapat\u0131lmas\u0131 hem T\u00fcrkiye&#8217;de hem d\u00fcnyada tepki g\u00f6rd\u00fc. Okurlar\u0131m\u0131z binlerce mail ve telefonla tepkilerini bildirdiler. D\u00fcnyaca \u00fcnl\u00fc haber ajas\u0131 Reuters haberi duyurmakla kalmad\u0131. &#8216;Vatan Gazetesi&#8217;nin internet sitesinin kapat\u0131lma karar\u0131 T\u00fcrkiye&#8217;de d\u00fc\u015f\u00fcnce \u00f6zg\u00fcrl\u00fc\u011f\u00fc kayg\u0131lar\u0131n\u0131 yeniden art\u0131rd\u0131&#8217; diyerek durumu ele\u015ftirdi. CNNT\u00fcrk&#8230;<\/p>\n","protected":false},"author":1,"featured_media":0,"comment_status":"open","ping_status":"closed","sticky":false,"template":"","format":"standard","meta":{"jetpack_post_was_ever_published":false,"_jetpack_newsletter_access":"","_jetpack_dont_email_post_to_subs":false,"_jetpack_newsletter_tier_id":0,"_jetpack_memberships_contains_paywalled_content":false,"_jetpack_memberships_contains_paid_content":false,"footnotes":"","jetpack_publicize_message":"","jetpack_publicize_feature_enabled":true,"jetpack_social_post_already_shared":false,"jetpack_social_options":{"image_generator_settings":{"template":"highway","default_image_id":0,"font":"","enabled":false},"version":2}},"categories":[34,21,3],"tags":[],"class_list":["post-169","post","type-post","status-publish","format-standard","hentry","category-adnan-hoca","category-erisim-engelleme","category-sansur"],"jetpack_publicize_connections":[],"jetpack_featured_media_url":"","jetpack_sharing_enabled":true,"jetpack_shortlink":"https:\/\/wp.me\/p7wjA8-2J","jetpack-related-posts":[],"_links":{"self":[{"href":"https:\/\/privacy.cyber-rights.org.tr\/index.php?rest_route=\/wp\/v2\/posts\/169","targetHints":{"allow":["GET"]}}],"collection":[{"href":"https:\/\/privacy.cyber-rights.org.tr\/index.php?rest_route=\/wp\/v2\/posts"}],"about":[{"href":"https:\/\/privacy.cyber-rights.org.tr\/index.php?rest_route=\/wp\/v2\/types\/post"}],"author":[{"embeddable":true,"href":"https:\/\/privacy.cyber-rights.org.tr\/index.php?rest_route=\/wp\/v2\/users\/1"}],"replies":[{"embeddable":true,"href":"https:\/\/privacy.cyber-rights.org.tr\/index.php?rest_route=%2Fwp%2Fv2%2Fcomments&post=169"}],"version-history":[{"count":0,"href":"https:\/\/privacy.cyber-rights.org.tr\/index.php?rest_route=\/wp\/v2\/posts\/169\/revisions"}],"wp:attachment":[{"href":"https:\/\/privacy.cyber-rights.org.tr\/index.php?rest_route=%2Fwp%2Fv2%2Fmedia&parent=169"}],"wp:term":[{"taxonomy":"category","embeddable":true,"href":"https:\/\/privacy.cyber-rights.org.tr\/index.php?rest_route=%2Fwp%2Fv2%2Fcategories&post=169"},{"taxonomy":"post_tag","embeddable":true,"href":"https:\/\/privacy.cyber-rights.org.tr\/index.php?rest_route=%2Fwp%2Fv2%2Ftags&post=169"}],"curies":[{"name":"wp","href":"https:\/\/api.w.org\/{rel}","templated":true}]}}