{"id":170,"date":"2008-10-17T11:19:20","date_gmt":"2008-10-17T08:19:20","guid":{"rendered":"http:\/\/privacy.cyber-rights.org.tr\/?p=170"},"modified":"2008-10-17T11:19:25","modified_gmt":"2008-10-17T08:19:25","slug":"tam-anlamiyla-hukuk-skandali","status":"publish","type":"post","link":"https:\/\/privacy.cyber-rights.org.tr\/?p=170","title":{"rendered":"Tam anlam\u0131yla hukuk skandal\u0131!"},"content":{"rendered":"<p><a href=\"http:\/\/www9.vatanim.com.tr\/haberdetay.asp?detay=Tam_anlamiyla_hukuk_skandali_204039_1&#038;Newsid=204039\">Tam anlam\u0131yla hukuk skandal\u0131!<\/a><\/p>\n<p>Adnan Hoca&#8217;n\u0131n talebi \u00fczerine gazetevatan.com&#8217;u kapatan hakimin &#8216;hukuka ayk\u0131r\u0131&#8217; karar ald\u0131\u011f\u0131 ortaya \u00e7\u0131kt\u0131.<\/p>\n<p>Adnan Oktar\u2019\u0131n, Silivri 1. Asliye Hukuk Mahkemesi\u2019ne ba\u015fvurarak gazetevatan.com\u2019u sudan bahanelerle kapatt\u0131rmas\u0131, T\u00fcrkiye\u2019ye aya\u011fa kald\u0131rd\u0131. VATAN, bu karar\u0131 mercek alt\u0131na ald\u0131 ve Hakim \u015eeng\u00fcl Eli\u015f Bi\u00e7icio\u011flu\u2019nun sans\u00fcr\u00fc and\u0131ran karara imza atarken uygulayaca\u011f\u0131 yasay\u0131 g\u00f6zard\u0131 etti\u011fini ortaya \u00e7\u0131kard\u0131.<\/p>\n<p><a href=\"http:\/\/www9.vatanim.com.tr\/haberdetay.asp?detay=Tam_anlamiyla_hukuk_skandali_204039_1&amp;Newsid=204039\"><\/p>\n<div style=\"text-align:center;\"><img data-recalc-dims=\"1\" loading=\"lazy\" decoding=\"async\" src=\"https:\/\/i0.wp.com\/cyberlaw.org.uk\/wp-content\/uploads\/2008\/10\/vatan-sansur4.jpg?resize=474%2C302\" alt=\"vatan_sansur4.jpg\" border=\"0\" width=\"474\" height=\"302\" \/><\/div>\n<p><\/a><\/p>\n<p><strong>Hakim yetkili de\u011fil<\/strong><br \/>\nWeb sitesinden \u2019ki\u015filik haklar\u0131na sald\u0131r\u0131\u2019 oldu\u011funda uygulanacak yasa belli ge\u00e7en y\u0131l y\u00fcr\u00fcrl\u00fc\u011fe giren 5651 Say\u0131l\u0131 Kanun. Oysa hakim, bu \u00f6zel yasaya g\u00f6re de\u011fil ba\u015fka bir yasaya g\u00f6re karar olu\u015fturdu. Daha da \u00f6nemlisi bu yasa sadece Sulh Ceza Hakimlerini yetkili k\u0131ld\u0131\u011f\u0131 halde, Asliye Hukuk Hakimi olarak bu karar\u0131 verdi.<\/p>\n<p><strong>Tam anlam\u0131yla hukuk skandal\u0131<\/strong><br \/>\nVATAN gazetesinin internet sitesi \u2018gazetevatan.com\u2019 un kapat\u0131lmas\u0131na neden olan hukuk skandal\u0131, internet alan\u0131nda \u00e7\u0131kart\u0131lan \u00f6zel yasan\u0131n uygulanmamas\u0131ndan kaynakland\u0131. 5651 Say\u0131l\u0131 \u2018\u0130nternet Ortam\u0131nda Yap\u0131lan Yay\u0131nlar\u0131n D\u00fczenlen mesi ve Bu Yay\u0131nlar Yoluyla \u0130\u015flenen Su\u00e7larla M\u00fccadele Edilmesi Hakk\u0131ndaki\u2019 Kanun\u2019un 9\u2019uncu maddesi \u00f6zel olarak bu konuyu d\u00fczenliyor.<\/p>\n<p>Yasa 23 May\u0131s 2007\u2019de Resmi Gazete\u2019de yay\u0131nlanarak y\u00fcr\u00fcrl\u00fc\u011fe girdi\u011fi halde, bir y\u0131ld\u0131r az say\u0131da mahkeme taraf\u0131ndan uygulan\u0131yor. \u00c7o\u011fu hakim hala \u00f6zel d\u00fczenlenmi\u015f kanun yerine genel kanunlar\u0131 kullanmay\u0131 tercih ediyor. Bu durumda pek \u00e7ok internet sitesinin kapat\u0131lmas\u0131na neden oluyor.<\/p>\n<p><strong>Avukat ordusu var yasay\u0131 bilmiyormu\u015f!<\/strong><br \/>\nSans\u00fcr halini alan tedbir kararlar\u0131ndan sonuncusu VATAN\u2019\u0131n internet sitesi i\u00e7in verildi. Adnan Oktar, VATAN\u2019\u0131n internet sitesi gazetevatan.com\u2019u kapatt\u0131rd\u0131ktan sonra, d\u00fcn \u00c7\u0131ra\u011fan Saray\u0131\u2019nda bir bas\u0131n toplant\u0131s\u0131 d\u00fczenledi. Oktar gazetecilere gazetavatan.com\u2019u \u2018kapatt\u0131rmak zorunda kald\u0131\u011f\u0131n\u0131\u2019 anlatmaya \u00e7al\u0131\u015ft\u0131. Sitenin t\u00fcmden kapat\u0131lmas\u0131n\u0131 de\u011fil, sadece hakaret i\u00e7eren yay\u0131n\u0131n siteden \u00e7\u0131kart\u0131lmas\u0131n\u0131 istedi\u011fini anlatan Oktar, yasal olarak ba\u015fka bir yol olmad\u0131\u011f\u0131n\u0131 savundu. Ancak kendisine gerekli yasal d\u00fczenlemenin oldu\u011funu a\u00e7\u0131klamam\u0131z \u00fczerine, \u2018Avukatlar\u0131mla g\u00f6r\u00fc\u015f\u00fcp bu hususu de\u011ferlendirece\u011fim. E\u011fer b\u00f6yle bir imkan varsa elbette onu kullan\u0131r\u0131z. Ben her zaman fikir \u00f6zg\u00fcrl\u00fc\u011f\u00fcn\u00fcn yan\u0131nda, her t\u00fcrl\u00fc yasak\u00e7\u0131 anlay\u0131\u015f\u0131n da kar\u015f\u0131s\u0131nday\u0131m\u2019 dedi. \u0130\u015fte bas\u0131n toplant\u0131s\u0131nda Adnan Oktar ve avukatlar\u0131yla aram\u0131zda ge\u00e7en diyalog:<\/p>\n<p>Oktar: VATAN Gazetesi\u2019nin internet sitesinde hakk\u0131mda a\u011fza al\u0131nmayacak yay\u0131nlar yap\u0131lm\u0131\u015f. Biz bunlar\u0131n \u00e7\u0131kart\u0131lmas\u0131 i\u00e7in ba\u015fvuruda bulunduk ve 20 g\u00fcn boyunca bekledik. Kimse ciddiye almay\u0131nca hukuki yollara ba\u015fvurmak zorunda kald\u0131k.<\/p>\n<p><strong>Niye site yetkilisine ba\u015fvurulmad\u0131?<\/strong><br \/>\nVATAN: Neden yani bize ula\u015f\u0131n maili yerine, sitenin yetkilileriyle resmi yaz\u0131\u015fma yapmay\u0131 tercih etmediniz. \u0130nfo genellikle VATAN okurlar\u0131 taraf\u0131ndan kullan\u0131lan, ele\u015ftiri, yorum veya bilgilendirme ama\u00e7l\u0131 verilen bir adres.<\/p>\n<p>Oktar: Yani VATAN Gazetesi\u2019nin yetkililerine ba\u015fvursayd\u0131k bu yay\u0131nlar \u00e7\u0131kart\u0131l\u0131r m\u0131yd\u0131? Bu s\u00f6zlerinizi m\u00fcjdeli bir haber olarak kabul ediyorum.<\/p>\n<p><strong>Avukatlar\u0131m \u2019Yasal d\u00fczenleme\u2019 yok dedi<\/strong><br \/>\nVATAN: Fikir \u00f6zg\u00fcrl\u00fc\u011f\u00fcnden yana oldu\u011funuzu s\u00f6yl\u00fcyorsunuz ancak, avukatlar\u0131n\u0131z 5651 say\u0131l\u0131 yasan\u0131n 9\u2019uncu maddesine g\u00f6re sak\u0131ncal\u0131 i\u00e7eri\u011fin siteden \u00e7\u0131kart\u0131lmas\u0131n\u0131 isteseydi, site kapat\u0131lmayacakt\u0131. Yani asl\u0131nda yasal d\u00fczenleme var ancak uygulanm\u0131yor.<\/p>\n<p>Oktar: B\u00f6yle bir yasal d\u00fczenleme oldu\u011funu bilmiyorum. Hukuk tekni\u011fi a\u00e7\u0131s\u0131ndan bu yasay\u0131 inceleyece\u011fim ve avukatlar\u0131mla g\u00f6r\u00fc\u015fece\u011fim. Ancak avukatlar\u0131m\u0131n bana verdi\u011fi bilgiye g\u00f6re gerekli yasal d\u00fczenleme olmad\u0131\u011f\u0131 i\u00e7in, i\u00e7eri\u011fin yay\u0131ndan \u00e7\u0131kart\u0131lmas\u0131 m\u00fcmk\u00fcn olmuyor. Ancak site kapat\u0131larak yay\u0131n engellenebiliyor.<\/p>\n<p><strong>YASAKLARA KAR\u015eIYMI\u015e!<\/strong><br \/>\nBug\u00fcne kadar 61 siteye eri\u015fimi engellettiren Adnan Oktar, bas\u0131n toplant\u0131s\u0131nda \u2018Yasaklara kar\u015f\u0131y\u0131m\u2019 dedi!<\/p>\n","protected":false},"excerpt":{"rendered":"<p>Tam anlam\u0131yla hukuk skandal\u0131! Adnan Hoca&#8217;n\u0131n talebi \u00fczerine gazetevatan.com&#8217;u kapatan hakimin &#8216;hukuka ayk\u0131r\u0131&#8217; karar ald\u0131\u011f\u0131 ortaya \u00e7\u0131kt\u0131. Adnan Oktar\u2019\u0131n, Silivri 1. Asliye Hukuk Mahkemesi\u2019ne ba\u015fvurarak gazetevatan.com\u2019u sudan bahanelerle kapatt\u0131rmas\u0131, T\u00fcrkiye\u2019ye aya\u011fa kald\u0131rd\u0131. VATAN, bu karar\u0131 mercek alt\u0131na ald\u0131 ve Hakim \u015eeng\u00fcl Eli\u015f Bi\u00e7icio\u011flu\u2019nun sans\u00fcr\u00fc and\u0131ran karara imza atarken uygulayaca\u011f\u0131 yasay\u0131 g\u00f6zard\u0131 etti\u011fini ortaya \u00e7\u0131kard\u0131. Hakim yetkili de\u011fil Web sitesinden \u2019ki\u015filik&#8230;<\/p>\n","protected":false},"author":1,"featured_media":0,"comment_status":"open","ping_status":"closed","sticky":false,"template":"","format":"standard","meta":{"jetpack_post_was_ever_published":false,"_jetpack_newsletter_access":"","_jetpack_dont_email_post_to_subs":false,"_jetpack_newsletter_tier_id":0,"_jetpack_memberships_contains_paywalled_content":false,"_jetpack_memberships_contains_paid_content":false,"footnotes":"","jetpack_publicize_message":"","jetpack_publicize_feature_enabled":true,"jetpack_social_post_already_shared":false,"jetpack_social_options":{"image_generator_settings":{"template":"highway","default_image_id":0,"font":"","enabled":false},"version":2}},"categories":[22,34,5,21,28,3],"tags":[],"class_list":["post-170","post","type-post","status-publish","format-standard","hentry","category-5651-nolu-kanun","category-adnan-hoca","category-dusunce-ozgurlugu","category-erisim-engelleme","category-hakaret","category-sansur"],"jetpack_publicize_connections":[],"jetpack_featured_media_url":"","jetpack_sharing_enabled":true,"jetpack_shortlink":"https:\/\/wp.me\/p7wjA8-2K","jetpack-related-posts":[],"_links":{"self":[{"href":"https:\/\/privacy.cyber-rights.org.tr\/index.php?rest_route=\/wp\/v2\/posts\/170","targetHints":{"allow":["GET"]}}],"collection":[{"href":"https:\/\/privacy.cyber-rights.org.tr\/index.php?rest_route=\/wp\/v2\/posts"}],"about":[{"href":"https:\/\/privacy.cyber-rights.org.tr\/index.php?rest_route=\/wp\/v2\/types\/post"}],"author":[{"embeddable":true,"href":"https:\/\/privacy.cyber-rights.org.tr\/index.php?rest_route=\/wp\/v2\/users\/1"}],"replies":[{"embeddable":true,"href":"https:\/\/privacy.cyber-rights.org.tr\/index.php?rest_route=%2Fwp%2Fv2%2Fcomments&post=170"}],"version-history":[{"count":0,"href":"https:\/\/privacy.cyber-rights.org.tr\/index.php?rest_route=\/wp\/v2\/posts\/170\/revisions"}],"wp:attachment":[{"href":"https:\/\/privacy.cyber-rights.org.tr\/index.php?rest_route=%2Fwp%2Fv2%2Fmedia&parent=170"}],"wp:term":[{"taxonomy":"category","embeddable":true,"href":"https:\/\/privacy.cyber-rights.org.tr\/index.php?rest_route=%2Fwp%2Fv2%2Fcategories&post=170"},{"taxonomy":"post_tag","embeddable":true,"href":"https:\/\/privacy.cyber-rights.org.tr\/index.php?rest_route=%2Fwp%2Fv2%2Ftags&post=170"}],"curies":[{"name":"wp","href":"https:\/\/api.w.org\/{rel}","templated":true}]}}