{"id":171,"date":"2008-10-17T11:26:07","date_gmt":"2008-10-17T08:26:07","guid":{"rendered":"http:\/\/privacy.cyber-rights.org.tr\/?p=171"},"modified":"2008-10-17T11:30:29","modified_gmt":"2008-10-17T08:30:29","slug":"vatan-tebligat-yapilmaliydi","status":"publish","type":"post","link":"https:\/\/privacy.cyber-rights.org.tr\/?p=171","title":{"rendered":"Vatan: Tebligat yap\u0131lmal\u0131yd\u0131"},"content":{"rendered":"<p><a href=\"http:\/\/haber.gazetevatan.com\/haberdetay.asp?Newsid=204043\">Tebligat yap\u0131lmal\u0131yd\u0131<\/a>: &#8221; Tebligat yap\u0131lmal\u0131yd\u0131<\/p>\n<p>* \u0130nternet Hukuku Uzman\u0131 Avukat Ba\u015fak Purut: Bu karar tam anlam\u0131yla hukuk skandal\u0131. Verilen karar Adnan Oktar ile ilgili herhangi bir yay\u0131n yapmay\u0131 engelliyor. Bu bir tedbir de\u011fil sans\u00fcr halini alm\u0131\u015f. Oysa ki\u015filik haklar\u0131na hakaret i\u00e7eri\u011fi olan bir yay\u0131n tespit etmi\u015fse bu konuda \u00f6zel bir yasa var. Bu yasa bir y\u0131ldan fazla bir s\u00fcredir y\u00fcr\u00fcrl\u00fckte. 5651 Say\u0131l\u0131 yasan\u0131n 9\u2019uncu maddesine g\u00f6re karar veren pek \u00e7ok mahkeme var. Ancak halen bir\u00e7ok mahkeme de mevcut Medeni Kanun\u2019un ilgili maddelerine g\u00f6re, yani genel h\u00fck\u00fcmler \u00e7er\u00e7evesinde tedbir karar\u0131 veriyor. Verilen tedbir karar\u0131 orant\u0131l\u0131 ve mant\u0131kl\u0131 olsa, her iki kanuna g\u00f6re de h\u00fck\u00fcm verilmesi kabul edilebilir. Ancak VATAN Gazetesi gibi adresi ve sahibi belli, eri\u015filebilir bir site hakk\u0131nda bir okuyucu yorumu nedeniyle t\u00fcmden kapatma cezas\u0131 verilmesi, herhangi bir tebligata da gerek g\u00f6r\u00fclmemesi orant\u0131s\u0131z ve a\u011f\u0131rd\u0131r. B\u00f6yle bir durumda VATAN\u2019a tebligat yap\u0131labilirdi. Ancak do\u011frudan uygulanabilecek en a\u011f\u0131r yapt\u0131r\u0131m\u0131n uygulanm\u0131\u015f olmas\u0131 hukuka ve mant\u0131\u011fa ayk\u0131r\u0131d\u0131r. Tedbir karar\u0131n\u0131n \u015fekline ve nas\u0131l uygulanaca\u011f\u0131na mahkeme karar verir. Mahkeme burada gerekli muhakemeyi yap\u0131p VATAN Gazetesi\u2019nin sahibi belli olmayan ve art niyetli yay\u0131n yapmak i\u00e7in kurulmu\u015f bir siteyle ayn\u0131 kefeye koymamal\u0131d\u0131r.<\/p>\n<p>\u0130\u00e7erik \u00e7\u0131kart\u0131lmal\u0131yd\u0131<\/p>\n<p>* T\u00fcrkiye Gazeteciler Cemiyeti Hukuk Dan\u0131\u015fman\u0131 Fikret \u0130lkiz: 5651 say\u0131l\u0131 yasan\u0131n 9\u2019uncu maddesine g\u00f6re uygulama yap\u0131lm\u0131\u015f olsayd\u0131, \u00f6nce \u015fikayet edenin, i\u00e7erik sa\u011flay\u0131c\u0131ya ba\u015fvurmas\u0131 gerekirdi. Ancak burada b\u00f6yle bir uygulama yap\u0131lmam\u0131\u015f ve do\u011frudan Medeni Kanun\u2019un 24 ve 25\u2019inci maddeleri uygulanm\u0131\u015f. Burada sitenin tamam\u0131n\u0131n kapat\u0131lmas\u0131 konusunda karar verilmemesi gerekirdi. Adnan Oktar\u2019\u0131n ki\u015filik haklar\u0131na hakaret i\u00e7erdi\u011fi iddia edilen b\u00f6l\u00fcm\u00fcn\u00fcn yay\u0131ndan kald\u0131r\u0131lmas\u0131 y\u00f6n\u00fcnde karar vermeliydi. \u00c7\u00fcnk\u00fc b\u00fct\u00fcn site kapand\u0131\u011f\u0131nda okuyucular\u0131n di\u011fer haberlere ula\u015fma hakk\u0131 engellenmi\u015f oluyor. Bu noktada ihtiyati tedbir karar\u0131 al\u0131nabilir ama sitenin tamam\u0131 de\u011fil sadece karar al\u0131nan b\u00f6l\u00fcm\u00fcn kapat\u0131lmas\u0131 gerekir. &#8220;<\/p>\n","protected":false},"excerpt":{"rendered":"<p>Tebligat yap\u0131lmal\u0131yd\u0131: &#8221; Tebligat yap\u0131lmal\u0131yd\u0131 * \u0130nternet Hukuku Uzman\u0131 Avukat Ba\u015fak Purut: Bu karar tam anlam\u0131yla hukuk skandal\u0131. Verilen karar Adnan Oktar ile ilgili herhangi bir yay\u0131n yapmay\u0131 engelliyor. Bu bir tedbir de\u011fil sans\u00fcr halini alm\u0131\u015f. Oysa ki\u015filik haklar\u0131na hakaret i\u00e7eri\u011fi olan bir yay\u0131n tespit etmi\u015fse bu konuda \u00f6zel bir yasa var. Bu yasa bir y\u0131ldan fazla bir s\u00fcredir y\u00fcr\u00fcrl\u00fckte&#8230;.<\/p>\n","protected":false},"author":1,"featured_media":0,"comment_status":"open","ping_status":"closed","sticky":false,"template":"","format":"standard","meta":{"jetpack_post_was_ever_published":false,"_jetpack_newsletter_access":"","_jetpack_dont_email_post_to_subs":false,"_jetpack_newsletter_tier_id":0,"_jetpack_memberships_contains_paywalled_content":false,"_jetpack_memberships_contains_paid_content":false,"footnotes":"","jetpack_publicize_message":"","jetpack_publicize_feature_enabled":true,"jetpack_social_post_already_shared":false,"jetpack_social_options":{"image_generator_settings":{"template":"highway","default_image_id":0,"font":"","enabled":false},"version":2}},"categories":[22,34,5,21,28],"tags":[],"class_list":["post-171","post","type-post","status-publish","format-standard","hentry","category-5651-nolu-kanun","category-adnan-hoca","category-dusunce-ozgurlugu","category-erisim-engelleme","category-hakaret"],"jetpack_publicize_connections":[],"jetpack_featured_media_url":"","jetpack_sharing_enabled":true,"jetpack_shortlink":"https:\/\/wp.me\/p7wjA8-2L","jetpack-related-posts":[],"_links":{"self":[{"href":"https:\/\/privacy.cyber-rights.org.tr\/index.php?rest_route=\/wp\/v2\/posts\/171","targetHints":{"allow":["GET"]}}],"collection":[{"href":"https:\/\/privacy.cyber-rights.org.tr\/index.php?rest_route=\/wp\/v2\/posts"}],"about":[{"href":"https:\/\/privacy.cyber-rights.org.tr\/index.php?rest_route=\/wp\/v2\/types\/post"}],"author":[{"embeddable":true,"href":"https:\/\/privacy.cyber-rights.org.tr\/index.php?rest_route=\/wp\/v2\/users\/1"}],"replies":[{"embeddable":true,"href":"https:\/\/privacy.cyber-rights.org.tr\/index.php?rest_route=%2Fwp%2Fv2%2Fcomments&post=171"}],"version-history":[{"count":0,"href":"https:\/\/privacy.cyber-rights.org.tr\/index.php?rest_route=\/wp\/v2\/posts\/171\/revisions"}],"wp:attachment":[{"href":"https:\/\/privacy.cyber-rights.org.tr\/index.php?rest_route=%2Fwp%2Fv2%2Fmedia&parent=171"}],"wp:term":[{"taxonomy":"category","embeddable":true,"href":"https:\/\/privacy.cyber-rights.org.tr\/index.php?rest_route=%2Fwp%2Fv2%2Fcategories&post=171"},{"taxonomy":"post_tag","embeddable":true,"href":"https:\/\/privacy.cyber-rights.org.tr\/index.php?rest_route=%2Fwp%2Fv2%2Ftags&post=171"}],"curies":[{"name":"wp","href":"https:\/\/api.w.org\/{rel}","templated":true}]}}