{"id":177,"date":"2008-10-19T21:23:49","date_gmt":"2008-10-19T18:23:49","guid":{"rendered":"http:\/\/privacy.cyber-rights.org.tr\/?p=177"},"modified":"2008-10-19T21:23:51","modified_gmt":"2008-10-19T18:23:51","slug":"milliyet-hukukculardan-%e2%80%98vatan%e2%80%99-tepkisi","status":"publish","type":"post","link":"https:\/\/privacy.cyber-rights.org.tr\/?p=177","title":{"rendered":"Milliyet: Hukuk\u00e7ulardan \u2018Vatan\u2019 tepkisi"},"content":{"rendered":"<p><a href=\"http:\/\/www.milliyet.com.tr\/Guncel\/HaberDetay.aspx?aType=HaberDetay&#038;ArticleID=1004719&#038;Date=19.10.2008&#038;b=\">Hukuk\u00e7ulardan \u2018Vatan\u2019 tepkisi<\/a><\/p>\n<p>\u0130STANBUL Milliyet<\/p>\n<p>Vatan gazetesinin sitesine eri\u015fimin engellenmesi tepki \u00e7ekti: Karar hukuka ayk\u0131r\u0131. Burada Medeni Kanun h\u00fck\u00fcmleri uyguland\u0131. Asl\u0131nda \u015fik\u00e2yet konusu i\u00e7eri\u011fi yay\u0131ndan kald\u0131ran 5651 say\u0131l\u0131 yasa uygulanmal\u0131yd\u0131. Bu tam bir sans\u00fcr<\/p>\n<p>Kamuoyunda \u2018Adnan Hoca\u2019 olarak bilinen Adnan Oktar\u2019\u0131n avukatlar\u0131n\u0131n \u015fik\u00e2yeti \u00fczerine Vatan gazetesinin internet sitesinin Medeni Kanun h\u00fck\u00fcmleri uyar\u0131nca kapat\u0131lmas\u0131 hukuk\u00e7ular\u0131n tepkisine neden oldu.<br \/>\nVatan\u2019\u0131n sitesi \u2018gazetevatan.com\u2019a eri\u015fimin,  mahkeme karar\u0131yla engellenmesi ge\u00e7en y\u0131l y\u00fcr\u00fcrl\u00fc\u011fe giren, siteye eri\u015fimi engellemeden dava konusu i\u00e7eri\u011fi yay\u0131ndan kald\u0131rmay\u0131 d\u00fczenleyen 5651 say\u0131l\u0131 \u2018\u0130nternet Ortam\u0131nda Yap\u0131lan Yay\u0131nlar\u0131n D\u00fczenlenmesi ve Bu Yay\u0131nlar Yoluyla \u0130\u015flenen Su\u00e7larla M\u00fccadele Edilmesi Hakk\u0131ndaki Kanun\u2019u g\u00fcndeme getirdi. Medeni Kanun\u2019un 24 ve 25. maddeleri uyar\u0131nca verilen kararlarla Vatan gazetesi \u00f6rne\u011finde oldu\u011fu gibi siteye eri\u015fimin tamamen engelledi\u011fini anlatan hukuk\u00e7ular, 5651 say\u0131l\u0131 yasan\u0131n 9. maddesinin uygulanmas\u0131 halinde sadece \u015fikayet konusu i\u00e7eri\u011fin siteden \u00e7\u0131kar\u0131laca\u011f\u0131n\u0131 bildirdi. Bu yasan\u0131n halen bir\u00e7ok mahkeme taraf\u0131ndan uygulanmamas\u0131ndan yak\u0131nan hukuk\u00e7ular, internet sitelerine eri\u015fimin engellenmesini \u2018sans\u00fcr\u2019 olarak nitelendirdi.<\/p>\n<p>\u2018Bilgi alma hakk\u0131 engellendi\u2019<br \/>\n5651 say\u0131l\u0131 yasan\u0131n elektronik ileti\u015fim i\u00e7in haz\u0131rlanan \u00f6zel bir kanun oldu\u011funu ve \u00f6nceli\u011finin bulundu\u011funu vurgulayan Galatasaray \u00dcniversitesi Hukuk Fak\u00fcltesi Ceza Hukuku \u00f6\u011fretim \u00fcyesi Prof. Dr. K\u00f6ksal Bayraktar, Vatan gazetesine ili\u015fkin karar\u0131n hukuka ayk\u0131r\u0131 oldu\u011funu s\u00f6yledi. \u00d6zel kanunun genel kanundan \u00f6nce uygulanmas\u0131 gerekti\u011fini anlatan Bayraktar, \u2018Bir sitenin b\u00fct\u00fcn\u00fcyle kapat\u0131lmas\u0131 hukukun genel ilkeleri \u00e7er\u00e7evesinde sans\u00fcr niteli\u011fi ta\u015f\u0131r. B\u00f6ylece ifade \u00f6zg\u00fcrl\u00fc\u011f\u00fc ve  bireyin bilgi alma hakk\u0131 b\u00fct\u00fcn\u00fcyle ortadan kald\u0131r\u0131lmaktad\u0131r. \u0130nternetle ilgili \u00f6zel bir kanun bulundu\u011funa g\u00f6re \u00f6nce bu kanun uygulan\u0131r\u2019 dedi.<\/p>\n<p>T\u00fcrkiye Gazeteciler Cemiyeti Hukuk Dan\u0131\u015fman\u0131 Avukat Fikret \u0130lkiz sitenin kapat\u0131lmas\u0131n\u0131n yanl\u0131\u015f oldu\u011funu savunurken, \u0130nternet Hukuku Uzman\u0131 Avukat Ba\u015fak Purut, \u2018Bir\u00e7ok mahkeme 5651 say\u0131l\u0131 yasay\u0131 uygulam\u0131yor\u2019 diye konu\u015ftu.<\/p>\n<p><strong>Bu arada Silivri 1. Asliye Hukuk Mahkemesi \u2018gazetevatan.com\u2019a eri\u015fimin engellenmesi karar\u0131n\u0131 itiraz \u00fczerine kald\u0131rd\u0131<\/strong>.<\/p>\n","protected":false},"excerpt":{"rendered":"<p>Hukuk\u00e7ulardan \u2018Vatan\u2019 tepkisi \u0130STANBUL Milliyet Vatan gazetesinin sitesine eri\u015fimin engellenmesi tepki \u00e7ekti: Karar hukuka ayk\u0131r\u0131. Burada Medeni Kanun h\u00fck\u00fcmleri uyguland\u0131. Asl\u0131nda \u015fik\u00e2yet konusu i\u00e7eri\u011fi yay\u0131ndan kald\u0131ran 5651 say\u0131l\u0131 yasa uygulanmal\u0131yd\u0131. Bu tam bir sans\u00fcr Kamuoyunda \u2018Adnan Hoca\u2019 olarak bilinen Adnan Oktar\u2019\u0131n avukatlar\u0131n\u0131n \u015fik\u00e2yeti \u00fczerine Vatan gazetesinin internet sitesinin Medeni Kanun h\u00fck\u00fcmleri uyar\u0131nca kapat\u0131lmas\u0131 hukuk\u00e7ular\u0131n tepkisine neden oldu. Vatan\u2019\u0131n sitesi \u2018gazetevatan.com\u2019a&#8230;<\/p>\n","protected":false},"author":1,"featured_media":0,"comment_status":"open","ping_status":"closed","sticky":false,"template":"","format":"standard","meta":{"jetpack_post_was_ever_published":false,"_jetpack_newsletter_access":"","_jetpack_dont_email_post_to_subs":false,"_jetpack_newsletter_tier_id":0,"_jetpack_memberships_contains_paywalled_content":false,"_jetpack_memberships_contains_paid_content":false,"footnotes":"","jetpack_publicize_message":"","jetpack_publicize_feature_enabled":true,"jetpack_social_post_already_shared":false,"jetpack_social_options":{"image_generator_settings":{"template":"highway","default_image_id":0,"font":"","enabled":false},"version":2}},"categories":[34,5,21,3],"tags":[],"class_list":["post-177","post","type-post","status-publish","format-standard","hentry","category-adnan-hoca","category-dusunce-ozgurlugu","category-erisim-engelleme","category-sansur"],"jetpack_publicize_connections":[],"jetpack_featured_media_url":"","jetpack_sharing_enabled":true,"jetpack_shortlink":"https:\/\/wp.me\/p7wjA8-2R","jetpack-related-posts":[],"_links":{"self":[{"href":"https:\/\/privacy.cyber-rights.org.tr\/index.php?rest_route=\/wp\/v2\/posts\/177","targetHints":{"allow":["GET"]}}],"collection":[{"href":"https:\/\/privacy.cyber-rights.org.tr\/index.php?rest_route=\/wp\/v2\/posts"}],"about":[{"href":"https:\/\/privacy.cyber-rights.org.tr\/index.php?rest_route=\/wp\/v2\/types\/post"}],"author":[{"embeddable":true,"href":"https:\/\/privacy.cyber-rights.org.tr\/index.php?rest_route=\/wp\/v2\/users\/1"}],"replies":[{"embeddable":true,"href":"https:\/\/privacy.cyber-rights.org.tr\/index.php?rest_route=%2Fwp%2Fv2%2Fcomments&post=177"}],"version-history":[{"count":0,"href":"https:\/\/privacy.cyber-rights.org.tr\/index.php?rest_route=\/wp\/v2\/posts\/177\/revisions"}],"wp:attachment":[{"href":"https:\/\/privacy.cyber-rights.org.tr\/index.php?rest_route=%2Fwp%2Fv2%2Fmedia&parent=177"}],"wp:term":[{"taxonomy":"category","embeddable":true,"href":"https:\/\/privacy.cyber-rights.org.tr\/index.php?rest_route=%2Fwp%2Fv2%2Fcategories&post=177"},{"taxonomy":"post_tag","embeddable":true,"href":"https:\/\/privacy.cyber-rights.org.tr\/index.php?rest_route=%2Fwp%2Fv2%2Ftags&post=177"}],"curies":[{"name":"wp","href":"https:\/\/api.w.org\/{rel}","templated":true}]}}