{"id":182,"date":"2008-10-21T23:01:30","date_gmt":"2008-10-21T20:01:30","guid":{"rendered":"http:\/\/privacy.cyber-rights.org.tr\/?p=182"},"modified":"2008-10-21T23:01:33","modified_gmt":"2008-10-21T20:01:33","slug":"star-adnan-hoca-ile-sansur-uzerine","status":"publish","type":"post","link":"https:\/\/privacy.cyber-rights.org.tr\/?p=182","title":{"rendered":"Star: Adnan Hoca ile sans\u00fcr \u00fczerine"},"content":{"rendered":"<p><a href=\"http:\/\/www.stargazete.com\/gazete\/yazar\/adnan-hoca-ile-sansur-uzerine-138287.htm\">Star: Adnan Hoca ile sans\u00fcr \u00fczerine<\/a><\/p>\n<p>Hadi \u00d6z\u0131\u015f\u0131k<\/p>\n<p>Adnan Hoca\u2019n\u0131n ma\u015fallah\u0131 var; Telekom\u00fcnikasyon ile yar\u0131\u015f\u0131yor sanki. \u015eimdiye kadar yakla\u015f\u0131k 60 site kapatt\u0131rd\u0131&#8230; Bu sitelerin i\u00e7inde google bile var&#8230; \u00d6nceki g\u00fcn, Vatan\u2019\u0131n da kap\u0131s\u0131na kilit vurdurdu Adnan Hoca&#8230;<\/p>\n<p>Vatan\u2019\u0131n kapat\u0131lma nedeni bir okur yorumu&#8230;<\/p>\n<p>Adnan Hoca diyor ki:<br \/>\n-Herkes evinin i\u00e7indeki pisli\u011fi bilmeli.<br \/>\n<!--more--><br \/>\nAdnan Bey, okur yorumundan sitelerin sorumlu oldu\u011funu s\u00f6yl\u00fcyor bir ba\u015fka ifadeyle.. Bu m\u00fcmk\u00fcn de\u011fil, her g\u00fcn sitelerdeki haberlerin alt\u0131na ili\u015ftirilen 10 bine yak\u0131n yorum var.. Bu yorumlardan siteler sorumlu olursa, isteyen istedi\u011fi gibi elini kolunu sallar, istedi\u011fi hakareti yapar, istedi\u011fi gibi at ko\u015fturur. Biz site sakinleri olarak, okur yorumlar\u0131ndan okurlar\u0131n sorumlu oldu\u011funu iri puntolarla belirtiyoruz.<\/p>\n<p>Su\u00e7 te\u015fkil eden yorumlarla ilgili savc\u0131lar direkt olarak yorumu haberin alt\u0131na ili\u015ftiren okurun IP numaras\u0131n\u0131 isteyebiliyor bizden. Bir\u00e7ok k\u00fcf\u00fcrbaz hakk\u0131nda bu \u015fekilde dava a\u00e7\u0131ld\u0131 bug\u00fcne kadar, hakaret edenler tazminata mahkum oldu&#8230;<\/p>\n<p>\u015eunu anlatmak istiyorum; okur kimli\u011fini a\u00e7\u0131k bir \u015fekilde belirtiyor ve her \u015feyi g\u00f6ze alarak, k\u00fcf\u00fcr, hakaret veya k\u00fc\u00e7\u00fck d\u00fc\u015f\u00fcr\u00fcc\u00fc ifadeler kullan\u0131yorsa, o onun sorunudur art\u0131k.<\/p>\n<p>Adnan Hoca\u2019n\u0131n o yorumla ilgili hukuki i\u015flem ba\u015flatmas\u0131 do\u011frudur ama, \u015fikayet edilen Vatan\u2019\u0131n internet sitesi olmamal\u0131yd\u0131.. Okur yorumundan dolay\u0131 bir sitenin kapat\u0131lmas\u0131 vahimdir! Devam\u0131 gelirse, haber siteleri ya okur yorumlar\u0131na son verecek, ya da siteleri s\u00fcrekli kapal\u0131 olacak&#8230;<\/p>\n<p>\u00c7\u0131ra\u011fan Saray\u0131\u2019nda t\u00fcm bunlar\u0131 Adnan Hoca\u2019ya uzun uzun anlatt\u0131m. Notlar ald\u0131, s\u00f6ylediklerimi dikkate alaca\u011f\u0131n\u0131 belirtti ama, avukatlar\u0131n hali, tavr\u0131 ve s\u00f6ylemleri bu i\u015fin \u00e7\u00f6z\u00fclece\u011fine ili\u015fkin bana pek umut vermedi.<\/p>\n<p>Kapatt\u0131rmaya devam yani!<\/p>\n<p>K\u00fcf\u00fcr de olmas\u0131n mahkeme de<\/p>\n<p>Diyor ki:<br \/>\n-Hakaretleri orada yay\u0131ml\u0131yorsan, olumlu yorumlar\u0131 da yay\u0131mla&#8230;<\/p>\n<p>Devam ediyor:<br \/>\n-Beni dinle, seni ar\u0131yorum, hakareti bildiriyorum, bana mahkeme yolunu g\u00f6steriyorsun. Ben mahkemeye gidince bu sefer sans\u00fcr diye ba\u011f\u0131r\u0131yorsun. Gel buna gerek kalmas\u0131n, ben sana hakaretleri s\u00f6zl\u00fc ya da yaz\u0131l\u0131 bildireyim, sen \u00e7\u0131kar hi\u00e7 mahkemelik olmayal\u0131m.<\/p>\n<p>Adnan Hoca\u2019n\u0131n avukatlar\u0131 da ayn\u0131 \u015feyi s\u00f6yl\u00fcyor:<br \/>\n-K\u00fcf\u00fcr ve hakareti kald\u0131rs\u0131nlar mahkemeye hi\u00e7 gitmeyelim.<\/p>\n<p>Vatan\u2019\u0131n \u0130nternet Yay\u0131n M\u00fcd\u00fcr\u00fc Aylin Durako\u011flu ise bu konuda kendilerine bir talep gelmedi\u011fini s\u00f6yl\u00fcyor:<br \/>\n-G\u00f6zden ka\u00e7an yorumlar olabiliyor ama bilin\u00e7li bir \u015fekilde k\u00fcf\u00fcr, hakaret veya k\u00fc\u00e7\u00fck d\u00fc\u015f\u00fcr\u00fcc\u00fc ifadeler i\u00e7eren yorumlar\u0131 yay\u0131mlamam\u0131z m\u00fcmk\u00fcn de\u011fil. Ka\u00e7an yorumlar\u0131 farketti\u011fimiz anda, siteden \u00e7\u0131kar\u0131yoruz. Adnan Oktar\u2019a ki\u015fisel bir husumetimiz yok, onun hak\u0131nda yap\u0131lan olumsuz yorumlar\u0131 da \u00e7\u0131kar\u0131r\u0131z.<\/p>\n<p>O halde sorun yok!<\/p>\n<p>5651 bizi ba\u011flam\u0131yor<br \/>\n\u0130nternet Su\u00e7lar\u0131 ile M\u00fccadele Yasas\u0131\u2019n\u0131n \u0130nternet Medyas\u0131\u2019n\u0131 toplu i\u011fnenin ucu kadar ilgilendirmedi\u011fini, bu yasan\u0131n alt\u0131nda imzas\u0131 olan Ula\u015ft\u0131rma Bakan\u0131 Binali Y\u0131ld\u0131r\u0131m, yasa daha \u00e7\u0131kmadan bana s\u00f6ylemi\u015fti.<\/p>\n<p>Vatan, 5651\u2019in ipine sar\u0131lm\u0131\u015ft\u0131 d\u00fcn&#8230;<\/p>\n<p>\u00c7ok tehlikeli!<\/p>\n<p>Bu yasa, porno, kumar, Atat\u00fcrk\u2019e hakaret gibi su\u00e7larla m\u00fccadele i\u00e7in \u00e7\u0131kart\u0131ld\u0131&#8230; Haber siteleri 5651\u2019e g\u00f6re hareket ederse, iptal olurlar. 9. maddede, hakk\u0131nda haber yap\u0131lan ki\u015finin cevap hakk\u0131n\u0131 bir hafta s\u00fcreyle, sitenin en tepesinde yay\u0131mlama mecburiyeti var.<\/p>\n<p>Banner gibi!<\/p>\n<p>G\u00fcnde 400 haber at\u0131lan hangi haber sitesi bu y\u00fck\u00fc kald\u0131rabilir? Bizim \u015fu anda bir yasam\u0131z yok, a\u00e7\u0131lan davalar ise Bas\u0131n Kanunu \u00e7er\u00e7evesinde a\u00e7\u0131l\u0131yor.. Do\u011fru olan budur; haber ise i\u015fimiz, tabi olmam\u0131z gereken kanun 5651 de\u011fil Bas\u0131n Kanunu\u2019dur! <\/p>\n","protected":false},"excerpt":{"rendered":"<p>Star: Adnan Hoca ile sans\u00fcr \u00fczerine Hadi \u00d6z\u0131\u015f\u0131k Adnan Hoca\u2019n\u0131n ma\u015fallah\u0131 var; Telekom\u00fcnikasyon ile yar\u0131\u015f\u0131yor sanki. \u015eimdiye kadar yakla\u015f\u0131k 60 site kapatt\u0131rd\u0131&#8230; Bu sitelerin i\u00e7inde google bile var&#8230; \u00d6nceki g\u00fcn, Vatan\u2019\u0131n da kap\u0131s\u0131na kilit vurdurdu Adnan Hoca&#8230; Vatan\u2019\u0131n kapat\u0131lma nedeni bir okur yorumu&#8230; Adnan Hoca diyor ki: -Herkes evinin i\u00e7indeki pisli\u011fi bilmeli.<\/p>\n","protected":false},"author":1,"featured_media":0,"comment_status":"open","ping_status":"closed","sticky":false,"template":"","format":"standard","meta":{"jetpack_post_was_ever_published":false,"_jetpack_newsletter_access":"","_jetpack_dont_email_post_to_subs":false,"_jetpack_newsletter_tier_id":0,"_jetpack_memberships_contains_paywalled_content":false,"_jetpack_memberships_contains_paid_content":false,"footnotes":"","jetpack_publicize_message":"","jetpack_publicize_feature_enabled":true,"jetpack_social_post_already_shared":false,"jetpack_social_options":{"image_generator_settings":{"template":"highway","default_image_id":0,"font":"","enabled":false},"version":2}},"categories":[22,34,5,21,28],"tags":[],"class_list":["post-182","post","type-post","status-publish","format-standard","hentry","category-5651-nolu-kanun","category-adnan-hoca","category-dusunce-ozgurlugu","category-erisim-engelleme","category-hakaret"],"jetpack_publicize_connections":[],"jetpack_featured_media_url":"","jetpack_sharing_enabled":true,"jetpack_shortlink":"https:\/\/wp.me\/p7wjA8-2W","jetpack-related-posts":[],"_links":{"self":[{"href":"https:\/\/privacy.cyber-rights.org.tr\/index.php?rest_route=\/wp\/v2\/posts\/182","targetHints":{"allow":["GET"]}}],"collection":[{"href":"https:\/\/privacy.cyber-rights.org.tr\/index.php?rest_route=\/wp\/v2\/posts"}],"about":[{"href":"https:\/\/privacy.cyber-rights.org.tr\/index.php?rest_route=\/wp\/v2\/types\/post"}],"author":[{"embeddable":true,"href":"https:\/\/privacy.cyber-rights.org.tr\/index.php?rest_route=\/wp\/v2\/users\/1"}],"replies":[{"embeddable":true,"href":"https:\/\/privacy.cyber-rights.org.tr\/index.php?rest_route=%2Fwp%2Fv2%2Fcomments&post=182"}],"version-history":[{"count":0,"href":"https:\/\/privacy.cyber-rights.org.tr\/index.php?rest_route=\/wp\/v2\/posts\/182\/revisions"}],"wp:attachment":[{"href":"https:\/\/privacy.cyber-rights.org.tr\/index.php?rest_route=%2Fwp%2Fv2%2Fmedia&parent=182"}],"wp:term":[{"taxonomy":"category","embeddable":true,"href":"https:\/\/privacy.cyber-rights.org.tr\/index.php?rest_route=%2Fwp%2Fv2%2Fcategories&post=182"},{"taxonomy":"post_tag","embeddable":true,"href":"https:\/\/privacy.cyber-rights.org.tr\/index.php?rest_route=%2Fwp%2Fv2%2Ftags&post=182"}],"curies":[{"name":"wp","href":"https:\/\/api.w.org\/{rel}","templated":true}]}}