{"id":190,"date":"2008-10-26T16:53:49","date_gmt":"2008-10-26T13:53:49","guid":{"rendered":"http:\/\/privacy.cyber-rights.org.tr\/?p=190"},"modified":"2008-10-26T16:53:53","modified_gmt":"2008-10-26T13:53:53","slug":"radikal-diyarbakir-mahkemesi-blogger%e2%80%99i-yasaklayinca","status":"publish","type":"post","link":"https:\/\/privacy.cyber-rights.org.tr\/?p=190","title":{"rendered":"Radikal: Diyarbak\u0131r Mahkemesi Blogger\u2019\u0131 yasaklay\u0131nca&#8230;"},"content":{"rendered":"<p><a href=\"http:\/\/www.radikal.com.tr\/Default.aspx?aType=YazarYazisi&#038;ArticleID=905191&#038;Yazar=ORAL%20%C3%87ALI%C5%9ELAR&#038;Date=26.10.2008&#038;CategoryID=97\">Diyarbak\u0131r Mahkemesi Blogger\u2019\u0131 yasaklay\u0131nca&#8230;<\/a><\/p>\n<p>ORAL \u00c7ALI\u015eLAR, 26\/10\/2008<\/p>\n<p>Gece TV program\u0131ndan eve d\u00f6nd\u00fc\u011f\u00fcmde Re\u015fat (\u00c7al\u0131\u015flar) kar\u015f\u0131lad\u0131. \u015ea\u015fk\u0131nl\u0131kla y\u00fcz\u00fcme bak\u0131yordu. \u201cOdama gel sana bir \u015fey g\u00f6sterece\u011fim\u201d dedi. Bilgisayar\u0131 a\u00e7\u0131kt\u0131 ve ekranda \u015funlar yaz\u0131yordu:<br \/>\n\u201cBu siteye eri\u015fim mahkeme karar\u0131yla engellenmi\u015ftir. T.C. Diyarbak\u0131r 1. Sulh Ceza Mahkemesi 20.10.2008 tarih ve 2008\/2761 say\u0131l\u0131 karar\u0131 gere\u011fi bu siteye eri\u015fim engellenmi\u015ftir.\u201d<\/p>\n<p><!--more--><br \/>\nRe\u015fat\u2019a bunun ne anlama geldi\u011fini sordum. Anlatt\u0131\u011f\u0131 \u00f6zetle \u015fu: T\u00fcrkiye\u2019de yayg\u0131n olarak kullan\u0131lan belliba\u015fl\u0131 \u00fc\u00e7 blog sa\u011flay\u0131c\u0131s\u0131 bulunuyor. Belli servis sa\u011flay\u0131c\u0131 siteler \u00fczerinden girilen ve herkesin kendisine bir site olu\u015fturma olana\u011f\u0131 buldu\u011fu blog sistemi, internetteki yaz\u0131\u015fma, haberle\u015fme, bilgi al\u0131\u015fveri\u015fi, tart\u0131\u015fma, foto\u011fraf, \u015fiir, video yay\u0131mlama gibi bir\u00e7ok temel konuyu kaps\u0131yor.<br \/>\nMerkezi T\u00fcrkiye\u2019de olan blogcu.com\u2019un 390 bin civar\u0131nda \u00fcyesi bulunuyor. Re\u015fat\u2019\u0131n blogu\u2019nun yer ald\u0131\u011f\u0131 \u2018blogspot.com\u2019 ise google taraf\u0131ndan kurulmu\u015f olan bir blog a\u011f\u0131. Onun T\u00fcrkiye\u2019deki \u00fcyelerinin say\u0131s\u0131 tam bilinmemekle birlikte y\u00fcz binlerin bu blog a\u011f\u0131 i\u00e7inde yer ald\u0131\u011f\u0131 s\u00f6ylenebilir. \u00dc\u00e7\u00fcnc\u00fc blog a\u011f\u0131 ise \u2018wordpress.com\u2019. Ba\u015fka baz\u0131 yerli ve yabanc\u0131 blog sa\u011flay\u0131c\u0131 siteler de bulunuyor.<br \/>\nSonu\u00e7 olarak blog\u2019lar milyonlarca insan\u0131n \u00f6zellikle de gen\u00e7lerin internetteki bilgilenme, haberle\u015fme ve g\u00fcnl\u00fck tutma gibi ihtiya\u00e7lar\u0131n\u0131 kar\u015f\u0131layan bir  a\u011f\u0131 ifade ediyor. \u00d6rne\u011fin bu blog\u2019lar i\u00e7inde en \u00e7ok ilgi \u00e7ekenlerden birisi, \u2018portakal a\u011fac\u0131\u2019 adl\u0131 bir yemek tarifi blog\u2019uydu.<br \/>\nRe\u015fat\u2019a Diyarbak\u0131r Mahkemesi\u2019nin neden b\u00f6yle bir karar alm\u0131\u015f olabilece\u011fini sordum \u015funlar\u0131 s\u00f6yledi: Herhalde bunlar blog\u2019un tek bir merkez taraf\u0131ndan y\u00f6netilen bir gazete oldu\u011funu san\u0131yorlar. O nedenle bir blog sayfas\u0131nda kendilerince sak\u0131ncal\u0131 bir ifade g\u00f6r\u00fcnce o sayfayla ayn\u0131 servis sa\u011flay\u0131c\u0131yla ili\u015fkisi olan b\u00fct\u00fcn blog\u2019lar\u0131 kapat\u0131yorlar.<br \/>\nBu yasak \u00fczerine gen\u00e7ler internet sitelerinde \u015fa\u015fk\u0131nl\u0131k i\u00e7inde tart\u0131\u015fmaya ba\u015flad\u0131lar. Yasa\u011f\u0131 ele\u015ftirdiler. Bu tepkilerin bir k\u0131sm\u0131n\u0131 sizlerle payla\u015f\u0131yorum.<br \/>\n\u201cEngellemenin son kurban\u0131. Ama olmuyor, olmuyor ne yapsan\u0131z olmuyor. Bu gen\u00e7lik yine bi yolunu bulup girecek bu siteye, tek bir \u00e7\u00f6z\u00fcm var Taksim\u2019de salland\u0131rmak. \u015e\u00f6yle iyilerinden, olmu\u015flar\u0131ndan 3-5 tanesini salland\u0131racaks\u0131n, ibreti alem olsun diye orda b\u0131rakacaks\u0131n. \u0130\u015fte o zaman girmezler b\u00f6yle sitelere&#8230;<br \/>\nGece gece sinirlerimi z\u0131platan sa\u00e7ma uygulama. Ak\u015fam \u00fczeri akl\u0131mda yazaca\u011f\u0131m yaz\u0131lar\u0131n hevesiyle eve geliyorum. Bak\u0131yorum ki birileri ba\u015fkalar\u0131n\u0131 cezaland\u0131rmak ad\u0131na beni cezaland\u0131rm\u0131\u015f. \u0130nternet musluk sanki birilerinin iste\u011fine g\u00f6re a\u00e7\u0131l\u0131p kapan\u0131yor.<br \/>\n\u0130lk tepkim bu durumu protesto eden bir yaz\u0131y\u0131 blog\u2019umda yay\u0131nlamak olacak. Blogger.com\u2019a girmeden de gmail \u00fczerinden yaz\u0131lar\u0131m\u0131z\u0131 siteye g\u00f6nderme gibi bir opsiyonumuz var \u00e7ok \u015f\u00fck\u00fcr&#8230; \u0130lla ki bir \u015fekilde insanlara d\u00fc\u015f\u00fcncelerimi aktaraca\u011f\u0131m.<br \/>\nKonunun sa\u00e7mal\u0131\u011f\u0131, \u00f6zg\u00fcrl\u00fck kar\u015f\u0131t\u0131 olu\u015fu ve t\u00fcm di\u011fer arg\u00fcmanlar bir yana, \u2018Diyarbak\u0131r 1. Sulh Ceza Mahkemesi 20.10.2008 tarih ve 2008\/2761 say\u0131l\u0131 karar\u0131\u2019 ile ilgili herhangi bir bilgiye ula\u015f\u0131lamamas\u0131 da garipli\u011fin di\u011fer bir boyutu olsa gerek. Ortada ger\u00e7ekten b\u00f6yle bir karar oldu\u011fundan bile emin olam\u0131yoruz gerek\u00e7esi belirtilmemi\u015f oldu\u011fu i\u00e7in.<br \/>\nBlogger\u2019in hayat\u0131mdaki yerini y\u00fcz\u00fcme vurmu\u015f olan engellemedir. Art\u0131k rahatl\u0131kla kavrayabiliyorum ki ben interneti s\u0131rf blogum i\u00e7in kullan\u0131yormu\u015fum. Yakla\u015f\u0131k yar\u0131m g\u00fcnd\u00fcr hayat\u0131mda yok ve ben zaten internetsiz kalm\u0131\u015f gibiyim. Bloglar\u0131n yayg\u0131nla\u015fmas\u0131yla birlikte internetin \u2018s\u0131radan\u2019aktif kullan\u0131c\u0131lar\u0131 olarak kendimizi anlatma imkan\u0131 bulmu\u015ftuk. T\u00fcrkiye\u2019nin ve d\u00fcnyan\u0131n uzak u\u00e7lar\u0131ndan insanlar\u0131 tan\u0131yabiliyorduk, yine bu sayede pek \u00e7ok da arkada\u015f\u0131m\u0131z olmu\u015ftu. Buydu demek ki birilerine batan. Belki de d\u00fc\u015f\u00fcnd\u00fcklerimizi rahat\u00e7a ifade edebilmemizdi&#8230;<br \/>\nBence bu yasaklar\u0131 geni\u015fletmekte fayda var.<br \/>\n-az \u00f6nce k\u00f6pr\u00fcde kaza vard\u0131, otoyollar\u0131n t\u00fcm\u00fcn\u00fc kapatsan\u0131za<br \/>\n-bol kep\u00e7e lokantas\u0131nda biri zehirlenmi\u015f restoranlar\u0131 kapatsan\u0131za<br \/>\n-akp\u2019li bir bakan yolsuzluk yapm\u0131\u015f akp\u2019yi kapatsan\u0131za<br \/>\n-milli tak\u0131m yenilmi\u015f, \u00fclkede futbolu yasaklasan\u0131za<br \/>\n-h\u0131zl\u0131 tren kaza yapm\u0131\u015f demir yollar\u0131n\u0131 kapatsan\u0131za<br \/>\nBu nas\u0131l bir ak\u0131ldan \u00e7\u0131kma, ne b\u00fcy\u00fck bir sa\u00e7mal\u0131\u011f\u0131n \u00fcr\u00fcn\u00fcd\u00fcr. Bu keyfe kederlik, bu yasak\u00e7\u0131l\u0131k nas\u0131l bir korkunun \u00fcr\u00fcn\u00fcd\u00fcr. Allah\u2019\u0131n\u0131z sizi bildi\u011fi gibi yaps\u0131n.<br \/>\nGe\u00e7en y\u0131l wordpress\u2019e eri\u015fim engellenmi\u015fti. Bug\u00fcn itibariyle, benim de kulland\u0131\u011f\u0131m d\u00fcnyan\u0131n en b\u00fcy\u00fck blog servisi blogger\u2019a eri\u015fim de mahkeme karar\u0131yla engellendi. Engellemenin s\u00fcresini bile bilmiyoruz.<br \/>\nBu engellemelerin internet\u2019i kullanmay\u0131 bilenler i\u00e7in hi\u00e7bir anlam\u0131 olmad\u0131\u011f\u0131n\u0131, bu nedenle T\u00fcrkiye\u2019yi d\u00fcnyada g\u00fcl\u00fcn\u00e7 duruma  d\u00fc\u015f\u00fcrd\u00fc\u011f\u00fcn\u00fc, bizi ise utan\u00e7 i\u00e7inde b\u0131rakt\u0131\u011f\u0131n\u0131 s\u00f6yleyerek karar\u0131 protesto ediyorum. T\u00fcrk hukuk sistemi \u00f6nce \u2018bili\u015fim\u2019i bilip sonra hukukunu olu\u015fturmal\u0131d\u0131r.\u201d<br \/>\n\u201cR\u00fcyalar da sans\u00fcrlenebilir yak\u0131nda, hayaller de&#8230;\u201d<br \/>\nAnayasa Mahkemesi 20\u2019den fazla parti kapatan bir \u00fclkede, Diyarbak\u0131r Mahkemesi de blog\u2019u yasaklar olur biter&#8230;<\/p>\n","protected":false},"excerpt":{"rendered":"<p>Diyarbak\u0131r Mahkemesi Blogger\u2019\u0131 yasaklay\u0131nca&#8230; ORAL \u00c7ALI\u015eLAR, 26\/10\/2008 Gece TV program\u0131ndan eve d\u00f6nd\u00fc\u011f\u00fcmde Re\u015fat (\u00c7al\u0131\u015flar) kar\u015f\u0131lad\u0131. \u015ea\u015fk\u0131nl\u0131kla y\u00fcz\u00fcme bak\u0131yordu. \u201cOdama gel sana bir \u015fey g\u00f6sterece\u011fim\u201d dedi. Bilgisayar\u0131 a\u00e7\u0131kt\u0131 ve ekranda \u015funlar yaz\u0131yordu: \u201cBu siteye eri\u015fim mahkeme karar\u0131yla engellenmi\u015ftir. T.C. Diyarbak\u0131r 1. Sulh Ceza Mahkemesi 20.10.2008 tarih ve 2008\/2761 say\u0131l\u0131 karar\u0131 gere\u011fi bu siteye eri\u015fim engellenmi\u015ftir.\u201d<\/p>\n","protected":false},"author":1,"featured_media":0,"comment_status":"open","ping_status":"closed","sticky":false,"template":"","format":"standard","meta":{"jetpack_post_was_ever_published":false,"_jetpack_newsletter_access":"","_jetpack_dont_email_post_to_subs":false,"_jetpack_newsletter_tier_id":0,"_jetpack_memberships_contains_paywalled_content":false,"_jetpack_memberships_contains_paid_content":false,"footnotes":"","jetpack_publicize_message":"","jetpack_publicize_feature_enabled":true,"jetpack_social_post_already_shared":false,"jetpack_social_options":{"image_generator_settings":{"template":"highway","default_image_id":0,"font":"","enabled":false},"version":2}},"categories":[5,21,36,3],"tags":[],"class_list":["post-190","post","type-post","status-publish","format-standard","hentry","category-dusunce-ozgurlugu","category-erisim-engelleme","category-fikri-haklar","category-sansur"],"jetpack_publicize_connections":[],"jetpack_featured_media_url":"","jetpack_sharing_enabled":true,"jetpack_shortlink":"https:\/\/wp.me\/p7wjA8-34","jetpack-related-posts":[],"_links":{"self":[{"href":"https:\/\/privacy.cyber-rights.org.tr\/index.php?rest_route=\/wp\/v2\/posts\/190","targetHints":{"allow":["GET"]}}],"collection":[{"href":"https:\/\/privacy.cyber-rights.org.tr\/index.php?rest_route=\/wp\/v2\/posts"}],"about":[{"href":"https:\/\/privacy.cyber-rights.org.tr\/index.php?rest_route=\/wp\/v2\/types\/post"}],"author":[{"embeddable":true,"href":"https:\/\/privacy.cyber-rights.org.tr\/index.php?rest_route=\/wp\/v2\/users\/1"}],"replies":[{"embeddable":true,"href":"https:\/\/privacy.cyber-rights.org.tr\/index.php?rest_route=%2Fwp%2Fv2%2Fcomments&post=190"}],"version-history":[{"count":0,"href":"https:\/\/privacy.cyber-rights.org.tr\/index.php?rest_route=\/wp\/v2\/posts\/190\/revisions"}],"wp:attachment":[{"href":"https:\/\/privacy.cyber-rights.org.tr\/index.php?rest_route=%2Fwp%2Fv2%2Fmedia&parent=190"}],"wp:term":[{"taxonomy":"category","embeddable":true,"href":"https:\/\/privacy.cyber-rights.org.tr\/index.php?rest_route=%2Fwp%2Fv2%2Fcategories&post=190"},{"taxonomy":"post_tag","embeddable":true,"href":"https:\/\/privacy.cyber-rights.org.tr\/index.php?rest_route=%2Fwp%2Fv2%2Ftags&post=190"}],"curies":[{"name":"wp","href":"https:\/\/api.w.org\/{rel}","templated":true}]}}