{"id":193,"date":"2008-10-27T16:53:53","date_gmt":"2008-10-27T13:53:53","guid":{"rendered":"http:\/\/privacy.cyber-rights.org.tr\/?p=193"},"modified":"2008-10-27T16:53:55","modified_gmt":"2008-10-27T13:53:55","slug":"radikal-burasi-turkiye-sansur-surer-boyle","status":"publish","type":"post","link":"https:\/\/privacy.cyber-rights.org.tr\/?p=193","title":{"rendered":"Radikal: Buras\u0131 T\u00fcrkiye sans\u00fcr s\u00fcrer b\u00f6yle"},"content":{"rendered":"<p>Maalesef T\u00fcrkiye&#8217;yi y\u00f6netenlerin yakla\u015f\u0131m\u0131 bu \u015fekilde ise ya da \u0130nternet&#8217;ten bu kadar anl\u0131yorlarsa daha yontulmas\u0131 gereken \u00e7ok ta\u015f var demektir. Zamanla iht\u015fsasla\u015fma olucak demek yanl\u0131\u015f yapa yapa \u00fc\u00e7 vakte kadar \u00f6\u011frenece\u011fiz demek. B\u00f6yle sa\u00e7mal\u0131k olur mu? Hadi 5651 numaral\u0131 kanunun tart\u0131\u015fmas\u0131n\u0131 bir tarafa b\u0131rak, uygulaman\u0131n kanunlara uygun olarak yap\u0131lmas\u0131 laz\u0131m, uygulamadaki yanl\u0131\u015fl\u0131klar ve keyfi uygulamalar kabul edilemez. <\/p>\n<p>Adalet Bakanl\u0131\u011f\u0131 ve Ula\u015ft\u0131rma Bakanl\u0131\u011f\u0131 \u00f6zellikle 5651 numaral\u0131 kanunla ilgili uygulamadaki yanl\u0131\u015fl\u0131klar\u0131n fark\u0131nda ama nedense mahkemelerin ve savc\u0131lar\u0131n keyfi uygulamalar\u0131na, ve ve bu yanl\u0131\u015f uygulaman\u0131n \u0131srarla s\u00fcrd\u00fcr\u00fclmesine sessiz kal\u0131yorlar. <\/p>\n<p>[Yaman Akdeniz]<\/p>\n<p><a href=\"http:\/\/www.radikal.com.tr\/Default.aspx?aType=Detay&#038;ArticleID=905434&#038;Date=27.10.2008&#038;CategoryID\">Radikal: Buras\u0131 T\u00fcrkiye sans\u00fcr s\u00fcrer b\u00f6yle<\/a><\/p>\n<p>27\/10\/2008<\/p>\n<p>Ula\u015ft\u0131rma Bakan\u0131 Y\u0131ld\u0131r\u0131m&#8217;dan kapat\u0131lan internet siteleri i\u00e7in yorum: <strong>Ben Youtube&#8217;m ben Facebook&#8217;um bana kimse kar\u0131\u015famaz&#8217; derlerse b\u00f6yle bir \u015feye m\u00fcsade etmemiz m\u00fcmk\u00fcn de\u011fil. Bu konuya bakan mahkemeler zamanla ihtisasla\u015fma sa\u011flayacak<\/strong>. <\/p>\n<p>ANKARA &#8211; Ula\u015ft\u0131rma Bakan\u0131 Binali Y\u0131ld\u0131r\u0131m, T\u00fcrkiye\u2019de bilgi ileti\u015fim alan\u0131nda ihtisasla\u015fm\u0131\u015f mahkemelerin bulunmad\u0131\u011f\u0131n\u0131 belirterek, &#8216;Zamanla bu konuda da ihtisasla\u015fma olacak, internet sitelerinin tamamen kapat\u0131lmas\u0131 uygulamalar\u0131 sona erecek&#8217; dedi.<\/p>\n<p>Y\u0131ld\u0131r\u0131m, internet sitelerine eri\u015fimin engellenmesi konusunda yeni bir d\u00fczenleme yap\u0131l\u0131p yap\u0131lmayaca\u011f\u0131 y\u00f6n\u00fcndeki soruya, internette su\u00e7 te\u015fkil edecek yay\u0131nlar konusunda Ula\u015ft\u0131rma Bakanl\u0131\u011f\u0131n\u0131n hassasiyetle durdu\u011funu dile getirdi.<\/p>\n<p>Bu konuda daha \u00f6nce yasal d\u00fczenleme bulunmad\u0131\u011f\u0131n\u0131, bunu \u00f6nlemek i\u00e7in ba\u015fta Atat\u00fcrk\u2019e hakaret olmak \u00fczere a\u011f\u0131rl\u0131k\u0131 olarak sanal ortamda \u015fans oyunlar\u0131, \u00e7ocuklar\u0131n ve gen\u00e7lerin cinsel istismar\u0131 gibi konularla s\u0131n\u0131rl\u0131 olmak olmak \u00fczere yasa \u00e7\u0131kar\u0131ld\u0131\u011f\u0131n\u0131 an\u0131msatan Y\u0131ld\u0131r\u0131m, &#8216;Bu yasada s\u0131ralanan su\u00e7lar, T\u00fcrk Ceza Kanunu\u2019nda (TCK) da fiziki ortamda da da ger\u00e7ek ortamda da su\u00e7 kabul edilen su\u00e7lar. \u00c7\u0131kard\u0131\u011f\u0131m\u0131z internet g\u00fcvenli\u011fi ile ilgili yasadaki su\u00e7lar halihaz\u0131rda TCK da su\u00e7 olarak say\u0131lm\u0131\u015f su\u00e7lar olup bunlar, sanal ortamda i\u015flenmesi m\u00fcmk\u00fcn olan su\u00e7lar\u0131 kapsamaktad\u0131r. Bunlar 10 maddedir. Bir tek istisnas\u0131 var; Atat\u00fcrk\u2019e hakarettir. O ayr\u0131 bir kanunla d\u00fczenlenmi\u015ftir. O da buna dahil edildi. Youtube\u2019un kapat\u0131lmas\u0131nda Atat\u00fcrk\u2019e hakaret konusunda Youtube yetkililerinin gerekli hassasiyeti g\u00f6stermemeleri, bu videoyu kald\u0131rmamakta \u0131srar etmeleridir. Onun sebebi budur, onu s\u00f6yleyeyim&#8217; diye konu\u015ftu.<\/p>\n<p>-AMA\u00c7 YASAK DE\u011e\u0130L-<br \/>\nBir gazetecinin &#8216;Youtube\u2019daki video kald\u0131r\u0131lmadan site tekrar a\u00e7\u0131l\u0131yor, yine kapan\u0131yor. B\u00f6yle a\u00e7\u0131lmas\u0131 m\u00fcmk\u00fcn m\u00fc?&#8217; \u015feklindeki sorusuna Y\u0131ld\u0131r\u0131m, &#8216;Kald\u0131r\u0131lmadan hi\u00e7bir \u015fekilde a\u00e7\u0131lmaz. Yasalar \u00e7ok a\u00e7\u0131k. Hakim karar\u0131n\u0131n \u00f6ncesinde de zaten onlara s\u00f6zl\u00fc, yaz\u0131l\u0131 uyar\u0131da bulunuyor. Kald\u0131r\u0131lsa zaten hakime gitmeye gerek yok. Demek ki o a\u015famalar ge\u00e7mi\u015f.<strong> Ama\u00e7, hi\u00e7bir zaman yasak de\u011fil, yasak olmam\u0131\u015ft\u0131r&#8217; <\/strong>yan\u0131t\u0131n\u0131 verdi. Y\u0131ld\u0131r\u0131m, yasalar\u0131 uygulayan ve yorumlayanlar\u0131n yarg\u0131\u00e7lar oldu\u011funu ifade ederek, yarg\u0131\u00e7lar\u0131n yasalara g\u00f6re karar olu\u015fturmas\u0131 gerekti\u011fini s\u00f6yledi. Bilgi ileti\u015fim alan\u0131n\u0131n yeni bir alan oldu\u011funu dile getiren Y\u0131ld\u0131r\u0131m, \u015f\u00f6yle devam etti:<\/p>\n<p><strong>&#8216;Bilgi ileti\u015fim alan\u0131nda ihtisasla\u015fm\u0131\u015f mahkemelerimiz yoktur. Zamanla bu konuda da ihtisasla\u015fma olacak. Bu gibi toptanc\u0131 uygulamalar da sona erecektir. Hangi sitedeki hangi haber, hangi eylem su\u00e7 ise m\u00fccadele onunla s\u0131n\u0131rl\u0131 kalacakt\u0131r. Demek ki bu uygulamada yeterli ihtisasla\u015fman\u0131n olmamas\u0131ndan kaynaklanan bir aksakl\u0131kt\u0131r. Bunun da zamanla giderilece\u011fini d\u00fc\u015f\u00fcn\u00fcyoruz. Hakimlerimiz bu tecr\u00fcbeyi k\u0131sa s\u00fcrede kazanacakt\u0131r.&#8217;<\/strong><\/p>\n<p>-\u0130HT\u0130SASLA\u015eTIRILMI\u015e MAHKEMELER ZAMANLA OLACAK-<br \/>\nY\u0131ld\u0131r\u0131m, &#8216;\u0130htisasla\u015ft\u0131r\u0131lm\u0131\u015f mahkemeler olu\u015fturulmas\u0131 y\u00f6n\u00fcnde \u00e7al\u0131\u015fmalar\u0131n\u0131z var m\u0131?&#8217; sorusu \u00fczerine, \u015funlar\u0131 kaydetti:&#8217;Zaman i\u00e7erisinde olacak bir \u015fey bu. Hepimizi i\u00e7in yeni bir alan. Her g\u00fcn yeni yeni siteler \u00e7\u0131k\u0131yor. Bunlar\u0131n \u00f6\u011frenilmesi, bu bilgi toplumuna y\u00f6nelik detaylar\u0131 bilebilmemiz m\u00fcmk\u00fcn de\u011fil. Gen\u00e7ler daha \u00e7abuk bu i\u015fin i\u00e7ine giriyor. <strong>Bizim ya\u015ftaki insanlar biraz bu alan\u0131n d\u0131\u015f\u0131nda kald\u0131lar. Bunun i\u00e7in biraz gayret g\u00f6stermemiz laz\u0131m. <\/strong>O y\u00fczden yarg\u0131\u00e7lar\u0131n tecr\u00fcbe kazanmas\u0131 gerekiyor. Ortak kanaat bu. Bazen \u015f\u00f6yle bir karar da verilebiliyor. \u2019Bu sitenin b\u00fct\u00fcn d\u00fcnyadaki faaliyetini durdurdum\u2019 diyor. B\u00f6yle bir \u015fey olamaz. \u00c7\u00fcnk\u00fc bizim \u00fclkemizdeki yasaklar bizim \u00fclkemizde ge\u00e7erli. Bizim kanunlar\u0131m\u0131z bizim \u00fclkemiz s\u0131n\u0131r\u0131nda ge\u00e7erlidir. Ba\u015fka \u00fclkeyi ba\u011flamaz. Ba\u015fka \u00fclkede bizim \u00fclkemize, kurumumuza, vatanda\u015f\u0131m\u0131za kar\u015f\u0131 su\u00e7 i\u015flemi\u015fse bunun m\u00fccadele \u015fekli farkl\u0131d\u0131r. Uygulamada bu alan\u0131n\u0131n \u00e7ok iyi bilinmesi, su\u00e7un adresinin \u00e7ok iyi tespit edilmesi esast\u0131r. <strong>Ama toptanc\u0131 bir yakla\u015f\u0131m ba\u015fka ma\u011fduriyetleri de beraberinde getirmektedir. Biz bunu asla tabii ki d\u00fc\u015f\u00fcnm\u00fcyoruz, b\u00f6yle bir niyetimiz de asla olmad\u0131. Bu, hepimiz i\u00e7in \u00f6\u011frenme s\u00fcreci, yarg\u0131, idare, kullan\u0131c\u0131lar i\u00e7in \u00f6\u011frenme s\u00fcrecidir.&#8217;<br \/>\n<\/strong><br \/>\nY\u0131ld\u0131r\u0131m, internet \u00fczerinde toplumu dejenere etmeye, gen\u00e7leri ve \u00e7ocuklar\u0131 zehirlemeye y\u00f6nelik faaliyetlerle m\u00fccadelenin her \u00fclkenin temel g\u00f6revi oldu\u011funu belirterek, internet alan\u0131n\u0131n yeni olmas\u0131ndan dolay\u0131 pek \u00e7ok \u00fclkenin bu konuda farkl\u0131 uygulamalara sahip oldu\u011funu kaydetti. Bu alandaki tedbirlerin uluslararas\u0131 bir \u015femsiye alt\u0131nda yap\u0131lmas\u0131n\u0131 istediklerini ifade eden Y\u0131ld\u0131r\u0131m, &#8216;<strong>Ancak Telekom\u00fcnikasyon Birli\u011fi, Uluslararas\u0131 Denizcilik \u00d6rg\u00fct\u00fc gibi kurallar\u0131 hen\u00fcz olu\u015fmam\u0131\u015f bir alan<\/strong>. O bak\u0131mdan \u00fclkeler kendi kapasiteleriyle, imkanlar\u0131yla bu m\u00fccadeleyi yap\u0131yor. Bir k\u0131sm\u0131 kendi imkanlar\u0131yla, bir k\u0131sm\u0131n\u0131n bizim gibi yasalar\u0131 var, bir k\u0131sm\u0131 sivil toplum \u00f6rg\u00fctlerine, bir k\u0131sm\u0131 da do\u011frudan i\u015fletmecilere vermi\u015fler. Bizimki de yasa ile sivil toplum kurulu\u015flar\u0131n\u0131n birlikte \u00e7al\u0131\u015ft\u0131klar\u0131 bir karma sistemdir&#8217; diye konu\u015ftu. <strong>Bakan Y\u0131ld\u0131r\u0131m, &#8216;AB\u2019nin T\u00fcrkiye\u2019nin internet alan\u0131ndaki d\u00fczenlemesini \u00f6rnek ald\u0131\u011f\u0131n\u0131&#8217; bildirdi.<br \/>\n<\/strong><br \/>\n-BU \u00dcLKEN\u0130N KANUNLARINA TAB\u0130 OLDUKLARINI B\u0130LMELER\u0130 LAZIM-<br \/>\nToplumda dejenerasyona ve su\u00e7lar\u0131n artmas\u0131na neden olan bu alanda su\u00e7lar\u0131n y\u00fczde 98\u2019nin yurt d\u0131\u015f\u0131 kaynakl\u0131 oldu\u011funu kaydeden Y\u0131ld\u0131r\u0131m, s\u00f6zlerini \u015f\u00f6yle s\u00fcrd\u00fcrd\u00fc:&#8217;Yurt i\u00e7indeki yeri kontrol etmek kolay ama yurt d\u0131\u015f\u0131ndakiler i\u00e7in kanunlar\u0131m\u0131z ba\u015fka \u00fclkede ge\u00e7erli de\u011fil. Bu bizim sistemimiz i\u00e7in de ge\u00e7erli. Bu yabanc\u0131 men\u015feli \u015firketlerin, ISP\u2019lerin iyi anlamas\u0131 laz\u0131m. <strong>E\u011fer burada faaliyet g\u00f6steriyorlarsa bu \u00fclkenin kanunlar\u0131na tabi olduklar\u0131n\u0131 bilmeleri laz\u0131m, buna g\u00f6re faaliyetlerini s\u00fcrd\u00fcrmeleri laz\u0131m. Baz\u0131lar\u0131 bu konuda maalesef \u2019Biz sizin yasalar\u0131n\u0131za tabi de\u011filiz, siz bize kar\u0131\u015famazs\u0131n\u0131z\u2019 gibi bir tutum i\u00e7erisindeler. Bunun bizim a\u00e7\u0131m\u0131zdan hi\u00e7bir k\u0131ymeti yoktur. Tabi olacaklar, burada para kazan\u0131yorsa gidecek vergi dairesine kay\u0131t olacak, gelecek yetki belgesi alacak. Faaliyetini rahatl\u0131kla s\u00fcrd\u00fcrebilecek. O zaman bu tats\u0131zl\u0131klar\u0131 da ya\u015famayacak. Ama \u2019Ben Youtube\u2019m, ben Facebook\u2019um, bana kimse kar\u0131\u015famaz, ben d\u00fcnyada faaliyet g\u00f6steriyorum\u2019 derse, b\u00f6yle bir \u015feye m\u00fcsaade etmemiz m\u00fcmk\u00fcn de\u011fil. Herkes bu \u00fclkenin kurallar\u0131na g\u00f6re, faaliyetini rahat\u00e7a, su\u00e7 i\u015flemeden, su\u00e7 i\u015flemeyi te\u015fvik etmeden s\u00fcrd\u00fcrebilir.<\/strong> Keyfilik ayr\u0131 \u015feydir, keyfili\u011fe asla&#8230; Ama faaliyetini kurallar, yasalara uygun s\u00fcrd\u00fcrmek ayr\u0131 \u015feydir. Bunu yapanlar\u0131n ba\u015f\u0131m\u0131z\u0131n \u00fczerinde yeri var. Ama keyfilik yapanlar, bu \u00fclkenin yasalar\u0131n\u0131, usullerini takmayanlar, saymayanlar hi\u00e7 ba\u011f\u0131r\u0131p \u00e7a\u011f\u0131rmas\u0131nlar. <strong>Ne zamanki otururlar bu \u00fclkenin hukukuna gerekli say\u0131y\u0131 g\u00f6sterirler, tabi olurlar o zaman onlar\u0131n da ba\u015f\u0131m\u0131z\u0131n \u00fczerinde yeri olur.&#8217;<\/strong><\/p>\n","protected":false},"excerpt":{"rendered":"<p>Maalesef T\u00fcrkiye&#8217;yi y\u00f6netenlerin yakla\u015f\u0131m\u0131 bu \u015fekilde ise ya da \u0130nternet&#8217;ten bu kadar anl\u0131yorlarsa daha yontulmas\u0131 gereken \u00e7ok ta\u015f var demektir. Zamanla iht\u015fsasla\u015fma olucak demek yanl\u0131\u015f yapa yapa \u00fc\u00e7 vakte kadar \u00f6\u011frenece\u011fiz demek. B\u00f6yle sa\u00e7mal\u0131k olur mu? Hadi 5651 numaral\u0131 kanunun tart\u0131\u015fmas\u0131n\u0131 bir tarafa b\u0131rak, uygulaman\u0131n kanunlara uygun olarak yap\u0131lmas\u0131 laz\u0131m, uygulamadaki yanl\u0131\u015fl\u0131klar ve keyfi uygulamalar kabul edilemez. Adalet Bakanl\u0131\u011f\u0131 ve&#8230;<\/p>\n","protected":false},"author":1,"featured_media":0,"comment_status":"open","ping_status":"closed","sticky":false,"template":"","format":"standard","meta":{"jetpack_post_was_ever_published":false,"_jetpack_newsletter_access":"","_jetpack_dont_email_post_to_subs":false,"_jetpack_newsletter_tier_id":0,"_jetpack_memberships_contains_paywalled_content":false,"_jetpack_memberships_contains_paid_content":false,"footnotes":"","jetpack_publicize_message":"","jetpack_publicize_feature_enabled":true,"jetpack_social_post_already_shared":false,"jetpack_social_options":{"image_generator_settings":{"template":"highway","default_image_id":0,"font":"","enabled":false},"version":2}},"categories":[22,5,21,3],"tags":[],"class_list":["post-193","post","type-post","status-publish","format-standard","hentry","category-5651-nolu-kanun","category-dusunce-ozgurlugu","category-erisim-engelleme","category-sansur"],"jetpack_publicize_connections":[],"jetpack_featured_media_url":"","jetpack_sharing_enabled":true,"jetpack_shortlink":"https:\/\/wp.me\/p7wjA8-37","jetpack-related-posts":[],"_links":{"self":[{"href":"https:\/\/privacy.cyber-rights.org.tr\/index.php?rest_route=\/wp\/v2\/posts\/193","targetHints":{"allow":["GET"]}}],"collection":[{"href":"https:\/\/privacy.cyber-rights.org.tr\/index.php?rest_route=\/wp\/v2\/posts"}],"about":[{"href":"https:\/\/privacy.cyber-rights.org.tr\/index.php?rest_route=\/wp\/v2\/types\/post"}],"author":[{"embeddable":true,"href":"https:\/\/privacy.cyber-rights.org.tr\/index.php?rest_route=\/wp\/v2\/users\/1"}],"replies":[{"embeddable":true,"href":"https:\/\/privacy.cyber-rights.org.tr\/index.php?rest_route=%2Fwp%2Fv2%2Fcomments&post=193"}],"version-history":[{"count":0,"href":"https:\/\/privacy.cyber-rights.org.tr\/index.php?rest_route=\/wp\/v2\/posts\/193\/revisions"}],"wp:attachment":[{"href":"https:\/\/privacy.cyber-rights.org.tr\/index.php?rest_route=%2Fwp%2Fv2%2Fmedia&parent=193"}],"wp:term":[{"taxonomy":"category","embeddable":true,"href":"https:\/\/privacy.cyber-rights.org.tr\/index.php?rest_route=%2Fwp%2Fv2%2Fcategories&post=193"},{"taxonomy":"post_tag","embeddable":true,"href":"https:\/\/privacy.cyber-rights.org.tr\/index.php?rest_route=%2Fwp%2Fv2%2Ftags&post=193"}],"curies":[{"name":"wp","href":"https:\/\/api.w.org\/{rel}","templated":true}]}}