{"id":194,"date":"2008-10-27T18:00:04","date_gmt":"2008-10-27T15:00:04","guid":{"rendered":"http:\/\/privacy.cyber-rights.org.tr\/?p=194"},"modified":"2008-10-27T18:00:07","modified_gmt":"2008-10-27T15:00:07","slug":"cumhuriyet-fasizm-kendini-saklamiyor","status":"publish","type":"post","link":"https:\/\/privacy.cyber-rights.org.tr\/?p=194","title":{"rendered":"Cumhuriyet: Fa\u015fizm Kendini Saklam\u0131yor"},"content":{"rendered":"<p><a href=\"http:\/\/www.cumhuriyet.com.tr\/?im=yhs&#038;hn=13336\">Cumhuriyet Portal<\/a><\/p>\n<p>Deniz Kavuk\u00e7uo\u011flu: Fa\u015fizm Kendini Saklam\u0131yor<\/p>\n<p>Ar\u015fivime g\u00f6z atmak isteyecek okurlar\u0131m yaz\u0131lar\u0131m\u0131n alt\u0131nda yer alan (www.denizkavukcuogluyazilari.blogspot.com) adl\u0131 site adresine girdiklerinde \u015f\u00f6yle bir duyuruyla kar\u015f\u0131la\u015facaklar: \u2018Bu siteye eri\u015fim mahkeme karar\u0131yla engellenmi\u015ftir.\u2019 Karar\u0131 TC Diyarbak\u0131r 1. Sulh Ceza Mahkemesi 20.10.2008 tarihinde vermi\u015f.<\/p>\n<p>Bu uygulama yeni de\u011fildir; devlet yarg\u0131 arac\u0131l\u0131\u011f\u0131yla, Ankara 1. Sulh Ceza Mahkemesi taraf\u0131ndan 5 May\u0131s 2008 tarihinde yasaklanan YouTube \u00f6rne\u011finde oldu\u011fu gibi uzunca bir s\u00fcredir siyasal anlay\u0131\u015f\u0131na ayk\u0131r\u0131 g\u00f6r\u00fc\u015flerin yer ald\u0131\u011f\u0131 sitelere eri\u015fimi engellemektedir.<\/p>\n<p>Telekom\u00fcnikasyon \u0130leti\u015fim Ba\u015fkanl\u0131\u011f\u0131 ald\u0131rd\u0131\u011f\u0131 yarg\u0131 kararlar\u0131na neden olarak \u2018b\u00f6l\u00fcc\u00fcl\u00fck propagandas\u0131\u2019, \u2018Atat\u00fcrk\u2019e hakaret\u2019 gibi su\u00e7lar\u0131 g\u00f6steriyor, ne var ki gerek \u2018YouTube\u2019 gerekse \u2018blogspot\u2019 b\u00fcy\u00fck ra\u011fbet g\u00f6ren uluslararas\u0131 ileti\u015fim ara\u00e7lar\u0131 oldu\u011fundan tek bir kuru\u2019nun yan\u0131nda y\u00fcz binlerce ya\u015f\u2019\u0131n da d\u00fc\u015f\u00fcncelerini a\u00e7\u0131klama ve haber alma \u00f6zg\u00fcrl\u00fckleri engellenmi\u015f oluyor.<\/p>\n<p>Do\u011fal ki engellenenler yaln\u0131zca ortak kullan\u0131ma a\u00e7\u0131k b\u00fcy\u00fck web siteleriyle s\u0131n\u0131rl\u0131 de\u011fil; \u00e7e\u015fitli nedenlerden \u00f6t\u00fcr\u00fc yasaklanan binlerce site oldu\u011fu s\u00f6yleniyor. Bunun bo\u015f bir s\u00f6ylenti olmad\u0131\u011f\u0131 zaten herhangi bir arama motorunda kar\u015f\u0131n\u0131za s\u0131k\u00e7a \u00e7\u0131kan uyar\u0131 yaz\u0131lar\u0131ndan da belli oluyor.<br \/>\n<!--more--><br \/>\n***<\/p>\n<p>T\u00fcrkiye Cumhuriyeti d\u00fcnyada d\u00fc\u015f\u00fcnceden korkan, d\u00fc\u015f\u00fcnceyi yasaklayan devletlerin aras\u0131nda ilk s\u0131ralarda yer al\u0131yor. Yasak\u00e7\u0131l\u0131k, devleti y\u00f6neten h\u00fck\u00fcmetlerin yakalar\u0131ndan s\u00f6k\u00fcp atmay\u0131 hi\u00e7 d\u00fc\u015f\u00fcnmedikleri bir utan\u00e7 etiketi olarak hep yerinde kal\u0131yor. AKP h\u00fck\u00fcmeti bu \u00fclkede var olan yasak\u00e7\u0131l\u0131\u011f\u0131 daha da derinle\u015ftirip yayg\u0131nla\u015ft\u0131r\u0131yor.<\/p>\n<p>Son 1 May\u0131s g\u00f6r\u00fcnt\u00fcleri belleklerimizde h\u00e2l\u00e2 canl\u0131; biber gaz\u0131na bo\u011fulan sendikac\u0131lar, d\u00f6v\u00fclen gen\u00e7ler, yerlerde s\u00fcr\u00fcklenen, kafalar\u0131 tekmelenen gen\u00e7 kad\u0131nlar, coplanan turistler\u2026 Salt gazetelerini sat\u0131yor diye g\u00f6zalt\u0131na al\u0131nan, d\u00f6v\u00fclen, i\u015fkence g\u00f6ren, \u00f6ld\u00fcr\u00fclen solcular\u2026 D\u00fc\u015f\u00fcncelerini a\u00e7\u0131klad\u0131 diye yarg\u0131lanan ayd\u0131nlar\u2026 Alkoll\u00fc i\u00e7ki yasaklar\u0131\u2026 Devlet kurumlar\u0131na getirilen k\u0131\u015fla d\u00fczenleri\u2026 Tutuklanan, aylarca tutuklu kalan ama ni\u00e7in tutukland\u0131\u011f\u0131n\u0131 \u00f6\u011frenemeden \u00f6len san\u0131klar\u2026<\/p>\n<p>Medya her g\u00fcn yeni bask\u0131, yeni yasaklama haberleri veriyor.<\/p>\n<p>Bir h\u00fck\u00fcmet ki koca \u00fclkeyi batakl\u0131\u011f\u0131n k\u0131y\u0131s\u0131na getirmi\u015f, Ba\u015fbakan\u2019\u0131 \u00e7\u0131k\u0131yor, sosyalizmi, sosyalistleri ele\u015ftiriyor; hi\u00e7 anlamadan, hi\u00e7 bilmeden, hi\u00e7 d\u00fc\u015f\u00fcnmeden.<\/p>\n<p>Bu toplum bug\u00fcnlere kadar kendisi gibi d\u00fc\u015f\u00fcnmeyenlere kar\u015f\u0131 b\u00f6ylesine h\u0131r\u00e7\u0131n, b\u00f6ylesine nobran, b\u00f6ylesine bask\u0131c\u0131 davranan bir sivil h\u00fck\u00fcmet g\u00f6rmedi\u011finden s\u00fcr\u00fcklendi\u011fi rejimin ad\u0131n\u0131 koymakta zorlan\u0131yor.<\/p>\n<p>***<\/p>\n<p>Avrupa Birli\u011fi uyum yasalar\u0131, verilen demokratikle\u015fme s\u00f6zleri vs AKP h\u00fck\u00fcmetinin elinde birer kamuflaj arac\u0131 olmaktan \u00f6teye gitmiyor. ABD\u2019nin de, AB\u2019nin \u015fu s\u0131ralar istedi\u011fi de bu zaten; toplumu s\u00fcrekli denetim alt\u0131nda tutabilecek otoriter, fakat \u2018sivil\u2019 bir y\u00f6netim, \u2018\u0131l\u0131ml\u0131 fa\u015fizan \u0130slami\u2019 bir rejim. Ne var ki h\u00fck\u00fcmet i\u00e7indeki k\u00f6t\u00fcc\u00fcl e\u011filimleri dizginlemekte ba\u015far\u0131l\u0131 olam\u0131yor, bu e\u011filimler h\u0131zla fa\u015fizanl\u0131ktan fa\u015fizme do\u011fru geli\u015fiyor. Dizginler \u00f6yle bir bo\u015fal\u0131yor ki h\u00fck\u00fcmet her g\u00fcn biraz daha somutluk kazanan antidemokratik, fa\u015fizan yap\u0131s\u0131n\u0131 a\u00e7\u0131\u011fa vurmakta bir sak\u0131nca g\u00f6rm\u00fcyor. H\u00fck\u00fcmet kendisini yak\u0131n gelecekteki karanl\u0131k g\u00fcnlere haz\u0131rl\u0131yor.<\/p>\n<p>T\u00fcrkiye, i\u00e7inde bulundu\u011fumuz k\u00fcresel ekonomik krizin en sert vurdu\u011fu \u00fclkelerin ba\u015f\u0131nda geliyor. Bu krizin sonu\u00e7lar\u0131 toplumun t\u00fcm kesimleri i\u00e7in \u00e7ok ac\u0131l\u0131 olacak ve bu ac\u0131y\u0131 her zaman oldu\u011fu gibi \u00e7al\u0131\u015fan kesimler, emek\u00e7iler en derinden duyacaklar. Toplumsal sars\u0131nt\u0131lar\u0131n, patlamalar\u0131n ba\u015f g\u00f6sterece\u011fi o d\u00f6nemde hepimizi deh\u015fete d\u00fc\u015f\u00fcrecek olaylarla kar\u015f\u0131la\u015faca\u011f\u0131z.<\/p>\n<p>Ya\u015fayaca\u011f\u0131m\u0131z deh\u015feti en aza indirmek ise bizim elimizde, bu \u00fclkenin ayd\u0131nl\u0131k insanlar\u0131nda. Bunun i\u00e7in her \u015feyden \u00f6nce bize dayat\u0131lan rejimin ad\u0131n\u0131 koymak, buna g\u00f6re \u00f6nlemler almak zorunday\u0131z.<\/p>\n","protected":false},"excerpt":{"rendered":"<p>Cumhuriyet Portal Deniz Kavuk\u00e7uo\u011flu: Fa\u015fizm Kendini Saklam\u0131yor Ar\u015fivime g\u00f6z atmak isteyecek okurlar\u0131m yaz\u0131lar\u0131m\u0131n alt\u0131nda yer alan (www.denizkavukcuogluyazilari.blogspot.com) adl\u0131 site adresine girdiklerinde \u015f\u00f6yle bir duyuruyla kar\u015f\u0131la\u015facaklar: \u2018Bu siteye eri\u015fim mahkeme karar\u0131yla engellenmi\u015ftir.\u2019 Karar\u0131 TC Diyarbak\u0131r 1. Sulh Ceza Mahkemesi 20.10.2008 tarihinde vermi\u015f. Bu uygulama yeni de\u011fildir; devlet yarg\u0131 arac\u0131l\u0131\u011f\u0131yla, Ankara 1. Sulh Ceza Mahkemesi taraf\u0131ndan 5 May\u0131s 2008 tarihinde yasaklanan YouTube&#8230;<\/p>\n","protected":false},"author":1,"featured_media":0,"comment_status":"open","ping_status":"closed","sticky":false,"template":"","format":"standard","meta":{"jetpack_post_was_ever_published":false,"_jetpack_newsletter_access":"","_jetpack_dont_email_post_to_subs":false,"_jetpack_newsletter_tier_id":0,"_jetpack_memberships_contains_paywalled_content":false,"_jetpack_memberships_contains_paid_content":false,"footnotes":"","jetpack_publicize_message":"","jetpack_publicize_feature_enabled":true,"jetpack_social_post_already_shared":false,"jetpack_social_options":{"image_generator_settings":{"template":"highway","default_image_id":0,"font":"","enabled":false},"version":2}},"categories":[5,21,3],"tags":[],"class_list":["post-194","post","type-post","status-publish","format-standard","hentry","category-dusunce-ozgurlugu","category-erisim-engelleme","category-sansur"],"jetpack_publicize_connections":[],"jetpack_featured_media_url":"","jetpack_sharing_enabled":true,"jetpack_shortlink":"https:\/\/wp.me\/p7wjA8-38","jetpack-related-posts":[],"_links":{"self":[{"href":"https:\/\/privacy.cyber-rights.org.tr\/index.php?rest_route=\/wp\/v2\/posts\/194","targetHints":{"allow":["GET"]}}],"collection":[{"href":"https:\/\/privacy.cyber-rights.org.tr\/index.php?rest_route=\/wp\/v2\/posts"}],"about":[{"href":"https:\/\/privacy.cyber-rights.org.tr\/index.php?rest_route=\/wp\/v2\/types\/post"}],"author":[{"embeddable":true,"href":"https:\/\/privacy.cyber-rights.org.tr\/index.php?rest_route=\/wp\/v2\/users\/1"}],"replies":[{"embeddable":true,"href":"https:\/\/privacy.cyber-rights.org.tr\/index.php?rest_route=%2Fwp%2Fv2%2Fcomments&post=194"}],"version-history":[{"count":0,"href":"https:\/\/privacy.cyber-rights.org.tr\/index.php?rest_route=\/wp\/v2\/posts\/194\/revisions"}],"wp:attachment":[{"href":"https:\/\/privacy.cyber-rights.org.tr\/index.php?rest_route=%2Fwp%2Fv2%2Fmedia&parent=194"}],"wp:term":[{"taxonomy":"category","embeddable":true,"href":"https:\/\/privacy.cyber-rights.org.tr\/index.php?rest_route=%2Fwp%2Fv2%2Fcategories&post=194"},{"taxonomy":"post_tag","embeddable":true,"href":"https:\/\/privacy.cyber-rights.org.tr\/index.php?rest_route=%2Fwp%2Fv2%2Ftags&post=194"}],"curies":[{"name":"wp","href":"https:\/\/api.w.org\/{rel}","templated":true}]}}