{"id":202,"date":"2008-10-28T17:59:50","date_gmt":"2008-10-28T14:59:50","guid":{"rendered":"http:\/\/privacy.cyber-rights.org.tr\/?p=202"},"modified":"2008-10-28T17:59:52","modified_gmt":"2008-10-28T14:59:52","slug":"sivil-toplumcular-engellemelere-tepkili","status":"publish","type":"post","link":"https:\/\/privacy.cyber-rights.org.tr\/?p=202","title":{"rendered":"Sivil toplumcular engellemelere tepkili"},"content":{"rendered":"<p>Ara s\u0131ra bildiri yay\u0131nlamakla olmuyor bu i\u015fler. Hem bu sivil toplum listesi \u00e7ok s\u0131n\u0131rl\u0131 di\u011ferleri nerede? [Yaman Akdeniz]<\/p>\n<p><a href=\"http:\/\/www.ntvmsnbc.com\/news\/463966.asp\">Sivil toplumcular engellemelere tepkili<\/a><\/p>\n<p>Bili\u015fim Sivil Toplum Kurulu\u015flar\u0131, yay\u0131nlad\u0131klar\u0131 bas\u0131n bildirgesiyle T\u00fcrkiye\u2019nin interneti yasaklama ay\u0131b\u0131ndan kurtulmas\u0131 gerekti\u011fini ifade ettiler.<\/p>\n<p>NTV-MSNBC, G\u00fcncelleme: 11:38 TS\u0130 28 Ekim 2008 Sal\u0131<\/p>\n<p>\u0130STANBUL &#8211; \u0130nternet Teknolojileri derne\u011fi, T\u00fcrkiye Bili\u015fim Derne\u011fi ve T\u00fcrkiye Bili\u015fim Sekt\u00f6r Derne\u011fi liderli\u011findeki bili\u015fim sivil toplum kurulu\u015flar\u0131, T\u00fcrkiye\u2019de internet kullan\u0131c\u0131lar\u0131na yap\u0131lan sans\u00fcr\u00fc k\u0131nad\u0131.&#8221;<\/p>\n<p><!--more--><br \/>\nYoutube 6 aya yak\u0131nd\u0131r yasakl\u0131. Myspace, Dailymotion, Dawkins, ve nihayet Blogger yasakland\u0131. WordPress ve Alibaba\u2019y\u0131 yasaklamaktan \u00e7ekinmedik. Son bir y\u0131lda 5651, ki\u015filik haklar\u0131 ve fikri ve sinaihaklar nedeniyle bini a\u015fk\u0131n webi yasaklad\u0131k. T\u00fcrkiye d\u00fcnya internetine kendi kurallar\u0131n\u0131 empoze etmeye \u00e7al\u0131\u015f\u0131yor ve bunu sadece yasaklarla yapmaya \u00e7al\u0131\u015f\u0131yor. Yap\u0131lanlar, Anayasaya ayk\u0131r\u0131, Hukukun temel ilkelerine ters, bu i\u015f i\u00e7in \u00e7\u0131kart\u0131lan 5651\u2019\u0131n 9. maddesini ihlal ediyor. Yasaklamalar, savunma almadan, tebli\u011f edilmeden, tedbir olarak al\u0131nmas\u0131na ra\u011fmen, bir ceza olarak uygulan\u0131yor. Yasaklar, su\u00e7luyu de\u011fil, s\u0131radan T\u00fcrk yurtta\u015f\u0131n\u0131, ve internet \u00fczerinden i\u015f yapmak isteyen, g\u00f6r\u00fc\u015flerini payla\u015fan, T\u00fcrkiye\u2019yi d\u00fcnyaya tan\u0131tmak isteyen giri\u015fimci, \u00f6nc\u00fc yurtta\u015flar\u0131m\u0131za zarar veriyor; yasaklar pire i\u00e7in yorgan yakarak adaletsizlik yarat\u0131yor. Kan\u0131m\u0131zca, mahkemelerimiz ve di\u011fer ilgililer kolayc\u0131 bir yakla\u015f\u0131mla her\u015feyi yasaklayarak, haks\u0131zl\u0131\u011fa sebeb olarak su\u00e7 i\u015fliyorlar; tazminat davalar\u0131na muhatab olacaklard\u0131r. Yasaklar, T\u00fcrkiye\u2019nin AB, Demokrasi ve Bilgi Toplumu projeleriyle uyu\u015fmuyor.<\/p>\n<p>\u00dclkemizin yasak\u00e7\u0131 bak\u0131\u015f a\u00e7\u0131s\u0131ndan vazge\u00e7ip, t\u00fcm d\u00fcnya ile birlikte y\u00f6neti\u015fim ilkeleri \u0131\u015f\u0131\u011f\u0131nda internetdeki \u201czararl\u0131\u201d i\u00e7erik ve bili\u015fim su\u00e7lar\u0131 ile m\u00fccadele etmelidir. Bu m\u00fccadele tek ba\u015f\u0131na kamu otoritesi ve mahkemelerle yap\u0131lacak bir m\u00fccadele de\u011fildir. Yasaklamalar, bilenlerce kolayca delinmekte, gittikce artan bir oranda, yurtta\u015flar\u0131n bu yasaklar\u0131n a\u015f\u0131lmas\u0131 bilgisi yay\u0131lmaktad\u0131r.<br \/>\nSivil toplum \u00f6rg\u00fctleri bu s\u00fcrecin bir par\u00e7as\u0131 olarak \u00e7al\u0131\u015fmaya haz\u0131rd\u0131r.<br \/>\nYeter ki makulde uzla\u015fmak istensin ve diyalog kurulsun. \u00d6rne\u011fin, \u00e7ocuk pornosu, ihtihara te\u015fvik konular\u0131ndaki yasaklamalar\u0131n, uzman g\u00f6r\u00fc\u015f\u00fc \u0131\u015f\u0131\u011f\u0131nda mahkemelerce yap\u0131lmas\u0131na hi\u00e7 bir itiraz\u0131m\u0131z yok. \u201c\u0130kaz et\/Kald\u0131rt\u201d y\u00f6nteminin uygulanmas\u0131 istiyor, ve bu s\u00fcrecin par\u00e7as\u0131 olmak istiyoruz.<\/p>\n<p>K\u0131sa vadede \u00fclkemize b\u00fcy\u00fck zarar veren bu trajedinin \u00f6nlenmesi i\u00e7in acil tedbir al\u0131nmal\u0131d\u0131r. En ba\u015fta, Ankara ve \u0130stanbul\u2019da 2 uzmanla\u015fan mahkeme ge\u00e7ici bir s\u00fcre i\u00e7in \u0130nternet yasaklar\u0131na bakmal\u0131d\u0131r. Adalet Bakanl\u0131\u011f\u0131, Barolar Birli\u011fi, Y\u00fcksek Hakimler Kurulu bu konuda Sivil Toplum Kurulu\u015flar\u0131yla i\u015fbirli\u011fi ile b\u00f6yle bir yap\u0131lanmay\u0131 sa\u011flamal\u0131d\u0131r. Telekomunikasyon Kurumu, katalog su\u00e7lar\u0131 d\u0131\u015f\u0131ndaki<br \/>\nyasaklamalarda da, resen yetkilerini art\u0131rmadan, mahkeme kararlar\u0131n\u0131n uygulanmas\u0131nda arac\u0131 olmal\u0131; 5651\/9\u2019un uygulanmas\u0131nda \u00fczerine d\u00fc\u015fen sorumlulu\u011fu almal\u0131d\u0131r. Ama, TK resen karar verme yetkisini acil haller d\u0131\u015f\u0131nda kullanmamal\u0131, ilgili mahkemeden karar almal\u0131d\u0131r. 5651\u2019in y\u00f6netmelikleri g\u00f6zden ge\u00e7irilip, hem katalog d\u0131\u015f\u0131 yasaklamalar, ve yurt i\u00e7i\/ yurt d\u0131\u015f\u0131 konusu; hemde \u201cyasakl\u0131 nesnenin kald\u0131r\u0131lmas\u0131\u201d konusunu berrakla\u015ft\u0131rmal\u0131d\u0131r. Youtube yasa\u011f\u0131 a\u00e7maz\u0131n\u0131 \u00e7\u00f6zmenin tek yolu budur.<\/p>\n<p>Yasaklar\u0131n ancak son \u00e7are olarak, b\u00fct\u00fcn yollar bittikten sonra uygulamas\u0131 benimsenmeli; o halde bile nesne temelli engelleme yap\u0131lmal\u0131d\u0131r. TK bunun mali sorumlulu\u011funu almal\u0131d\u0131r. Nesne temelli engellemenin yap\u0131lmas\u0131 Bili\u015fim Kurultay\u0131 ve \u0130nternet Konferans\u0131 gibi a\u00e7\u0131k ortamlarda ilgili taraflar ve uzmanlarca tart\u0131\u015f\u0131lmal\u0131d\u0131r.<\/p>\n<p>Uzun vadede 5651\u2019i kald\u0131r\u0131p, Siber Su\u00e7lar s\u00f6zle\u015fmesine uygun, Adalet Bakanl\u0131\u011f\u0131 Komisyonunca haz\u0131rlanan ve ask\u0131ya al\u0131nan taslakla ba\u015flayarak yeni bir d\u00fczenlemeye gitmeliyiz. Sekt\u00f6rle ortak yap\u0131lar (self-regulation\/co-regulation) kurmal\u0131y\u0131z.<\/p>\n<p>T\u00fcrkiye internetin marjinal problemlerine cok fazla enerji harc\u0131yor. As\u0131l, \u0130nterneti demokrasimizi geli\u015ftirmek, toplumsal kalk\u0131nmaya katk\u0131 vermek ve bilgi toplumu y\u00f6n\u00fcnde nas\u0131l kullan\u0131r\u0131z konular\u0131na kafa yormam\u0131z gerekir.<\/p>\n<p>\u0130nternet Ya\u015famd\u0131r !<\/p>\n<p>* \u0130nternet Teknolojileri Derne\u011fi &#8211; INETD<br \/>\n* T\u00fcrkiye Bili\u015fim Derne\u011fi &#8211; TBD<br \/>\n* T\u00fcrkiye Bili\u015fim Sekt\u00f6r Derne\u011fi &#8211; T\u00dcB\u0130DER<br \/>\n* Linux Kullan\u0131c\u0131lar\u0131 Derne\u011fi &#8211; LKD<br \/>\n* T\u00fcm \u0130nternet Evleri Derne\u011fi &#8211; T\u0130EV<br \/>\n* T\u00fcrk K\u00fct\u00fcphanecileri Derne\u011fi &#8211; TKD<br \/>\n* Universite ve Ara\u015ft\u0131rma K\u00fct\u00fcphanecileri Derne\u011fi &#8211; UNAK<br \/>\n* T\u0131p Bili\u015fimi Derne\u011fi &#8211; TurkMIA<br \/>\n* ODT\u00dc Mezunlar\u0131 Derne\u011fi &#8211; ODT\u00dc MD<br \/>\n* Yurtta\u015f Girisimi<br \/>\n* Kat\u0131l\u0131mc\u0131 Avukat Grubu &#8211; KAV<\/p>\n","protected":false},"excerpt":{"rendered":"<p>Ara s\u0131ra bildiri yay\u0131nlamakla olmuyor bu i\u015fler. Hem bu sivil toplum listesi \u00e7ok s\u0131n\u0131rl\u0131 di\u011ferleri nerede? [Yaman Akdeniz] Sivil toplumcular engellemelere tepkili Bili\u015fim Sivil Toplum Kurulu\u015flar\u0131, yay\u0131nlad\u0131klar\u0131 bas\u0131n bildirgesiyle T\u00fcrkiye\u2019nin interneti yasaklama ay\u0131b\u0131ndan kurtulmas\u0131 gerekti\u011fini ifade ettiler. NTV-MSNBC, G\u00fcncelleme: 11:38 TS\u0130 28 Ekim 2008 Sal\u0131 \u0130STANBUL &#8211; \u0130nternet Teknolojileri derne\u011fi, T\u00fcrkiye Bili\u015fim Derne\u011fi ve T\u00fcrkiye Bili\u015fim Sekt\u00f6r Derne\u011fi liderli\u011findeki bili\u015fim&#8230;<\/p>\n","protected":false},"author":1,"featured_media":0,"comment_status":"open","ping_status":"closed","sticky":false,"template":"","format":"standard","meta":{"jetpack_post_was_ever_published":false,"_jetpack_newsletter_access":"","_jetpack_dont_email_post_to_subs":false,"_jetpack_newsletter_tier_id":0,"_jetpack_memberships_contains_paywalled_content":false,"_jetpack_memberships_contains_paid_content":false,"footnotes":"","jetpack_publicize_message":"","jetpack_publicize_feature_enabled":true,"jetpack_social_post_already_shared":false,"jetpack_social_options":{"image_generator_settings":{"template":"highway","default_image_id":0,"font":"","enabled":false},"version":2}},"categories":[21,42],"tags":[],"class_list":["post-202","post","type-post","status-publish","format-standard","hentry","category-erisim-engelleme","category-sivil-toplum"],"jetpack_publicize_connections":[],"jetpack_featured_media_url":"","jetpack_sharing_enabled":true,"jetpack_shortlink":"https:\/\/wp.me\/p7wjA8-3g","jetpack-related-posts":[],"_links":{"self":[{"href":"https:\/\/privacy.cyber-rights.org.tr\/index.php?rest_route=\/wp\/v2\/posts\/202","targetHints":{"allow":["GET"]}}],"collection":[{"href":"https:\/\/privacy.cyber-rights.org.tr\/index.php?rest_route=\/wp\/v2\/posts"}],"about":[{"href":"https:\/\/privacy.cyber-rights.org.tr\/index.php?rest_route=\/wp\/v2\/types\/post"}],"author":[{"embeddable":true,"href":"https:\/\/privacy.cyber-rights.org.tr\/index.php?rest_route=\/wp\/v2\/users\/1"}],"replies":[{"embeddable":true,"href":"https:\/\/privacy.cyber-rights.org.tr\/index.php?rest_route=%2Fwp%2Fv2%2Fcomments&post=202"}],"version-history":[{"count":0,"href":"https:\/\/privacy.cyber-rights.org.tr\/index.php?rest_route=\/wp\/v2\/posts\/202\/revisions"}],"wp:attachment":[{"href":"https:\/\/privacy.cyber-rights.org.tr\/index.php?rest_route=%2Fwp%2Fv2%2Fmedia&parent=202"}],"wp:term":[{"taxonomy":"category","embeddable":true,"href":"https:\/\/privacy.cyber-rights.org.tr\/index.php?rest_route=%2Fwp%2Fv2%2Fcategories&post=202"},{"taxonomy":"post_tag","embeddable":true,"href":"https:\/\/privacy.cyber-rights.org.tr\/index.php?rest_route=%2Fwp%2Fv2%2Ftags&post=202"}],"curies":[{"name":"wp","href":"https:\/\/api.w.org\/{rel}","templated":true}]}}