{"id":206,"date":"2008-10-29T00:42:02","date_gmt":"2008-10-28T21:42:02","guid":{"rendered":"http:\/\/privacy.cyber-rights.org.tr\/?p=206"},"modified":"2008-10-29T00:42:04","modified_gmt":"2008-10-28T21:42:04","slug":"aksam-gazetesi-bloglarin-kapatilmasi-turkiye-adina-bir-utanctir","status":"publish","type":"post","link":"https:\/\/privacy.cyber-rights.org.tr\/?p=206","title":{"rendered":"Ak\u015fam Gazetesi: Bloglar\u0131n kapat\u0131lmas\u0131 T\u00fcrkiye ad\u0131na bir utan\u00e7t\u0131r"},"content":{"rendered":"<p><a href=\"http:\/\/www.aksam.com.tr\/yazar.asp?a=133826,10,190\">Ak\u015fam Gazetesi &#8211; Mehve\u015f Evin &#8211; Bloglar\u0131n kapat\u0131lmas\u0131 T\u00fcrkiye ad\u0131na bir utan\u00e7t\u0131r<\/a><\/p>\n<p>mehves.evin@aksam.com.tr <\/p>\n<p>Blogger.com ve blogspot.com sitelerinin kapat\u0131ld\u0131\u011f\u0131 cuma g\u00fcn\u00fcnden beri ortal\u0131k y\u0131k\u0131l\u0131yor. \u2018\u0130nternet g\u00fcnl\u00fc\u011f\u00fc\u2019 anlam\u0131na gelen bloglara, Diyarbak\u0131r 1. Sulh Ceza Mahkemesi\u2019nin karar\u0131na g\u00f6re art\u0131k eri\u015filemiyor. Bu karar nas\u0131l ve hangi k\u0131staslara g\u00f6re al\u0131nd\u0131, ne zaman eri\u015fim m\u00fcmk\u00fcn olacak, oras\u0131 belli de\u011fil. Bak\u0131n\u0131z YouTube\u2019a, ka\u00e7 ay ge\u00e7ti aradan h\u00e2l\u00e2 yasakl\u0131. T\u00fcrkiye\u2019de i\u015fler hep b\u00f6yle de\u011fil mi zaten: Vur dedi mi \u00f6ld\u00fcr\u00fcrler adam\u0131.<\/p>\n","protected":false},"excerpt":{"rendered":"<p>Ak\u015fam Gazetesi &#8211; Mehve\u015f Evin &#8211; Bloglar\u0131n kapat\u0131lmas\u0131 T\u00fcrkiye ad\u0131na bir utan\u00e7t\u0131r mehves.evin@aksam.com.tr Blogger.com ve blogspot.com sitelerinin kapat\u0131ld\u0131\u011f\u0131 cuma g\u00fcn\u00fcnden beri ortal\u0131k y\u0131k\u0131l\u0131yor. \u2018\u0130nternet g\u00fcnl\u00fc\u011f\u00fc\u2019 anlam\u0131na gelen bloglara, Diyarbak\u0131r 1. Sulh Ceza Mahkemesi\u2019nin karar\u0131na g\u00f6re art\u0131k eri\u015filemiyor. Bu karar nas\u0131l ve hangi k\u0131staslara g\u00f6re al\u0131nd\u0131, ne zaman eri\u015fim m\u00fcmk\u00fcn olacak, oras\u0131 belli de\u011fil. Bak\u0131n\u0131z YouTube\u2019a, ka\u00e7 ay ge\u00e7ti aradan h\u00e2l\u00e2&#8230;<\/p>\n","protected":false},"author":1,"featured_media":0,"comment_status":"open","ping_status":"closed","sticky":false,"template":"","format":"standard","meta":{"jetpack_post_was_ever_published":false,"_jetpack_newsletter_access":"","_jetpack_dont_email_post_to_subs":false,"_jetpack_newsletter_tier_id":0,"_jetpack_memberships_contains_paywalled_content":false,"_jetpack_memberships_contains_paid_content":false,"footnotes":"","jetpack_publicize_message":"","jetpack_publicize_feature_enabled":true,"jetpack_social_post_already_shared":false,"jetpack_social_options":{"image_generator_settings":{"template":"highway","default_image_id":0,"font":"","enabled":false},"version":2}},"categories":[21],"tags":[],"class_list":["post-206","post","type-post","status-publish","format-standard","hentry","category-erisim-engelleme"],"jetpack_publicize_connections":[],"jetpack_featured_media_url":"","jetpack_sharing_enabled":true,"jetpack_shortlink":"https:\/\/wp.me\/p7wjA8-3k","jetpack-related-posts":[],"_links":{"self":[{"href":"https:\/\/privacy.cyber-rights.org.tr\/index.php?rest_route=\/wp\/v2\/posts\/206","targetHints":{"allow":["GET"]}}],"collection":[{"href":"https:\/\/privacy.cyber-rights.org.tr\/index.php?rest_route=\/wp\/v2\/posts"}],"about":[{"href":"https:\/\/privacy.cyber-rights.org.tr\/index.php?rest_route=\/wp\/v2\/types\/post"}],"author":[{"embeddable":true,"href":"https:\/\/privacy.cyber-rights.org.tr\/index.php?rest_route=\/wp\/v2\/users\/1"}],"replies":[{"embeddable":true,"href":"https:\/\/privacy.cyber-rights.org.tr\/index.php?rest_route=%2Fwp%2Fv2%2Fcomments&post=206"}],"version-history":[{"count":0,"href":"https:\/\/privacy.cyber-rights.org.tr\/index.php?rest_route=\/wp\/v2\/posts\/206\/revisions"}],"wp:attachment":[{"href":"https:\/\/privacy.cyber-rights.org.tr\/index.php?rest_route=%2Fwp%2Fv2%2Fmedia&parent=206"}],"wp:term":[{"taxonomy":"category","embeddable":true,"href":"https:\/\/privacy.cyber-rights.org.tr\/index.php?rest_route=%2Fwp%2Fv2%2Fcategories&post=206"},{"taxonomy":"post_tag","embeddable":true,"href":"https:\/\/privacy.cyber-rights.org.tr\/index.php?rest_route=%2Fwp%2Fv2%2Ftags&post=206"}],"curies":[{"name":"wp","href":"https:\/\/api.w.org\/{rel}","templated":true}]}}