{"id":208,"date":"2008-10-29T13:37:29","date_gmt":"2008-10-29T10:37:29","guid":{"rendered":"http:\/\/privacy.cyber-rights.org.tr\/?p=208"},"modified":"2008-10-29T13:37:31","modified_gmt":"2008-10-29T10:37:31","slug":"radikal-bloglar-simdilik-ozgur","status":"publish","type":"post","link":"https:\/\/privacy.cyber-rights.org.tr\/?p=208","title":{"rendered":"Radikal: Bloglar \u015fimdilik \u00f6zg\u00fcr"},"content":{"rendered":"<p><a href=\"http:\/\/www.radikal.com.tr\/Default.aspx?aType=Detay&#038;ArticleID=905716&#038;Date=29.10.2008&#038;CategoryID=77\"> Radikal: Bloglar \u015fimdilik \u00f6zg\u00fcr<\/a><\/p>\n<p>29\/10\/2008, AHMET KIVAN\u00c7 \/ EL\u0130F T\u00dcRK\u00d6LMEZ<\/p>\n<p>\u2018Kom\u015fu\u2019lar\u0131 su\u00e7 i\u015fledi\u011fi i\u00e7in ceza alan milyonlarca ki\u015fi, bloglar\u0131na kavu\u015ftu. Telekom\u00fcnikasyon Kurumu ise \u00e7\u00f6z\u00fcm \u00f6nerdi, ama bu da tart\u0131\u015fma yaratt\u0131<\/p>\n<p>ANKARA\/\u0130STANBUL &#8211; Milyonlarca blog yazar\u0131 ve okuyucusunu \u2018cezaland\u0131ran\u2019 eri\u015fim yasa\u011f\u0131 d\u00fcn kald\u0131r\u0131ld\u0131. Blogger ve BlogSpot engellemeleri d\u00fcn mahkeme karar\u0131yla kald\u0131r\u0131ld\u0131. Bloglar ak\u015fam saatlerinde yeniden i\u015fler hale gelmeye ba\u015flad\u0131.<\/p>\n<p>\u0130nternette a\u00e7t\u0131\u011f\u0131 blog\u2019da dantel tarifi verenden edebiyat tart\u0131\u015fmas\u0131 yapana kadar \u2018herkesi\u2019 bir sabah aniden \u2018yasakl\u0131\u2019 konuma getiren karar, Diyarbak\u0131r 1. Sulh Ceza Mahkemesi taraf\u0131ndan verilmi\u015fti. Blogunda resmi mahkeme karar\u0131n\u0131 g\u00f6r\u00fcp \u2018Allah allah, ben ne yapt\u0131m da mahkemelik oldum\u2019 diyenler \u00e7ok ge\u00e7meden i\u015fin asl\u0131n\u0131 \u00f6\u011frendi: Su\u00e7lar\u0131, d\u00fcnyan\u0131n en b\u00fcy\u00fck blog servis sa\u011flay\u0131c\u0131s\u0131n\u0131n i\u00e7inde, Digiturk Platformu\u2019ndaki Lig TV yay\u0131nlar\u0131n\u0131 izinsiz olarak yay\u0131nlayan baz\u0131 blog sahipleriyle \u2018ayn\u0131 server\u2019\u0131 kullanmakt\u0131. Ba\u015fka bir deyi\u015fle, \u2018sanal kom\u015fular\u0131\u2019 telif hakk\u0131n\u0131 \u00e7i\u011fnedi\u011fi i\u00e7in c\u00fcmb\u00fcr cemaat yasakl\u0131 konuma d\u00fc\u015fm\u00fc\u015flerdi.<br \/>\n\u0130nternet kullan\u0131c\u0131lar\u0131n\u0131 \u00e7ileden \u00e7\u0131karan eri\u015fim yasa\u011f\u0131, \u2018\u015fimdilik\u2019 kald\u0131r\u0131ld\u0131. \u2018turk.internet.com\u2019un haberine g\u00f6re, mahkeme, \u2018Lig TV\u2019 yay\u0131nlar\u0131yla ilgili davada, \u2018ek delil\u2019 toplanana kadar eri\u015fim engelleme karar\u0131n\u0131 sona erdirdi. G\u00f6zler bir sonraki s\u00fcrprizde!<br \/>\n<!--more--><br \/>\nT\u00fcrkiye, YouTube ve Facebook daha dahil 1000\u2019i a\u015fk\u0131n siteye koydu\u011fu yasaklarla d\u00fcnyada da konu\u015fuluyor. Telekom\u00fcnikasyon Kurumu Ba\u015fkan\u0131 Tayfun Acarer ise bu t\u00fcr yasaklardan korunmak i\u00e7in yol g\u00f6sterdi: \u2018T\u00fcrkiye\u2019ye \u00f6zg\u00fc kopya \u00fcretin.\u2019<br \/>\n\u0130nternet yasaklar\u0131na ili\u015fkin gazetecilerin sorular\u0131n\u0131 yan\u0131tlayan Acarer \u00f6zetle \u015fu bilgileri verdi: \u2018T\u00fcm d\u00fcnyada internet sitelerinin eri\u015fime engellenmesi yerine sadece o \u00fclkeye \u00f6zg\u00fc kopyalar\u0131n yasaklanmas\u0131 \u015feklinde bir uygulama var. Bunun i\u00e7in ilgili sitenin o \u00fclkeye \u00f6zg\u00fc kopya \u00fcretmesi gerekiyor. Youtube\u2019un 20 \u00fclkeye \u00f6zg\u00fc kopyas\u0131 var. Ancak T\u00fcrkiye \u2019de yok. Youtube yetkilileriyle g\u00f6r\u00fc\u015ft\u00fck. T\u00fcrkiye\u2019ye \u00f6zg\u00fc kopya \u00fcretmeleri durumunda, sadece zararl\u0131 i\u00e7eri\u011fe engel getirilecek. Youtube, T\u00fcrkiye\u2019nin hassasiyetlerine \u00f6nem vermeli.\u2019<\/p>\n<p>\u2018Bu ba\u015fl\u0131ba\u015f\u0131na sans\u00fcr demek\u2019<br \/>\nSon olayda ma\u011fdur olan blog sahiplerinden Osman B\u00f6r\u00fctecene ise Telekom\u00fcnikasyon Kurumu Ba\u015fkan\u0131 Acarer\u2019in teklifine hi\u00e7 de s\u0131cak bakm\u0131yor:<br \/>\n\u2018B\u00f6yle bir durum sans\u00fcr\u00fcn ta kendisi olur, hi\u00e7bir \u015feyi olumlu olarak de\u011fi\u015ftirmez. T\u00fcrk kullan\u0131c\u0131lar\u0131na \u2018tr\u2019 uzant\u0131l\u0131 bir site \u00f6nermek dedi\u011fim gibi ba\u015fl\u0131ba\u015f\u0131na bir sans\u00fcrd\u00fcr. Kimsenin de b\u00f6yle bir y\u00f6nlendirme yapmaya hakk\u0131 yok.\u2019<\/p>\n<p>Web giri\u015fimcisi (mixxt T\u00fcrkiye \u00fclke sorumlusu) \u015eekip Can G\u00f6kalp da \u00f6neriye so\u011fuk: \u2018YouTube gibi devlerin yabanc\u0131 \u00fclkelerde harcad\u0131klar\u0131 efor, o \u00fclkede ne kadar b\u00fcy\u00fck rekabet oldu\u011fu, ne kadar fazla ticari geri d\u00f6n\u00fc\u015f oldu\u011fu ve \u00fclkenin uzaktan ne derecede y\u00f6netilebilir oldu\u011fu ile ilgili. Ticari olarak aktif olmak isteyen ve T\u00fcrkiye pazar\u0131nda var olmak isteyen firmalar\u0131n zahmet edip T\u00fcrkiye\u2019de ekip kurmalar\u0131 gerekti\u011fi g\u00f6r\u00fc\u015f\u00fcndeyim, ama bu olana kadar d\u00fcnyayla en ba\u011f\u0131ms\u0131z ileti\u015fim kanallar\u0131m\u0131zdan olan bu sitelerin \u015fimdiye kadar g\u00f6rd\u00fc\u011f\u00fcm\u00fcz \u2018G\u00fcc\u00fcm\u00fcz yetiyor, niye kapatmayal\u0131m\u2019 yakla\u015f\u0131m\u0131yla ele al\u0131nmamas\u0131 gerekti\u011fi g\u00f6r\u00fc\u015f\u00fcndeyim. Hijyen, \u00e7evre, vergi, i\u015f\u00e7i haklar\u0131 gibi \u00e7ok daha hayati konularda \u00e7ok daha b\u00fcy\u00fck su\u00e7lar i\u015fleyen yabanc\u0131 firmalara faaliyet durdurma gibi cezalar verilmiyorken, bu yap\u0131lan haks\u0131zl\u0131ktan ba\u015fka bir \u015fey de\u011fildir diye d\u00fc\u015f\u00fcn\u00fcyorum.\u2019<\/p>\n<p>Anayasa \u00e7i\u011fneniyor<br \/>\n\u0130nternet Teknolojileri Derne\u011fi, T\u00fcrkiye Bili\u015fim Derne\u011fi, Linux Kullan\u0131c\u0131lar\u0131 Derne\u011fi, T\u00fcm \u0130nternet Evleri Derne\u011fi, \u00dcniversite ve Ara\u015ft\u0131rma K\u00fct\u00fcphanecileri Derne\u011fi\u2019nin de aralar\u0131nda bulundu\u011fu sivil toplum \u00f6rg\u00fctleri ortaka \u00e7\u0131klama yaparak internetteki yasaklar\u0131 yerden yere vurdu. A\u00e7\u0131klamada T\u00fcrkiye\u2019deki son yasaklamalar\u0131n Anayasa\u2019ya ve hukukun temel ilkelerine ters oldu\u011fu hat\u0131rlat\u0131ld\u0131. Yasaklar\u0131n, su\u00e7luyu de\u011fil, s\u0131radan T\u00fcrk vatanda\u015f\u0131na ve internet \u00fczerinden i\u015f yapmak isteyen, g\u00f6r\u00fc\u015flerini payla\u015fan, T\u00fcrkiye\u2019yi d\u00fcnyaya tan\u0131tmak isteyen giri\u015fimcilere zarar verdi\u011fi vurguland\u0131. Yasaklar, pire i\u00e7in yorgan yakarak adaletsizlik yarat\u0131yor\u2019 denildi. &#8220;<\/p>\n","protected":false},"excerpt":{"rendered":"<p>Radikal: Bloglar \u015fimdilik \u00f6zg\u00fcr 29\/10\/2008, AHMET KIVAN\u00c7 \/ EL\u0130F T\u00dcRK\u00d6LMEZ \u2018Kom\u015fu\u2019lar\u0131 su\u00e7 i\u015fledi\u011fi i\u00e7in ceza alan milyonlarca ki\u015fi, bloglar\u0131na kavu\u015ftu. Telekom\u00fcnikasyon Kurumu ise \u00e7\u00f6z\u00fcm \u00f6nerdi, ama bu da tart\u0131\u015fma yaratt\u0131 ANKARA\/\u0130STANBUL &#8211; Milyonlarca blog yazar\u0131 ve okuyucusunu \u2018cezaland\u0131ran\u2019 eri\u015fim yasa\u011f\u0131 d\u00fcn kald\u0131r\u0131ld\u0131. Blogger ve BlogSpot engellemeleri d\u00fcn mahkeme karar\u0131yla kald\u0131r\u0131ld\u0131. Bloglar ak\u015fam saatlerinde yeniden i\u015fler hale gelmeye ba\u015flad\u0131. \u0130nternette a\u00e7t\u0131\u011f\u0131&#8230;<\/p>\n","protected":false},"author":1,"featured_media":0,"comment_status":"open","ping_status":"closed","sticky":false,"template":"","format":"standard","meta":{"jetpack_post_was_ever_published":false,"_jetpack_newsletter_access":"","_jetpack_dont_email_post_to_subs":false,"_jetpack_newsletter_tier_id":0,"_jetpack_memberships_contains_paywalled_content":false,"_jetpack_memberships_contains_paid_content":false,"footnotes":"","jetpack_publicize_message":"","jetpack_publicize_feature_enabled":true,"jetpack_social_post_already_shared":false,"jetpack_social_options":{"image_generator_settings":{"template":"highway","default_image_id":0,"font":"","enabled":false},"version":2}},"categories":[22,41,21,3],"tags":[],"class_list":["post-208","post","type-post","status-publish","format-standard","hentry","category-5651-nolu-kanun","category-blogger","category-erisim-engelleme","category-sansur"],"jetpack_publicize_connections":[],"jetpack_featured_media_url":"","jetpack_sharing_enabled":true,"jetpack_shortlink":"https:\/\/wp.me\/p7wjA8-3m","jetpack-related-posts":[],"_links":{"self":[{"href":"https:\/\/privacy.cyber-rights.org.tr\/index.php?rest_route=\/wp\/v2\/posts\/208","targetHints":{"allow":["GET"]}}],"collection":[{"href":"https:\/\/privacy.cyber-rights.org.tr\/index.php?rest_route=\/wp\/v2\/posts"}],"about":[{"href":"https:\/\/privacy.cyber-rights.org.tr\/index.php?rest_route=\/wp\/v2\/types\/post"}],"author":[{"embeddable":true,"href":"https:\/\/privacy.cyber-rights.org.tr\/index.php?rest_route=\/wp\/v2\/users\/1"}],"replies":[{"embeddable":true,"href":"https:\/\/privacy.cyber-rights.org.tr\/index.php?rest_route=%2Fwp%2Fv2%2Fcomments&post=208"}],"version-history":[{"count":0,"href":"https:\/\/privacy.cyber-rights.org.tr\/index.php?rest_route=\/wp\/v2\/posts\/208\/revisions"}],"wp:attachment":[{"href":"https:\/\/privacy.cyber-rights.org.tr\/index.php?rest_route=%2Fwp%2Fv2%2Fmedia&parent=208"}],"wp:term":[{"taxonomy":"category","embeddable":true,"href":"https:\/\/privacy.cyber-rights.org.tr\/index.php?rest_route=%2Fwp%2Fv2%2Fcategories&post=208"},{"taxonomy":"post_tag","embeddable":true,"href":"https:\/\/privacy.cyber-rights.org.tr\/index.php?rest_route=%2Fwp%2Fv2%2Ftags&post=208"}],"curies":[{"name":"wp","href":"https:\/\/api.w.org\/{rel}","templated":true}]}}