{"id":209,"date":"2008-10-29T13:44:37","date_gmt":"2008-10-29T10:44:37","guid":{"rendered":"http:\/\/privacy.cyber-rights.org.tr\/?p=209"},"modified":"2008-10-29T13:44:39","modified_gmt":"2008-10-29T10:44:39","slug":"sabah-ab-buyukelcileri-youtubea-ozgurluk","status":"publish","type":"post","link":"https:\/\/privacy.cyber-rights.org.tr\/?p=209","title":{"rendered":"Sabah: AB B\u00fcy\u00fckel\u00e7ileri: YouTube&#8217;a \u00f6zg\u00fcrl\u00fck"},"content":{"rendered":"<p><a href=\"http:\/\/www.sabah.com.tr\/haber,AC43CEC30E51479AA9769A8044B4E571.html\">SABAH &#8211; 29 Ekim 2008, \u00c7ar\u015famba &#8211; AB B\u00fcy\u00fckel\u00e7ileri: YouTube&#8217;a \u00f6zg\u00fcrl\u00fck<\/a><\/p>\n<p>Ankara&#8217;da d\u00fcn yo\u011fun bir AB g\u00fcndemi vard\u0131. AB b\u00fcy\u00fckel\u00e7ileri, D\u0131\u015fi\u015fleri Bakan\u0131 Ali Babacan&#8217;la g\u00f6r\u00fc\u015fmelerinde internetteki yasaklar\u0131 ele\u015ftirdi..<\/p>\n<p>Ankara, Cumhuriyet Bayram\u0131 \u00f6ncesinde AB mesaisi yapt\u0131. AB B\u00fcy\u00fckel\u00e7ileri D\u0131\u015fi\u015fleri Bakan\u0131 Ali Babacan&#8217;\u0131 konuk edip, ba\u015fta YouTube olmak \u00fczere internette uygulanan yasaklar\u0131 ele\u015ftirdi, ifade \u00f6zg\u00fcrl\u00fc\u011f\u00fc alan\u0131nda daha \u00e7ok ilerleme bekledi\u011fini an\u0131msatt\u0131. Babacan ard\u0131ndan \u00c7ankaya K\u00f6\u015fk\u00fc&#8217;nde Cumhurba\u015fkan\u0131 Abdullah G\u00fcl, TBMM Ba\u015fkan\u0131 K\u00f6ksal Toptan, AB Uyum Komisyonu Ba\u015fkan\u0131 Ya\u015far Yak\u0131\u015f ve komisyon \u00fcyelerinin bir araya geldi\u011fi toplant\u0131da reform s\u00fcrecinin h\u0131zland\u0131r\u0131lmas\u0131n\u0131 masaya yat\u0131rd\u0131. AB D\u00f6nem Ba\u015fkan\u0131 Fransa B\u00fcy\u00fckel\u00e7isi Bernard Emie g\u00f6r\u00fc\u015fmelerde, &#8216;\u0130fade \u00f6zg\u00fcrl\u00fc\u011f\u00fc alan\u0131nda, internet ve 301&#8217;in de\u011fi\u015fmi\u015f haliyle uygulanmas\u0131nda ilerleme g\u00f6rmeyi umut ediyoruz&#8217; dedi. Emie&#8217;nin a\u00e7\u0131klamas\u0131, Adalet Bakan\u0131 Mehmet Ali \u015eahin&#8217;in TCK&#8217;n\u0131n de\u011fi\u015ftirilen 301&#8217;nci maddesinin ard\u0131ndan Temel Demirer&#8217;in yarg\u0131lanmas\u0131na izin vermesinin ard\u0131ndan geldi.<\/p>\n","protected":false},"excerpt":{"rendered":"<p>SABAH &#8211; 29 Ekim 2008, \u00c7ar\u015famba &#8211; AB B\u00fcy\u00fckel\u00e7ileri: YouTube&#8217;a \u00f6zg\u00fcrl\u00fck Ankara&#8217;da d\u00fcn yo\u011fun bir AB g\u00fcndemi vard\u0131. AB b\u00fcy\u00fckel\u00e7ileri, D\u0131\u015fi\u015fleri Bakan\u0131 Ali Babacan&#8217;la g\u00f6r\u00fc\u015fmelerinde internetteki yasaklar\u0131 ele\u015ftirdi.. Ankara, Cumhuriyet Bayram\u0131 \u00f6ncesinde AB mesaisi yapt\u0131. AB B\u00fcy\u00fckel\u00e7ileri D\u0131\u015fi\u015fleri Bakan\u0131 Ali Babacan&#8217;\u0131 konuk edip, ba\u015fta YouTube olmak \u00fczere internette uygulanan yasaklar\u0131 ele\u015ftirdi, ifade \u00f6zg\u00fcrl\u00fc\u011f\u00fc alan\u0131nda daha \u00e7ok ilerleme bekledi\u011fini an\u0131msatt\u0131. Babacan&#8230;<\/p>\n","protected":false},"author":1,"featured_media":0,"comment_status":"open","ping_status":"closed","sticky":false,"template":"","format":"standard","meta":{"jetpack_post_was_ever_published":false,"_jetpack_newsletter_access":"","_jetpack_dont_email_post_to_subs":false,"_jetpack_newsletter_tier_id":0,"_jetpack_memberships_contains_paywalled_content":false,"_jetpack_memberships_contains_paid_content":false,"footnotes":"","jetpack_publicize_message":"","jetpack_publicize_feature_enabled":true,"jetpack_social_post_already_shared":false,"jetpack_social_options":{"image_generator_settings":{"template":"highway","default_image_id":0,"font":"","enabled":false},"version":2}},"categories":[22,5,21,3,4],"tags":[],"class_list":["post-209","post","type-post","status-publish","format-standard","hentry","category-5651-nolu-kanun","category-dusunce-ozgurlugu","category-erisim-engelleme","category-sansur","category-youtube"],"jetpack_publicize_connections":[],"jetpack_featured_media_url":"","jetpack_sharing_enabled":true,"jetpack_shortlink":"https:\/\/wp.me\/p7wjA8-3n","jetpack-related-posts":[],"_links":{"self":[{"href":"https:\/\/privacy.cyber-rights.org.tr\/index.php?rest_route=\/wp\/v2\/posts\/209","targetHints":{"allow":["GET"]}}],"collection":[{"href":"https:\/\/privacy.cyber-rights.org.tr\/index.php?rest_route=\/wp\/v2\/posts"}],"about":[{"href":"https:\/\/privacy.cyber-rights.org.tr\/index.php?rest_route=\/wp\/v2\/types\/post"}],"author":[{"embeddable":true,"href":"https:\/\/privacy.cyber-rights.org.tr\/index.php?rest_route=\/wp\/v2\/users\/1"}],"replies":[{"embeddable":true,"href":"https:\/\/privacy.cyber-rights.org.tr\/index.php?rest_route=%2Fwp%2Fv2%2Fcomments&post=209"}],"version-history":[{"count":0,"href":"https:\/\/privacy.cyber-rights.org.tr\/index.php?rest_route=\/wp\/v2\/posts\/209\/revisions"}],"wp:attachment":[{"href":"https:\/\/privacy.cyber-rights.org.tr\/index.php?rest_route=%2Fwp%2Fv2%2Fmedia&parent=209"}],"wp:term":[{"taxonomy":"category","embeddable":true,"href":"https:\/\/privacy.cyber-rights.org.tr\/index.php?rest_route=%2Fwp%2Fv2%2Fcategories&post=209"},{"taxonomy":"post_tag","embeddable":true,"href":"https:\/\/privacy.cyber-rights.org.tr\/index.php?rest_route=%2Fwp%2Fv2%2Ftags&post=209"}],"curies":[{"name":"wp","href":"https:\/\/api.w.org\/{rel}","templated":true}]}}